{"id":37960,"date":"2019-10-08T20:10:02","date_gmt":"2019-10-08T23:10:02","guid":{"rendered":"http:\/\/blogdoeloiltoncajuhy.com.br\/site\/?p=37960"},"modified":"2019-10-08T20:10:09","modified_gmt":"2019-10-08T23:10:09","slug":"mega-inauguracao-center-moveis-e-eletros-em-feira-de-santana-confira","status":"publish","type":"post","link":"https:\/\/blogdoeloiltoncajuhy.com.br\/site\/mega-inauguracao-center-moveis-e-eletros-em-feira-de-santana-confira\/","title":{"rendered":"Mega Inaugura\u00e7\u00e3o Center M\u00f3veis e Eletros em Feira de Santana; confira"},"content":{"rendered":"\n<figure class=\"wp-block-embed-youtube aligncenter wp-block-embed is-type-video is-provider-youtube wp-embed-aspect-16-9 wp-has-aspect-ratio\"><div class=\"wp-block-embed__wrapper\">\n<iframe title=\"Mega Inaugura\u00e7\u00e3o Center M\u00f3veis em Feira de Santana BA\" width=\"800\" height=\"450\" src=\"https:\/\/www.youtube.com\/embed\/gqtHTSiveDY?feature=oembed\" frameborder=\"0\" allow=\"accelerometer; autoplay; encrypted-media; gyroscope; picture-in-picture\" allowfullscreen><\/iframe>\n<\/div><\/figure>\n\n\n\n<p class=\"has-text-color has-medium-font-size has-vivid-cyan-blue-color\"><strong>Aten\u00e7\u00e3o Feira de Santana! Agora \u00e9 pra valer. Mega Inaugura\u00e7\u00e3o da nova loja Center M\u00f3veis e Eletros na Get\u00falio. Se uma j\u00e1 era boa, imagine duas. Segunda, dia 14 de outubro, \u00e0s 08h30 da manh\u00e3 venha conhecer a nova loja Center M\u00f3veis e Eletros na Get\u00falio Vargas, 180, Centro de Feira de Santana. Entrega e montagens gr\u00e1tis em toda regi\u00e3o. Produtos de qualidade com pre\u00e7os imbat\u00edveis.<\/strong><\/p>\n","protected":false},"excerpt":{"rendered":"<p>Aten\u00e7\u00e3o Feira de Santana! Agora \u00e9 pra valer. Mega Inaugura\u00e7\u00e3o da nova loja Center M\u00f3veis e Eletros na Get\u00falio. Se uma j\u00e1 era boa, imagine duas. Segunda, dia 14 de outubro, \u00e0s 08h30 da manh\u00e3 venha conhecer a nova loja Center M\u00f3veis e Eletros na Get\u00falio Vargas, 180, Centro de Feira de Santana. Entrega e [&hellip;]<\/p>\n","protected":false},"author":2,"featured_media":0,"comment_status":"open","ping_status":"open","sticky":false,"template":"","format":"standard","meta":{"_acf_changed":false,"_monsterinsights_skip_tracking":false,"_monsterinsights_sitenote_active":false,"_monsterinsights_sitenote_note":"","_monsterinsights_sitenote_category":0,"_jetpack_memberships_contains_paid_content":false,"footnotes":"","jetpack_publicize_message":"","jetpack_publicize_feature_enabled":true,"jetpack_social_post_already_shared":true,"jetpack_social_options":{"image_generator_settings":{"template":"highway","default_image_id":0,"font":"","enabled":false},"version":2}},"categories":[1,4],"tags":[],"class_list":["post-37960","post","type-post","status-publish","format-standard","hentry","category-noticias","category-local"],"acf":[],"jetpack_publicize_connections":[],"jetpack_featured_media_url":"","jetpack_sharing_enabled":true,"publishpress_future_workflow_manual_trigger":{"enabledWorkflows":[]},"_links":{"self":[{"href":"https:\/\/blogdoeloiltoncajuhy.com.br\/site\/wp-json\/wp\/v2\/posts\/37960","targetHints":{"allow":["GET"]}}],"collection":[{"href":"https:\/\/blogdoeloiltoncajuhy.com.br\/site\/wp-json\/wp\/v2\/posts"}],"about":[{"href":"https:\/\/blogdoeloiltoncajuhy.com.br\/site\/wp-json\/wp\/v2\/types\/post"}],"author":[{"embeddable":true,"href":"https:\/\/blogdoeloiltoncajuhy.com.br\/site\/wp-json\/wp\/v2\/users\/2"}],"replies":[{"embeddable":true,"href":"https:\/\/blogdoeloiltoncajuhy.com.br\/site\/wp-json\/wp\/v2\/comments?post=37960"}],"version-history":[{"count":1,"href":"https:\/\/blogdoeloiltoncajuhy.com.br\/site\/wp-json\/wp\/v2\/posts\/37960\/revisions"}],"predecessor-version":[{"id":37961,"href":"https:\/\/blogdoeloiltoncajuhy.com.br\/site\/wp-json\/wp\/v2\/posts\/37960\/revisions\/37961"}],"wp:attachment":[{"href":"https:\/\/blogdoeloiltoncajuhy.com.br\/site\/wp-json\/wp\/v2\/media?parent=37960"}],"wp:term":[{"taxonomy":"category","embeddable":true,"href":"https:\/\/blogdoeloiltoncajuhy.com.br\/site\/wp-json\/wp\/v2\/categories?post=37960"},{"taxonomy":"post_tag","embeddable":true,"href":"https:\/\/blogdoeloiltoncajuhy.com.br\/site\/wp-json\/wp\/v2\/tags?post=37960"}],"curies":[{"name":"wp","href":"https:\/\/api.w.org\/{rel}","templated":true}]}}