{"id":37957,"date":"2019-10-08T11:19:20","date_gmt":"2019-10-08T14:19:20","guid":{"rendered":"http:\/\/blogdoeloiltoncajuhy.com.br\/site\/?p=37957"},"modified":"2019-10-08T11:19:27","modified_gmt":"2019-10-08T14:19:27","slug":"procurador-juridico-da-prefeitura-de-jaguarari-esclarece-questoes-que-envolvem-os-recursos-do-fundef","status":"publish","type":"post","link":"https:\/\/blogdoeloiltoncajuhy.com.br\/site\/procurador-juridico-da-prefeitura-de-jaguarari-esclarece-questoes-que-envolvem-os-recursos-do-fundef\/","title":{"rendered":"Procurador Jur\u00eddico da prefeitura de Jaguarari esclarece quest\u00f5es que envolvem os recursos do Fundef"},"content":{"rendered":"\n<p><strong>ASCOM &#8211; Prefeitura de Jaguarari-BA<\/strong><\/p>\n\n\n\n<div class=\"wp-block-image\"><figure class=\"aligncenter\"><img fetchpriority=\"high\" decoding=\"async\" width=\"1152\" height=\"648\" src=\"https:\/\/i2.wp.com\/blogdoeloiltoncajuhy.com.br\/site\/wp-content\/uploads\/2019\/10\/PMJ_Procurador.jpg?fit=590%2C332\" alt=\"\" class=\"wp-image-37958\" srcset=\"https:\/\/i0.wp.com\/blogdoeloiltoncajuhy.com.br\/site\/wp-content\/uploads\/2019\/10\/PMJ_Procurador.jpg?w=1152&amp;ssl=1 1152w, https:\/\/i0.wp.com\/blogdoeloiltoncajuhy.com.br\/site\/wp-content\/uploads\/2019\/10\/PMJ_Procurador.jpg?resize=300%2C169&amp;ssl=1 300w, https:\/\/i0.wp.com\/blogdoeloiltoncajuhy.com.br\/site\/wp-content\/uploads\/2019\/10\/PMJ_Procurador.jpg?resize=768%2C432&amp;ssl=1 768w, https:\/\/i0.wp.com\/blogdoeloiltoncajuhy.com.br\/site\/wp-content\/uploads\/2019\/10\/PMJ_Procurador.jpg?resize=1024%2C576&amp;ssl=1 1024w, https:\/\/i0.wp.com\/blogdoeloiltoncajuhy.com.br\/site\/wp-content\/uploads\/2019\/10\/PMJ_Procurador.jpg?resize=250%2C141&amp;ssl=1 250w\" sizes=\"(max-width: 800px) 100vw, 800px\" \/><\/figure><\/div>\n\n\n\n<p>Muito tem se debatido nos \u00faltimos dias sobre os Precat\u00f3rios do Fundef e a utiliza\u00e7\u00e3o desses recursos. Os professores contestam e vem buscando a todo custo o rateio de 60% do valor recebido pelas prefeituras de todo o pa\u00eds.<\/p>\n\n\n\n<p>No munic\u00edpio de Jaguarari, esse tema tem despertado muita confus\u00e3o na forma como o sindicato dos servidores tem interpretado as determina\u00e7\u00f5es nos \u00e2mbitos federais e estaduais que pro\u00edbem o rateio. Nesta segunda-feira (07), o Procurador Jur\u00eddico da prefeitura de Jaguarari, Allan Abbehusen de Santana, concedeu entrevista \u00e0 Radio Lideran\u00e7a FM e exp\u00f4s diversas raz\u00f5es para a n\u00e3o realiza\u00e7\u00e3o do rateio do recurso do Fundef com os professores, mesmo o prefeito expressando o seu desejo desde o in\u00edcio de realizar.<\/p>\n\n\n\n<p>Em sua fala, o procurador do munic\u00edpio de Jaguarari ressaltou que o Tribunal de Contas da Uni\u00e3o \u2013 TCU, Minist\u00e9rio Publico nos \u00e2mbitos federal e estadual, baixaram determina\u00e7\u00f5es n\u00e3o permitindo que as prefeituras utilizassem esse recurso para complementar o salario dos professores.<\/p>\n\n\n\n<p>Ainda segundo o procurador, prefeitos de v\u00e1rios munic\u00edpios do Brasil que fizeram o rateio est\u00e3o sofrendo a\u00e7\u00f5es penais e de improbidade administrativa para devolver ao er\u00e1rio esse valor repassado aos professores de forma indevida.<\/p>\n\n\n\n<p>O procurador leu recomenda\u00e7\u00e3o do MP e o parecer do TCU no acordum 014413\/2019 que fala sobre o tema. No item 15 aborda: <em>\u201cA presente solicita\u00e7\u00e3o carece justamente de viabilidade jur\u00eddica. Os pagamentos que a presente solicita\u00e7\u00e3o visa garantir foram considerados ilegais pelo TCU\u201d<\/em>.<\/p>\n\n\n\n<p>O procurador finaliza sua entrevista afirmando que desejo o prefeito sempre demonstrou para realizar esse rateio, mas ele como procurador tem o dever de mostrar o caminho legal de como deva ser usado esse recurso.<\/p>\n\n\n\n<p>Ficou agendado para a pr\u00f3xima quinta-feira a ida da Promotora de Jaguarari, Dr\u00aa Joseane Mendes Nunes, \u00e0 R\u00e1dio Lideran\u00e7a para uma entrevista ao radialista Walterley Kuhin para falar sobre esse tema.<\/p>\n","protected":false},"excerpt":{"rendered":"<p>ASCOM &#8211; Prefeitura de Jaguarari-BA Muito tem se debatido nos \u00faltimos dias sobre os Precat\u00f3rios do Fundef e a utiliza\u00e7\u00e3o desses recursos. Os professores contestam e vem buscando a todo custo o rateio de 60% do valor recebido pelas prefeituras de todo o pa\u00eds. No munic\u00edpio de Jaguarari, esse tema tem despertado muita confus\u00e3o na [&hellip;]<\/p>\n","protected":false},"author":2,"featured_media":37958,"comment_status":"open","ping_status":"open","sticky":false,"template":"","format":"standard","meta":{"_acf_changed":false,"_monsterinsights_skip_tracking":false,"_monsterinsights_sitenote_active":false,"_monsterinsights_sitenote_note":"","_monsterinsights_sitenote_category":0,"_jetpack_memberships_contains_paid_content":false,"footnotes":"","jetpack_publicize_message":"","jetpack_publicize_feature_enabled":true,"jetpack_social_post_already_shared":true,"jetpack_social_options":{"image_generator_settings":{"template":"highway","default_image_id":0,"font":"","enabled":false},"version":2}},"categories":[1,3,4],"tags":[],"class_list":["post-37957","post","type-post","status-publish","format-standard","has-post-thumbnail","hentry","category-noticias","category-politica","category-local"],"acf":[],"jetpack_publicize_connections":[],"jetpack_featured_media_url":"https:\/\/i0.wp.com\/blogdoeloiltoncajuhy.com.br\/site\/wp-content\/uploads\/2019\/10\/PMJ_Procurador.jpg?fit=1152%2C648&ssl=1","jetpack_sharing_enabled":true,"publishpress_future_workflow_manual_trigger":{"enabledWorkflows":[]},"_links":{"self":[{"href":"https:\/\/blogdoeloiltoncajuhy.com.br\/site\/wp-json\/wp\/v2\/posts\/37957","targetHints":{"allow":["GET"]}}],"collection":[{"href":"https:\/\/blogdoeloiltoncajuhy.com.br\/site\/wp-json\/wp\/v2\/posts"}],"about":[{"href":"https:\/\/blogdoeloiltoncajuhy.com.br\/site\/wp-json\/wp\/v2\/types\/post"}],"author":[{"embeddable":true,"href":"https:\/\/blogdoeloiltoncajuhy.com.br\/site\/wp-json\/wp\/v2\/users\/2"}],"replies":[{"embeddable":true,"href":"https:\/\/blogdoeloiltoncajuhy.com.br\/site\/wp-json\/wp\/v2\/comments?post=37957"}],"version-history":[{"count":1,"href":"https:\/\/blogdoeloiltoncajuhy.com.br\/site\/wp-json\/wp\/v2\/posts\/37957\/revisions"}],"predecessor-version":[{"id":37959,"href":"https:\/\/blogdoeloiltoncajuhy.com.br\/site\/wp-json\/wp\/v2\/posts\/37957\/revisions\/37959"}],"wp:featuredmedia":[{"embeddable":true,"href":"https:\/\/blogdoeloiltoncajuhy.com.br\/site\/wp-json\/wp\/v2\/media\/37958"}],"wp:attachment":[{"href":"https:\/\/blogdoeloiltoncajuhy.com.br\/site\/wp-json\/wp\/v2\/media?parent=37957"}],"wp:term":[{"taxonomy":"category","embeddable":true,"href":"https:\/\/blogdoeloiltoncajuhy.com.br\/site\/wp-json\/wp\/v2\/categories?post=37957"},{"taxonomy":"post_tag","embeddable":true,"href":"https:\/\/blogdoeloiltoncajuhy.com.br\/site\/wp-json\/wp\/v2\/tags?post=37957"}],"curies":[{"name":"wp","href":"https:\/\/api.w.org\/{rel}","templated":true}]}}