{"id":37955,"date":"2019-10-08T06:35:32","date_gmt":"2019-10-08T09:35:32","guid":{"rendered":"http:\/\/blogdoeloiltoncajuhy.com.br\/site\/?p=37955"},"modified":"2019-10-08T06:35:39","modified_gmt":"2019-10-08T09:35:39","slug":"camara-municipal-de-senhor-do-bonfim-nao-realiza-sessao-nesta-terca-feira-08","status":"publish","type":"post","link":"https:\/\/blogdoeloiltoncajuhy.com.br\/site\/camara-municipal-de-senhor-do-bonfim-nao-realiza-sessao-nesta-terca-feira-08\/","title":{"rendered":"C\u00e2mara Municipal de Senhor do Bonfim n\u00e3o realiza sess\u00e3o nesta ter\u00e7a-feira (08)"},"content":{"rendered":"\n<p><strong>Assessoria de Comunica\u00e7\u00e3o<\/strong><br>C\u00e2mara Municipal de Senhor do Bonfim-BA<\/p>\n\n\n\n<div class=\"wp-block-image\"><figure class=\"aligncenter is-resized\"><img data-recalc-dims=\"1\" fetchpriority=\"high\" decoding=\"async\" src=\"https:\/\/i0.wp.com\/blogdoeloiltoncajuhy.com.br\/site\/wp-content\/uploads\/2019\/02\/C%C3%A2mara-Municipal-de-Senhor-do-Bonfim-0912.jpg?resize=512%2C341\" alt=\"\" class=\"wp-image-31832\" width=\"512\" height=\"341\" srcset=\"https:\/\/i0.wp.com\/blogdoeloiltoncajuhy.com.br\/site\/wp-content\/uploads\/2019\/02\/C%C3%A2mara-Municipal-de-Senhor-do-Bonfim-0912.jpg?resize=1024%2C682&amp;ssl=1 1024w, https:\/\/i0.wp.com\/blogdoeloiltoncajuhy.com.br\/site\/wp-content\/uploads\/2019\/02\/C%C3%A2mara-Municipal-de-Senhor-do-Bonfim-0912.jpg?resize=300%2C200&amp;ssl=1 300w, https:\/\/i0.wp.com\/blogdoeloiltoncajuhy.com.br\/site\/wp-content\/uploads\/2019\/02\/C%C3%A2mara-Municipal-de-Senhor-do-Bonfim-0912.jpg?resize=768%2C512&amp;ssl=1 768w, https:\/\/i0.wp.com\/blogdoeloiltoncajuhy.com.br\/site\/wp-content\/uploads\/2019\/02\/C%C3%A2mara-Municipal-de-Senhor-do-Bonfim-0912.jpg?resize=250%2C167&amp;ssl=1 250w, https:\/\/i0.wp.com\/blogdoeloiltoncajuhy.com.br\/site\/wp-content\/uploads\/2019\/02\/C%C3%A2mara-Municipal-de-Senhor-do-Bonfim-0912.jpg?w=1280&amp;ssl=1 1280w\" sizes=\"(max-width: 512px) 100vw, 512px\" \/><\/figure><\/div>\n\n\n\n<p>A C\u00e2mara Municipal de Senhor do Bonfim, atrav\u00e9s da mesa diretora e com o apoio da maioria dos vereadores, suspendeu a sess\u00e3o ordin\u00e1ria prevista para ocorrer na noite desta ter\u00e7a-feira, dia 08 de outubro, em virtude do falecimento da ex-prefeita de Ant\u00f4nio Gon\u00e7alves, <strong>Araguacy Fonseca Gon\u00e7alves da Silva<\/strong>.<\/p>\n\n\n\n<p>Araguacy foi a primeira prefeita a governar o munic\u00edpio de Ant\u00f4nio Gon\u00e7alves entre os anos de 1963 a 1966, tamb\u00e9m foi vereadora de Campo Formoso no per\u00edodo de 1959 a 1962 e Deputada Estadual entre os anos de 1967 a 1971.<\/p>\n\n\n\n<p>Em virtude do fato, a C\u00e2mara Municipal de Senhor do Bonfim, suspendeu as atividades legislativas desta ter\u00e7a-feira, que dever\u00e3o ser retomadas na pr\u00f3xima sess\u00e3o, dia 10 de outubro, quinta-feira.<\/p>\n\n\n\n<p>A C\u00e2mara Municipal, em nome dos vereadores e de seus funcion\u00e1rios, muito respeitosamente, presta condol\u00eancias e deixa os mais sinceros p\u00easames a fam\u00edlia.<\/p>\n","protected":false},"excerpt":{"rendered":"<p>Assessoria de Comunica\u00e7\u00e3oC\u00e2mara Municipal de Senhor do Bonfim-BA A C\u00e2mara Municipal de Senhor do Bonfim, atrav\u00e9s da mesa diretora e com o apoio da maioria dos vereadores, suspendeu a sess\u00e3o ordin\u00e1ria prevista para ocorrer na noite desta ter\u00e7a-feira, dia 08 de outubro, em virtude do falecimento da ex-prefeita de Ant\u00f4nio Gon\u00e7alves, Araguacy Fonseca Gon\u00e7alves da [&hellip;]<\/p>\n","protected":false},"author":2,"featured_media":0,"comment_status":"open","ping_status":"open","sticky":false,"template":"","format":"standard","meta":{"_acf_changed":false,"_monsterinsights_skip_tracking":false,"_monsterinsights_sitenote_active":false,"_monsterinsights_sitenote_note":"","_monsterinsights_sitenote_category":0,"_jetpack_memberships_contains_paid_content":false,"footnotes":"","jetpack_publicize_message":"","jetpack_publicize_feature_enabled":true,"jetpack_social_post_already_shared":true,"jetpack_social_options":{"image_generator_settings":{"template":"highway","default_image_id":0,"font":"","enabled":false},"version":2}},"categories":[1,3,4],"tags":[],"class_list":["post-37955","post","type-post","status-publish","format-standard","hentry","category-noticias","category-politica","category-local"],"acf":[],"jetpack_publicize_connections":[],"jetpack_featured_media_url":"","jetpack_sharing_enabled":true,"publishpress_future_workflow_manual_trigger":{"enabledWorkflows":[]},"_links":{"self":[{"href":"https:\/\/blogdoeloiltoncajuhy.com.br\/site\/wp-json\/wp\/v2\/posts\/37955","targetHints":{"allow":["GET"]}}],"collection":[{"href":"https:\/\/blogdoeloiltoncajuhy.com.br\/site\/wp-json\/wp\/v2\/posts"}],"about":[{"href":"https:\/\/blogdoeloiltoncajuhy.com.br\/site\/wp-json\/wp\/v2\/types\/post"}],"author":[{"embeddable":true,"href":"https:\/\/blogdoeloiltoncajuhy.com.br\/site\/wp-json\/wp\/v2\/users\/2"}],"replies":[{"embeddable":true,"href":"https:\/\/blogdoeloiltoncajuhy.com.br\/site\/wp-json\/wp\/v2\/comments?post=37955"}],"version-history":[{"count":1,"href":"https:\/\/blogdoeloiltoncajuhy.com.br\/site\/wp-json\/wp\/v2\/posts\/37955\/revisions"}],"predecessor-version":[{"id":37956,"href":"https:\/\/blogdoeloiltoncajuhy.com.br\/site\/wp-json\/wp\/v2\/posts\/37955\/revisions\/37956"}],"wp:attachment":[{"href":"https:\/\/blogdoeloiltoncajuhy.com.br\/site\/wp-json\/wp\/v2\/media?parent=37955"}],"wp:term":[{"taxonomy":"category","embeddable":true,"href":"https:\/\/blogdoeloiltoncajuhy.com.br\/site\/wp-json\/wp\/v2\/categories?post=37955"},{"taxonomy":"post_tag","embeddable":true,"href":"https:\/\/blogdoeloiltoncajuhy.com.br\/site\/wp-json\/wp\/v2\/tags?post=37955"}],"curies":[{"name":"wp","href":"https:\/\/api.w.org\/{rel}","templated":true}]}}