{"id":37952,"date":"2019-10-08T06:30:11","date_gmt":"2019-10-08T09:30:11","guid":{"rendered":"http:\/\/blogdoeloiltoncajuhy.com.br\/site\/?p=37952"},"modified":"2019-10-08T06:30:17","modified_gmt":"2019-10-08T09:30:17","slug":"confira-quem-sao-os-cinco-novos-conselheiros-tutelares-de-senhor-do-bonfim","status":"publish","type":"post","link":"https:\/\/blogdoeloiltoncajuhy.com.br\/site\/confira-quem-sao-os-cinco-novos-conselheiros-tutelares-de-senhor-do-bonfim\/","title":{"rendered":"Confira quem s\u00e3o os cinco novos conselheiros tutelares de Senhor do Bonfim"},"content":{"rendered":"\n<p><strong>ASCOM &#8211; Prefeitura Municipal de Senhor do Bonfim &#8211; BA<\/strong><\/p>\n\n\n\n<div class=\"wp-block-image\"><figure class=\"aligncenter is-resized\"><img data-recalc-dims=\"1\" fetchpriority=\"high\" decoding=\"async\" src=\"https:\/\/i0.wp.com\/blogdoeloiltoncajuhy.com.br\/site\/wp-content\/uploads\/2019\/10\/PMSB_conselho-tutelar-copy.png?resize=514%2C326\" alt=\"\" class=\"wp-image-37953\" width=\"514\" height=\"326\" srcset=\"https:\/\/i0.wp.com\/blogdoeloiltoncajuhy.com.br\/site\/wp-content\/uploads\/2019\/10\/PMSB_conselho-tutelar-copy.png?w=685&amp;ssl=1 685w, https:\/\/i0.wp.com\/blogdoeloiltoncajuhy.com.br\/site\/wp-content\/uploads\/2019\/10\/PMSB_conselho-tutelar-copy.png?resize=300%2C191&amp;ssl=1 300w, https:\/\/i0.wp.com\/blogdoeloiltoncajuhy.com.br\/site\/wp-content\/uploads\/2019\/10\/PMSB_conselho-tutelar-copy.png?resize=250%2C159&amp;ssl=1 250w\" sizes=\"(max-width: 514px) 100vw, 514px\" \/><\/figure><\/div>\n\n\n\n<p>No \u00faltimo domingo, 6 de outubro, 3.681 eleitores de senhor do Bonfim foram as urnas de forma facultativa, para escolher os novos conselheiros tutelares para a gest\u00e3o 2020 a 2024.<\/p>\n\n\n\n<p>A elei\u00e7\u00e3o contou com a participa\u00e7\u00e3o de 15 candidatos para 5 vagas. A vota\u00e7\u00e3o come\u00e7ou \u00e0s 8h e se concentrou em 6 locais de vota\u00e7\u00e3o na cidade e no interior do munic\u00edpio, at\u00e9 \u00e0s 17 horas.<\/p>\n\n\n\n<p>Respons\u00e1veis pelo atendimento a crian\u00e7as e adolescentes cujos direitos s\u00e3o amea\u00e7ados ou violados, os conselheiros tutelares eleitos v\u00e3o assumir a fun\u00e7\u00e3o a partir do dia 10 de janeiro de 2020.<\/p>\n\n\n\n<p><strong>Conhe\u00e7a os cinco candidatos escolhidos pelo voto direto e os respectivos suplentes<\/strong>:<\/p>\n\n\n\n<p><strong><em>Titulares<\/em><\/strong><br>Josce, Z\u00e9 Raimundo, Grazi, Marcel\u00e3o e Joelya.<\/p>\n\n\n\n<p><strong><em>Suplentes<\/em><\/strong><br>Benedita, Jacs\u00e3n, Rita, Cris e Erivelton.<\/p>\n","protected":false},"excerpt":{"rendered":"<p>ASCOM &#8211; Prefeitura Municipal de Senhor do Bonfim &#8211; BA No \u00faltimo domingo, 6 de outubro, 3.681 eleitores de senhor do Bonfim foram as urnas de forma facultativa, para escolher os novos conselheiros tutelares para a gest\u00e3o 2020 a 2024. A elei\u00e7\u00e3o contou com a participa\u00e7\u00e3o de 15 candidatos para 5 vagas. A vota\u00e7\u00e3o come\u00e7ou [&hellip;]<\/p>\n","protected":false},"author":2,"featured_media":37953,"comment_status":"open","ping_status":"open","sticky":false,"template":"","format":"standard","meta":{"_acf_changed":false,"_monsterinsights_skip_tracking":false,"_monsterinsights_sitenote_active":false,"_monsterinsights_sitenote_note":"","_monsterinsights_sitenote_category":0,"_jetpack_memberships_contains_paid_content":false,"footnotes":"","jetpack_publicize_message":"","jetpack_publicize_feature_enabled":true,"jetpack_social_post_already_shared":true,"jetpack_social_options":{"image_generator_settings":{"template":"highway","default_image_id":0,"font":"","enabled":false},"version":2}},"categories":[1,4],"tags":[],"class_list":["post-37952","post","type-post","status-publish","format-standard","has-post-thumbnail","hentry","category-noticias","category-local"],"acf":[],"jetpack_publicize_connections":[],"jetpack_featured_media_url":"https:\/\/i0.wp.com\/blogdoeloiltoncajuhy.com.br\/site\/wp-content\/uploads\/2019\/10\/PMSB_conselho-tutelar-copy.png?fit=685%2C435&ssl=1","jetpack_sharing_enabled":true,"publishpress_future_workflow_manual_trigger":{"enabledWorkflows":[]},"_links":{"self":[{"href":"https:\/\/blogdoeloiltoncajuhy.com.br\/site\/wp-json\/wp\/v2\/posts\/37952","targetHints":{"allow":["GET"]}}],"collection":[{"href":"https:\/\/blogdoeloiltoncajuhy.com.br\/site\/wp-json\/wp\/v2\/posts"}],"about":[{"href":"https:\/\/blogdoeloiltoncajuhy.com.br\/site\/wp-json\/wp\/v2\/types\/post"}],"author":[{"embeddable":true,"href":"https:\/\/blogdoeloiltoncajuhy.com.br\/site\/wp-json\/wp\/v2\/users\/2"}],"replies":[{"embeddable":true,"href":"https:\/\/blogdoeloiltoncajuhy.com.br\/site\/wp-json\/wp\/v2\/comments?post=37952"}],"version-history":[{"count":1,"href":"https:\/\/blogdoeloiltoncajuhy.com.br\/site\/wp-json\/wp\/v2\/posts\/37952\/revisions"}],"predecessor-version":[{"id":37954,"href":"https:\/\/blogdoeloiltoncajuhy.com.br\/site\/wp-json\/wp\/v2\/posts\/37952\/revisions\/37954"}],"wp:featuredmedia":[{"embeddable":true,"href":"https:\/\/blogdoeloiltoncajuhy.com.br\/site\/wp-json\/wp\/v2\/media\/37953"}],"wp:attachment":[{"href":"https:\/\/blogdoeloiltoncajuhy.com.br\/site\/wp-json\/wp\/v2\/media?parent=37952"}],"wp:term":[{"taxonomy":"category","embeddable":true,"href":"https:\/\/blogdoeloiltoncajuhy.com.br\/site\/wp-json\/wp\/v2\/categories?post=37952"},{"taxonomy":"post_tag","embeddable":true,"href":"https:\/\/blogdoeloiltoncajuhy.com.br\/site\/wp-json\/wp\/v2\/tags?post=37952"}],"curies":[{"name":"wp","href":"https:\/\/api.w.org\/{rel}","templated":true}]}}