{"id":37893,"date":"2019-10-05T11:00:01","date_gmt":"2019-10-05T14:00:01","guid":{"rendered":"http:\/\/blogdoeloiltoncajuhy.com.br\/site\/?p=37893"},"modified":"2019-10-05T11:00:08","modified_gmt":"2019-10-05T14:00:08","slug":"novo-bispo-da-diocese-de-senhor-do-bonfim-toma-posse-neste-domingo-06","status":"publish","type":"post","link":"https:\/\/blogdoeloiltoncajuhy.com.br\/site\/novo-bispo-da-diocese-de-senhor-do-bonfim-toma-posse-neste-domingo-06\/","title":{"rendered":"Novo Bispo da Diocese de Senhor do Bonfim toma posse neste domingo (06)"},"content":{"rendered":"\n<p><strong>BLOG DO ELOILTON CAJUHY<\/strong><\/p>\n\n\n\n<div class=\"wp-block-image\"><figure class=\"aligncenter is-resized\"><img data-recalc-dims=\"1\" fetchpriority=\"high\" decoding=\"async\" src=\"https:\/\/i0.wp.com\/blogdoeloiltoncajuhy.com.br\/site\/wp-content\/uploads\/2019\/10\/NovoBispoOrdena%C3%A7%C3%A3o-Dom-Hernaldo.jpeg?resize=286%2C381\" alt=\"\" class=\"wp-image-37894\" width=\"286\" height=\"381\" srcset=\"https:\/\/i0.wp.com\/blogdoeloiltoncajuhy.com.br\/site\/wp-content\/uploads\/2019\/10\/NovoBispoOrdena%C3%A7%C3%A3o-Dom-Hernaldo.jpeg?w=225&amp;ssl=1 225w, https:\/\/i0.wp.com\/blogdoeloiltoncajuhy.com.br\/site\/wp-content\/uploads\/2019\/10\/NovoBispoOrdena%C3%A7%C3%A3o-Dom-Hernaldo.jpeg?resize=188%2C250&amp;ssl=1 188w\" sizes=\"(max-width: 286px) 100vw, 286px\" \/><\/figure><\/div>\n\n\n\n<p>O novo Bispo da Diocese de Senhor do Bonfim, Dom Hernaldo Pinto Farias, ser\u00e1 empossado neste domingo (06), em atos solenes que ter\u00e3o in\u00edcio \u00e0s 9h da manh\u00e3, com concentra\u00e7\u00e3o na Pra\u00e7a Sim\u00f5es Filho (Lagoa).<\/p>\n\n\n\n<p>Em seguida, haver\u00e1 um breve ato solene de entrega simb\u00f3lica da chave da cidade, ao novo bispo, pelo Prefeito Carlos Brasileiro, em frente \u00e0 prefeitura. Depois, a solenidade de posse de Dom Hernaldo e celebra\u00e7\u00e3o da primeira missa pelo novo Bispo.<\/p>\n\n\n\n<p>Caravanas de v\u00e1rias cidades que formam a Diocese s\u00e3o esperadas em Senhor do Bonfim para a posse de Dom Hernaldo Pinto Farias. Todo o evento ter\u00e1 a cobertura ao vivo da R\u00e1dio Cara\u00edba.<\/p>\n\n\n\n<p>A Diocese de Senhor do Bonfim pertence \u00e0 Regional Nordeste 3 da Confer\u00eancia Nacional dos Bispos do Brasil. Foi criada em  de abril de 1933 pelo Papa Pio XI.<\/p>\n\n\n\n<p>A abrang\u00eancia da Diocese \u00e9 composta de vinte e seis Par\u00f3quias, distribu\u00eddas em vinte e sete munic\u00edpios:<\/p>\n\n\n\n<p><em>Andorinha, Ant\u00f4nio Gon\u00e7alves, Ca\u00e9m, Campo Formoso, Cansan\u00e7\u00e3o, Capim Grosso, Filad\u00e9lfia, Iti\u00faba, Jacobina, Jaguarari, Mirangaba, Monte Santo, Nordestina, Ourol\u00e2ndia, Pindoba\u00e7u, Ponto Novo, Queimadas, Sa\u00fade, Serrol\u00e2ndia, Umburanas, V\u00e1rzea Nova, S\u00e3o Jos\u00e9 do Jacu\u00edpe<\/em>.<\/p>\n\n\n\n<p>Dom Hernaldo \u00e9 o s\u00e9timo Bispo da nossa Diocese. <strong>Confira seus antecessores:<\/strong><\/p>\n\n\n\n<p>6\u00b0 Dom Francisco Canind\u00e9 Palhano &#8211; 2006-2018 (Nomeado Bispo de Petrolina-PE)<br>5\u00b0 Dom Jairo Rui Matos da Silva &#8211; 1974-2006<br>4\u00b0 Dom Ant\u00f4nio de Mendon\u00e7a Monteiro &#8211; 1957-1972<br>3\u00b0 Dom Jos\u00e9 Alves de S\u00e1 Trindade &#8211; 1948-1956<br>2\u00b0 Dom Frei Henrique Hector Golland Trindade, O.F.M. &#8211; 1941-1948<br>1\u00b0 Dom Hugo Bressane de Ara\u00fajo &#8211; 1935-1940<\/p>\n","protected":false},"excerpt":{"rendered":"<p>BLOG DO ELOILTON CAJUHY O novo Bispo da Diocese de Senhor do Bonfim, Dom Hernaldo Pinto Farias, ser\u00e1 empossado neste domingo (06), em atos solenes que ter\u00e3o in\u00edcio \u00e0s 9h da manh\u00e3, com concentra\u00e7\u00e3o na Pra\u00e7a Sim\u00f5es Filho (Lagoa). Em seguida, haver\u00e1 um breve ato solene de entrega simb\u00f3lica da chave da cidade, ao novo [&hellip;]<\/p>\n","protected":false},"author":2,"featured_media":37894,"comment_status":"open","ping_status":"open","sticky":false,"template":"","format":"standard","meta":{"_acf_changed":false,"_monsterinsights_skip_tracking":false,"_monsterinsights_sitenote_active":false,"_monsterinsights_sitenote_note":"","_monsterinsights_sitenote_category":0,"_jetpack_memberships_contains_paid_content":false,"footnotes":"","jetpack_publicize_message":"","jetpack_publicize_feature_enabled":true,"jetpack_social_post_already_shared":true,"jetpack_social_options":{"image_generator_settings":{"template":"highway","default_image_id":0,"font":"","enabled":false},"version":2}},"categories":[1,4],"tags":[],"class_list":["post-37893","post","type-post","status-publish","format-standard","has-post-thumbnail","hentry","category-noticias","category-local"],"acf":[],"jetpack_publicize_connections":[],"jetpack_featured_media_url":"https:\/\/i0.wp.com\/blogdoeloiltoncajuhy.com.br\/site\/wp-content\/uploads\/2019\/10\/NovoBispoOrdena%C3%A7%C3%A3o-Dom-Hernaldo.jpeg?fit=225%2C300&ssl=1","jetpack_sharing_enabled":true,"publishpress_future_workflow_manual_trigger":{"enabledWorkflows":[]},"_links":{"self":[{"href":"https:\/\/blogdoeloiltoncajuhy.com.br\/site\/wp-json\/wp\/v2\/posts\/37893","targetHints":{"allow":["GET"]}}],"collection":[{"href":"https:\/\/blogdoeloiltoncajuhy.com.br\/site\/wp-json\/wp\/v2\/posts"}],"about":[{"href":"https:\/\/blogdoeloiltoncajuhy.com.br\/site\/wp-json\/wp\/v2\/types\/post"}],"author":[{"embeddable":true,"href":"https:\/\/blogdoeloiltoncajuhy.com.br\/site\/wp-json\/wp\/v2\/users\/2"}],"replies":[{"embeddable":true,"href":"https:\/\/blogdoeloiltoncajuhy.com.br\/site\/wp-json\/wp\/v2\/comments?post=37893"}],"version-history":[{"count":1,"href":"https:\/\/blogdoeloiltoncajuhy.com.br\/site\/wp-json\/wp\/v2\/posts\/37893\/revisions"}],"predecessor-version":[{"id":37895,"href":"https:\/\/blogdoeloiltoncajuhy.com.br\/site\/wp-json\/wp\/v2\/posts\/37893\/revisions\/37895"}],"wp:featuredmedia":[{"embeddable":true,"href":"https:\/\/blogdoeloiltoncajuhy.com.br\/site\/wp-json\/wp\/v2\/media\/37894"}],"wp:attachment":[{"href":"https:\/\/blogdoeloiltoncajuhy.com.br\/site\/wp-json\/wp\/v2\/media?parent=37893"}],"wp:term":[{"taxonomy":"category","embeddable":true,"href":"https:\/\/blogdoeloiltoncajuhy.com.br\/site\/wp-json\/wp\/v2\/categories?post=37893"},{"taxonomy":"post_tag","embeddable":true,"href":"https:\/\/blogdoeloiltoncajuhy.com.br\/site\/wp-json\/wp\/v2\/tags?post=37893"}],"curies":[{"name":"wp","href":"https:\/\/api.w.org\/{rel}","templated":true}]}}