{"id":37890,"date":"2019-10-05T08:32:34","date_gmt":"2019-10-05T11:32:34","guid":{"rendered":"http:\/\/blogdoeloiltoncajuhy.com.br\/site\/?p=37890"},"modified":"2019-10-05T08:32:41","modified_gmt":"2019-10-05T11:32:41","slug":"prefeito-de-jaguarari-recebe-do-governo-do-estado-duas-novas-viaturas-para-policia-militar","status":"publish","type":"post","link":"https:\/\/blogdoeloiltoncajuhy.com.br\/site\/prefeito-de-jaguarari-recebe-do-governo-do-estado-duas-novas-viaturas-para-policia-militar\/","title":{"rendered":"Prefeito de Jaguarari recebe do governo do Estado duas novas viaturas para Pol\u00edcia Militar"},"content":{"rendered":"\n<p><strong>ASCOM &#8211; Prefeitura de Jaguarari-BA<\/strong><\/p>\n\n\n\n<div class=\"wp-block-image\"><figure class=\"aligncenter is-resized\"><img fetchpriority=\"high\" decoding=\"async\" src=\"https:\/\/i0.wp.com\/blogdoeloiltoncajuhy.com.br\/site\/wp-content\/uploads\/2019\/10\/PMJ_NovasAmbulancias_PM.jpg?fit=590%2C394\" alt=\"\" class=\"wp-image-37891\" width=\"443\" height=\"295\" srcset=\"https:\/\/i0.wp.com\/blogdoeloiltoncajuhy.com.br\/site\/wp-content\/uploads\/2019\/10\/PMJ_NovasAmbulancias_PM.jpg?w=1200&amp;ssl=1 1200w, https:\/\/i0.wp.com\/blogdoeloiltoncajuhy.com.br\/site\/wp-content\/uploads\/2019\/10\/PMJ_NovasAmbulancias_PM.jpg?resize=300%2C200&amp;ssl=1 300w, https:\/\/i0.wp.com\/blogdoeloiltoncajuhy.com.br\/site\/wp-content\/uploads\/2019\/10\/PMJ_NovasAmbulancias_PM.jpg?resize=768%2C512&amp;ssl=1 768w, https:\/\/i0.wp.com\/blogdoeloiltoncajuhy.com.br\/site\/wp-content\/uploads\/2019\/10\/PMJ_NovasAmbulancias_PM.jpg?resize=1024%2C683&amp;ssl=1 1024w, https:\/\/i0.wp.com\/blogdoeloiltoncajuhy.com.br\/site\/wp-content\/uploads\/2019\/10\/PMJ_NovasAmbulancias_PM.jpg?resize=250%2C167&amp;ssl=1 250w\" sizes=\"(max-width: 443px) 100vw, 443px\" \/><\/figure><\/div>\n\n\n\n<p>Nesta sexta-feira (04), o prefeito de Jaguarari, Everton Rocha, acompanhado do presidente da C\u00e2mara de Vereadores, M\u00e1rcio Gomes, e do Deputado Estadual Roberto Carlos, esteve na cidade de Juazeiro onde participou da solenidade de entrega de viaturas para a pol\u00edcia militar. Destas, duas foram destinadas a Jaguarari.<\/p>\n\n\n\n<p><em>&#8220;Aqui agrade\u00e7o o empenho e a dedica\u00e7\u00e3o do Coronel Malvar, do capit\u00e3o Neymar, secret\u00e1rio de Seguran\u00e7a P\u00fablica da Bahia, Maur\u00edcio Barbosa, do deputado estadual Nelson Leal e ao governador. \u00c9 a nossa seguran\u00e7a sendo bem mais cuidada, s\u00e3o duas novas viaturas, \u00e9 mais refor\u00e7o em nossa seguran\u00e7a&#8221;<\/em>.<\/p>\n\n\n\n<p>A entrega das viaturas foi feita pelo secret\u00e1rio de Seguran\u00e7a P\u00fablica da Bahia, Maur\u00edcio Barbosa, pelo Comandante Geral da Policia Militar da Bahia, Coronel Anselmo Brand\u00e3o, e pelo Vice Governador da Bahia, Jo\u00e3o Le\u00e3o. As novas viaturas ir\u00e3o atuar na sede do munic\u00edpio e no distrito de Pilar. A cerim\u00f4nia tamb\u00e9m contou com a presen\u00e7a de autoridades da Pol\u00edcia Militar e de representantes das prefeituras beneficiadas.<\/p>\n","protected":false},"excerpt":{"rendered":"<p>ASCOM &#8211; Prefeitura de Jaguarari-BA Nesta sexta-feira (04), o prefeito de Jaguarari, Everton Rocha, acompanhado do presidente da C\u00e2mara de Vereadores, M\u00e1rcio Gomes, e do Deputado Estadual Roberto Carlos, esteve na cidade de Juazeiro onde participou da solenidade de entrega de viaturas para a pol\u00edcia militar. Destas, duas foram destinadas a Jaguarari. &#8220;Aqui agrade\u00e7o o [&hellip;]<\/p>\n","protected":false},"author":2,"featured_media":37891,"comment_status":"open","ping_status":"open","sticky":false,"template":"","format":"standard","meta":{"_acf_changed":false,"_monsterinsights_skip_tracking":false,"_monsterinsights_sitenote_active":false,"_monsterinsights_sitenote_note":"","_monsterinsights_sitenote_category":0,"_jetpack_memberships_contains_paid_content":false,"footnotes":"","jetpack_publicize_message":"","jetpack_publicize_feature_enabled":true,"jetpack_social_post_already_shared":true,"jetpack_social_options":{"image_generator_settings":{"template":"highway","default_image_id":0,"font":"","enabled":false},"version":2}},"categories":[1,3,11],"tags":[],"class_list":["post-37890","post","type-post","status-publish","format-standard","has-post-thumbnail","hentry","category-noticias","category-politica","category-regional"],"acf":[],"jetpack_publicize_connections":[],"jetpack_featured_media_url":"https:\/\/i0.wp.com\/blogdoeloiltoncajuhy.com.br\/site\/wp-content\/uploads\/2019\/10\/PMJ_NovasAmbulancias_PM.jpg?fit=1200%2C800&ssl=1","jetpack_sharing_enabled":true,"publishpress_future_workflow_manual_trigger":{"enabledWorkflows":[]},"_links":{"self":[{"href":"https:\/\/blogdoeloiltoncajuhy.com.br\/site\/wp-json\/wp\/v2\/posts\/37890","targetHints":{"allow":["GET"]}}],"collection":[{"href":"https:\/\/blogdoeloiltoncajuhy.com.br\/site\/wp-json\/wp\/v2\/posts"}],"about":[{"href":"https:\/\/blogdoeloiltoncajuhy.com.br\/site\/wp-json\/wp\/v2\/types\/post"}],"author":[{"embeddable":true,"href":"https:\/\/blogdoeloiltoncajuhy.com.br\/site\/wp-json\/wp\/v2\/users\/2"}],"replies":[{"embeddable":true,"href":"https:\/\/blogdoeloiltoncajuhy.com.br\/site\/wp-json\/wp\/v2\/comments?post=37890"}],"version-history":[{"count":1,"href":"https:\/\/blogdoeloiltoncajuhy.com.br\/site\/wp-json\/wp\/v2\/posts\/37890\/revisions"}],"predecessor-version":[{"id":37892,"href":"https:\/\/blogdoeloiltoncajuhy.com.br\/site\/wp-json\/wp\/v2\/posts\/37890\/revisions\/37892"}],"wp:featuredmedia":[{"embeddable":true,"href":"https:\/\/blogdoeloiltoncajuhy.com.br\/site\/wp-json\/wp\/v2\/media\/37891"}],"wp:attachment":[{"href":"https:\/\/blogdoeloiltoncajuhy.com.br\/site\/wp-json\/wp\/v2\/media?parent=37890"}],"wp:term":[{"taxonomy":"category","embeddable":true,"href":"https:\/\/blogdoeloiltoncajuhy.com.br\/site\/wp-json\/wp\/v2\/categories?post=37890"},{"taxonomy":"post_tag","embeddable":true,"href":"https:\/\/blogdoeloiltoncajuhy.com.br\/site\/wp-json\/wp\/v2\/tags?post=37890"}],"curies":[{"name":"wp","href":"https:\/\/api.w.org\/{rel}","templated":true}]}}