{"id":37883,"date":"2019-10-04T11:29:39","date_gmt":"2019-10-04T14:29:39","guid":{"rendered":"http:\/\/blogdoeloiltoncajuhy.com.br\/site\/?p=37883"},"modified":"2019-10-04T11:29:46","modified_gmt":"2019-10-04T14:29:46","slug":"uneb-realiza-ultimo-seminario-do-projeto-ciclos-de-dialogos-interinstitucionais-sobre-educacao-do-campo-na-terca-feira-08","status":"publish","type":"post","link":"https:\/\/blogdoeloiltoncajuhy.com.br\/site\/uneb-realiza-ultimo-seminario-do-projeto-ciclos-de-dialogos-interinstitucionais-sobre-educacao-do-campo-na-terca-feira-08\/","title":{"rendered":"UNEB realiza \u00faltimo semin\u00e1rio do projeto \u201cCiclos de Di\u00e1logos Interinstitucionais sobre Educa\u00e7\u00e3o do Campo\u201d na ter\u00e7a-feira (08)"},"content":{"rendered":"\n<p><strong>Lorena Simas<\/strong><br>Coordenadora do N\u00facleo de Assessoria de Comunica\u00e7\u00e3o (NAC-DEDC\/UNEB)<\/p>\n\n\n\n<div class=\"wp-block-image\"><figure class=\"aligncenter is-resized\"><img data-recalc-dims=\"1\" fetchpriority=\"high\" decoding=\"async\" src=\"https:\/\/i0.wp.com\/blogdoeloiltoncajuhy.com.br\/site\/wp-content\/uploads\/2019\/10\/Uneb_diagnosticos-01.jpeg?resize=480%2C360\" alt=\"\" class=\"wp-image-37884\" width=\"480\" height=\"360\" srcset=\"https:\/\/i0.wp.com\/blogdoeloiltoncajuhy.com.br\/site\/wp-content\/uploads\/2019\/10\/Uneb_diagnosticos-01.jpeg?w=960&amp;ssl=1 960w, https:\/\/i0.wp.com\/blogdoeloiltoncajuhy.com.br\/site\/wp-content\/uploads\/2019\/10\/Uneb_diagnosticos-01.jpeg?resize=300%2C225&amp;ssl=1 300w, https:\/\/i0.wp.com\/blogdoeloiltoncajuhy.com.br\/site\/wp-content\/uploads\/2019\/10\/Uneb_diagnosticos-01.jpeg?resize=768%2C576&amp;ssl=1 768w, https:\/\/i0.wp.com\/blogdoeloiltoncajuhy.com.br\/site\/wp-content\/uploads\/2019\/10\/Uneb_diagnosticos-01.jpeg?resize=250%2C188&amp;ssl=1 250w\" sizes=\"(max-width: 480px) 100vw, 480px\" \/><\/figure><\/div>\n\n\n\n<p>Palestras, participa\u00e7\u00e3o de gestores municipais, avalia\u00e7\u00e3o dos munic\u00edpios, exposi\u00e7\u00e3o do percurso formativo do projeto Ciclos de Di\u00e1logos e apresenta\u00e7\u00e3o de cena teatral far\u00e3o parte do Semin\u00e1rio de encerramento do projeto de extens\u00e3o <strong><em>\u201cCiclos de Di\u00e1logos Interinstitucionais sobre Educa\u00e7\u00e3o do Campo\u201d<\/em><\/strong> do Departamento de Educa\u00e7\u00e3o (DEDC), Campus VII da UNEB. O Semin\u00e1rio acontecer\u00e1 nesta ter\u00e7a-feira (08), a partir das 8h, no audit\u00f3rio do DEDC VII da UNEB.<\/p>\n\n\n\n<p>O projeto Ciclos de Di\u00e1logos realizou sete encontros de forma\u00e7\u00e3o com o objetivo de dialogar, ampliar e aprofundar a discuss\u00e3o sobre a demarca\u00e7\u00e3o da educa\u00e7\u00e3o do campo como \u00e1rea de conhecimento indispens\u00e1vel \u00e0 forma\u00e7\u00e3o docente nos cursos de licenciatura e o fortalecimento territorial da Rede P\u00fablica de Ensino dos munic\u00edpios que integram os Territ\u00f3rios Piemonte Norte do Itapicuru, Sisal, Piemonte da Chapada e Sert\u00e3o do S\u00e3o Francisco.<\/p>\n\n\n\n<div class=\"wp-block-image\"><figure class=\"aligncenter is-resized\"><img data-recalc-dims=\"1\" decoding=\"async\" src=\"https:\/\/i0.wp.com\/blogdoeloiltoncajuhy.com.br\/site\/wp-content\/uploads\/2019\/10\/Uneb_diagnosticos-02.jpeg?resize=480%2C360\" alt=\"\" class=\"wp-image-37885\" width=\"480\" height=\"360\" srcset=\"https:\/\/i0.wp.com\/blogdoeloiltoncajuhy.com.br\/site\/wp-content\/uploads\/2019\/10\/Uneb_diagnosticos-02.jpeg?w=960&amp;ssl=1 960w, https:\/\/i0.wp.com\/blogdoeloiltoncajuhy.com.br\/site\/wp-content\/uploads\/2019\/10\/Uneb_diagnosticos-02.jpeg?resize=300%2C225&amp;ssl=1 300w, https:\/\/i0.wp.com\/blogdoeloiltoncajuhy.com.br\/site\/wp-content\/uploads\/2019\/10\/Uneb_diagnosticos-02.jpeg?resize=768%2C576&amp;ssl=1 768w, https:\/\/i0.wp.com\/blogdoeloiltoncajuhy.com.br\/site\/wp-content\/uploads\/2019\/10\/Uneb_diagnosticos-02.jpeg?resize=250%2C188&amp;ssl=1 250w\" sizes=\"(max-width: 480px) 100vw, 480px\" \/><\/figure><\/div>\n\n\n\n<p class=\"has-medium-font-size\"><strong>Confira a programa\u00e7\u00e3o completa:<\/strong><\/p>\n\n\n\n<p><strong><em>8h &#8211; Credenciamento<\/em><\/strong><br>Caf\u00e9 acolhedor<br>8h30 &#8211; M\u00edstica<br>9h &#8211; Mesa de Abertura<\/p>\n\n\n\n<p>Os Ciclos de Di\u00e1logos Interinstitucionais sobre Educa\u00e7\u00e3o do Campo e o percurso da Educa\u00e7\u00e3o do Campo na UNEB e na Bahia \u2013 apontamentos<\/p>\n\n\n\n<ul class=\"wp-block-list\"><li>Prof\u00aa. Iv\u00e2nia Freitas (UNEB\/Campus VII)<\/li><li>Prof\u00aa.  Rosana Chaves (CAECDT\/UNEB)<\/li><li>Poliana Reis (Coordena\u00e7\u00e3o de Educa\u00e7\u00e3o do Campo- SEC\/BA)<\/li><\/ul>\n\n\n\n<p>9h40 &#8211; Mesa<\/p>\n\n\n\n<p>Financiamento em educa\u00e7\u00e3o e responsabilidade constitucional dos munic\u00edpios: o que se desenha no horizonte?<\/p>\n\n\n\n<ul class=\"wp-block-list\"><li>Ronaldo Nascimento de Sant\u00b4Anna (Conselheiro do Tribunal de Contas dos Munic\u00edpios da Bahia (TCM-BA))<\/li><li>Prof\u00aa. Gelciv\u00e2nia Mota Silva (UNEB\/ Campus XI)<\/li><li>Media\u00e7\u00e3o: Prof\u00aa. Maria Elizabeth Souza Gon\u00e7alves (UNEB\/ Campus VII)<\/li><\/ul>\n\n\n\n<p>11h &#8211; Mesa de pronunciamento dos gestores municipais\u2013 di\u00e1logo com mesa 1.<\/p>\n\n\n\n<p>12h30- Almo\u00e7o<\/p>\n\n\n\n<p>14h30- Apresenta\u00e7\u00e3o do percurso formativo do Projeto Ciclos de Di\u00e1logos: resumos expandidos<\/p>\n\n\n\n<p>15h30- Avalia\u00e7\u00e3o dos munic\u00edpios<\/p>\n\n\n\n<p>18h &#8211; M\u00edstica Final \u2013 Cena Canudos: Mem\u00f3rias de Maria Domingas \u2013 Melissa Bonfim.<\/p>\n\n\n\n<div class=\"wp-block-image\"><figure class=\"aligncenter is-resized\"><img decoding=\"async\" src=\"https:\/\/i1.wp.com\/blogdoeloiltoncajuhy.com.br\/site\/wp-content\/uploads\/2019\/10\/Uneb_diagnosticos-03.jpeg?fit=590%2C332\" alt=\"\" class=\"wp-image-37886\" width=\"421\" height=\"237\" srcset=\"https:\/\/i0.wp.com\/blogdoeloiltoncajuhy.com.br\/site\/wp-content\/uploads\/2019\/10\/Uneb_diagnosticos-03.jpeg?w=1280&amp;ssl=1 1280w, https:\/\/i0.wp.com\/blogdoeloiltoncajuhy.com.br\/site\/wp-content\/uploads\/2019\/10\/Uneb_diagnosticos-03.jpeg?resize=300%2C169&amp;ssl=1 300w, https:\/\/i0.wp.com\/blogdoeloiltoncajuhy.com.br\/site\/wp-content\/uploads\/2019\/10\/Uneb_diagnosticos-03.jpeg?resize=768%2C432&amp;ssl=1 768w, https:\/\/i0.wp.com\/blogdoeloiltoncajuhy.com.br\/site\/wp-content\/uploads\/2019\/10\/Uneb_diagnosticos-03.jpeg?resize=1024%2C576&amp;ssl=1 1024w, https:\/\/i0.wp.com\/blogdoeloiltoncajuhy.com.br\/site\/wp-content\/uploads\/2019\/10\/Uneb_diagnosticos-03.jpeg?resize=250%2C141&amp;ssl=1 250w\" sizes=\"(max-width: 421px) 100vw, 421px\" \/><\/figure><\/div>\n","protected":false},"excerpt":{"rendered":"<p>Lorena SimasCoordenadora do N\u00facleo de Assessoria de Comunica\u00e7\u00e3o (NAC-DEDC\/UNEB) Palestras, participa\u00e7\u00e3o de gestores municipais, avalia\u00e7\u00e3o dos munic\u00edpios, exposi\u00e7\u00e3o do percurso formativo do projeto Ciclos de Di\u00e1logos e apresenta\u00e7\u00e3o de cena teatral far\u00e3o parte do Semin\u00e1rio de encerramento do projeto de extens\u00e3o \u201cCiclos de Di\u00e1logos Interinstitucionais sobre Educa\u00e7\u00e3o do Campo\u201d do Departamento de Educa\u00e7\u00e3o (DEDC), Campus [&hellip;]<\/p>\n","protected":false},"author":2,"featured_media":37886,"comment_status":"open","ping_status":"open","sticky":false,"template":"","format":"standard","meta":{"_acf_changed":false,"_monsterinsights_skip_tracking":false,"_monsterinsights_sitenote_active":false,"_monsterinsights_sitenote_note":"","_monsterinsights_sitenote_category":0,"_jetpack_memberships_contains_paid_content":false,"footnotes":"","jetpack_publicize_message":"","jetpack_publicize_feature_enabled":true,"jetpack_social_post_already_shared":true,"jetpack_social_options":{"image_generator_settings":{"template":"highway","default_image_id":0,"font":"","enabled":false},"version":2}},"categories":[14,1,4],"tags":[],"class_list":["post-37883","post","type-post","status-publish","format-standard","has-post-thumbnail","hentry","category-educacao","category-noticias","category-local"],"acf":[],"jetpack_publicize_connections":[],"jetpack_featured_media_url":"https:\/\/i0.wp.com\/blogdoeloiltoncajuhy.com.br\/site\/wp-content\/uploads\/2019\/10\/Uneb_diagnosticos-03.jpeg?fit=1280%2C720&ssl=1","jetpack_sharing_enabled":true,"publishpress_future_workflow_manual_trigger":{"enabledWorkflows":[]},"_links":{"self":[{"href":"https:\/\/blogdoeloiltoncajuhy.com.br\/site\/wp-json\/wp\/v2\/posts\/37883","targetHints":{"allow":["GET"]}}],"collection":[{"href":"https:\/\/blogdoeloiltoncajuhy.com.br\/site\/wp-json\/wp\/v2\/posts"}],"about":[{"href":"https:\/\/blogdoeloiltoncajuhy.com.br\/site\/wp-json\/wp\/v2\/types\/post"}],"author":[{"embeddable":true,"href":"https:\/\/blogdoeloiltoncajuhy.com.br\/site\/wp-json\/wp\/v2\/users\/2"}],"replies":[{"embeddable":true,"href":"https:\/\/blogdoeloiltoncajuhy.com.br\/site\/wp-json\/wp\/v2\/comments?post=37883"}],"version-history":[{"count":1,"href":"https:\/\/blogdoeloiltoncajuhy.com.br\/site\/wp-json\/wp\/v2\/posts\/37883\/revisions"}],"predecessor-version":[{"id":37887,"href":"https:\/\/blogdoeloiltoncajuhy.com.br\/site\/wp-json\/wp\/v2\/posts\/37883\/revisions\/37887"}],"wp:featuredmedia":[{"embeddable":true,"href":"https:\/\/blogdoeloiltoncajuhy.com.br\/site\/wp-json\/wp\/v2\/media\/37886"}],"wp:attachment":[{"href":"https:\/\/blogdoeloiltoncajuhy.com.br\/site\/wp-json\/wp\/v2\/media?parent=37883"}],"wp:term":[{"taxonomy":"category","embeddable":true,"href":"https:\/\/blogdoeloiltoncajuhy.com.br\/site\/wp-json\/wp\/v2\/categories?post=37883"},{"taxonomy":"post_tag","embeddable":true,"href":"https:\/\/blogdoeloiltoncajuhy.com.br\/site\/wp-json\/wp\/v2\/tags?post=37883"}],"curies":[{"name":"wp","href":"https:\/\/api.w.org\/{rel}","templated":true}]}}