{"id":37877,"date":"2019-10-04T07:44:41","date_gmt":"2019-10-04T10:44:41","guid":{"rendered":"http:\/\/blogdoeloiltoncajuhy.com.br\/site\/?p=37877"},"modified":"2019-10-04T07:44:48","modified_gmt":"2019-10-04T10:44:48","slug":"prefeitura-de-jaguarari-entrega-quadra-poliesportiva-totalmente-recuperada-no-distrito-de-pilar","status":"publish","type":"post","link":"https:\/\/blogdoeloiltoncajuhy.com.br\/site\/prefeitura-de-jaguarari-entrega-quadra-poliesportiva-totalmente-recuperada-no-distrito-de-pilar\/","title":{"rendered":"Prefeitura de Jaguarari entrega quadra poliesportiva totalmente recuperada no distrito de Pilar"},"content":{"rendered":"\n<p><strong>ASCOM &#8211; Prefeitura de Jaguarari-BA<\/strong><\/p>\n\n\n\n<div class=\"wp-block-image\"><figure class=\"aligncenter\"><img fetchpriority=\"high\" decoding=\"async\" width=\"1280\" height=\"853\" src=\"https:\/\/i1.wp.com\/blogdoeloiltoncajuhy.com.br\/site\/wp-content\/uploads\/2019\/10\/PMJ_InauguracaoQuadraPilar-01.jpg?fit=590%2C393\" alt=\"\" class=\"wp-image-37878\" srcset=\"https:\/\/i0.wp.com\/blogdoeloiltoncajuhy.com.br\/site\/wp-content\/uploads\/2019\/10\/PMJ_InauguracaoQuadraPilar-01.jpg?w=1280&amp;ssl=1 1280w, https:\/\/i0.wp.com\/blogdoeloiltoncajuhy.com.br\/site\/wp-content\/uploads\/2019\/10\/PMJ_InauguracaoQuadraPilar-01.jpg?resize=300%2C200&amp;ssl=1 300w, https:\/\/i0.wp.com\/blogdoeloiltoncajuhy.com.br\/site\/wp-content\/uploads\/2019\/10\/PMJ_InauguracaoQuadraPilar-01.jpg?resize=768%2C512&amp;ssl=1 768w, https:\/\/i0.wp.com\/blogdoeloiltoncajuhy.com.br\/site\/wp-content\/uploads\/2019\/10\/PMJ_InauguracaoQuadraPilar-01.jpg?resize=1024%2C682&amp;ssl=1 1024w, https:\/\/i0.wp.com\/blogdoeloiltoncajuhy.com.br\/site\/wp-content\/uploads\/2019\/10\/PMJ_InauguracaoQuadraPilar-01.jpg?resize=250%2C167&amp;ssl=1 250w\" sizes=\"(max-width: 800px) 100vw, 800px\" \/><\/figure><\/div>\n\n\n\n<p>Na ultima quarta-feira (02), a Prefeitura de Jaguarari realizou a reinaugura\u00e7\u00e3o da quadra poliesportiva do distrito de Pilar. O local teve sua estrutura totalmente recuperada e agora oferece aos jovens e desportistas do distrito um ambiente adequado de lazer e para a pr\u00e1tica de esportes. O evento foi marcado pela culmin\u00e2ncia do projeto <strong><em>\u00c1frica: o ber\u00e7o da civiliza\u00e7\u00e3o da humanidade!<\/em><\/strong>, idealizado pela Escola Municipal M\u00e1rcia Cardoso, com apresenta\u00e7\u00f5es culturais.<\/p>\n\n\n\n<p>Em seu discurso na abertura da solenidade, o prefeito de Jaguarari agradeceu o empenho de todo corpo de secret\u00e1rios de governo. Agradeceu tamb\u00e9m a recep\u00e7\u00e3o calorosa por parte dos alunos presentes a reinaugura\u00e7\u00e3o da quadra.<\/p>\n\n\n\n<p><em>\u201cO tratamento carinhoso dado por voc\u00eas a mim me deixou muito feliz. Gostaria de dizer a todos os jovens presentes que estamos expandindo nossos trabalhos aqui em Pilar com a abertura do anexo 01 da subprefeitura, onde iremos colocar um setor espec\u00edfico para o esporte e cultura. Isso j\u00e1 nas pr\u00f3ximas semanas\u201d<\/em>, anunciou o gestor.<\/p>\n\n\n\n<div class=\"wp-block-image\"><figure class=\"aligncenter\"><img decoding=\"async\" width=\"1280\" height=\"853\" src=\"https:\/\/i1.wp.com\/blogdoeloiltoncajuhy.com.br\/site\/wp-content\/uploads\/2019\/10\/PMJ_InauguracaoQuadraPilar-02.jpg?fit=590%2C393\" alt=\"\" class=\"wp-image-37879\" srcset=\"https:\/\/i0.wp.com\/blogdoeloiltoncajuhy.com.br\/site\/wp-content\/uploads\/2019\/10\/PMJ_InauguracaoQuadraPilar-02.jpg?w=1280&amp;ssl=1 1280w, https:\/\/i0.wp.com\/blogdoeloiltoncajuhy.com.br\/site\/wp-content\/uploads\/2019\/10\/PMJ_InauguracaoQuadraPilar-02.jpg?resize=300%2C200&amp;ssl=1 300w, https:\/\/i0.wp.com\/blogdoeloiltoncajuhy.com.br\/site\/wp-content\/uploads\/2019\/10\/PMJ_InauguracaoQuadraPilar-02.jpg?resize=768%2C512&amp;ssl=1 768w, https:\/\/i0.wp.com\/blogdoeloiltoncajuhy.com.br\/site\/wp-content\/uploads\/2019\/10\/PMJ_InauguracaoQuadraPilar-02.jpg?resize=1024%2C682&amp;ssl=1 1024w, https:\/\/i0.wp.com\/blogdoeloiltoncajuhy.com.br\/site\/wp-content\/uploads\/2019\/10\/PMJ_InauguracaoQuadraPilar-02.jpg?resize=250%2C167&amp;ssl=1 250w\" sizes=\"(max-width: 800px) 100vw, 800px\" \/><\/figure><\/div>\n\n\n\n<p>O secret\u00e1rio de Infraestrutura, F\u00e1bio Francisco, enalteceu a soma de esfor\u00e7os para a concretiza\u00e7\u00e3o das in\u00fameras obras que v\u00eam recuperando diversas quadras poliesportivas em Jaguarari. <em>\u201cGra\u00e7as ao apoio de nosso prefeito e ao empenho de todo o governo estamos conseguido recuperar v\u00e1rias quadras em nosso munic\u00edpio, a exemplo das quadras de Santa Rosa de Lima, Flamengo, Gameleira e Jacun\u00e3. Esse \u00e9 o nosso jeito de trabalhar. A popula\u00e7\u00e3o pede e a prefeitura realiza\u201d<\/em>, ressaltou.<\/p>\n\n\n\n<p>A entrega do equipamento esportivo foi finalizada com a partida amistosa entre os times: M\u00e1rcia Cardoso x Amado.<\/p>\n\n\n\n<ul class=\"wp-block-gallery aligncenter columns-2 is-cropped wp-block-gallery-1 is-layout-flex wp-block-gallery-is-layout-flex\"><li class=\"blocks-gallery-item\"><figure><img decoding=\"async\" width=\"1280\" height=\"853\" src=\"https:\/\/i2.wp.com\/blogdoeloiltoncajuhy.com.br\/site\/wp-content\/uploads\/2019\/10\/PMJ_InauguracaoQuadraPilar-03.jpg?fit=590%2C393\" alt=\"\" data-id=\"37880\" data-link=\"http:\/\/blogdoeloiltoncajuhy.com.br\/site\/?attachment_id=37880\" class=\"wp-image-37880\" srcset=\"https:\/\/i0.wp.com\/blogdoeloiltoncajuhy.com.br\/site\/wp-content\/uploads\/2019\/10\/PMJ_InauguracaoQuadraPilar-03.jpg?w=1280&amp;ssl=1 1280w, https:\/\/i0.wp.com\/blogdoeloiltoncajuhy.com.br\/site\/wp-content\/uploads\/2019\/10\/PMJ_InauguracaoQuadraPilar-03.jpg?resize=300%2C200&amp;ssl=1 300w, https:\/\/i0.wp.com\/blogdoeloiltoncajuhy.com.br\/site\/wp-content\/uploads\/2019\/10\/PMJ_InauguracaoQuadraPilar-03.jpg?resize=768%2C512&amp;ssl=1 768w, https:\/\/i0.wp.com\/blogdoeloiltoncajuhy.com.br\/site\/wp-content\/uploads\/2019\/10\/PMJ_InauguracaoQuadraPilar-03.jpg?resize=1024%2C682&amp;ssl=1 1024w, https:\/\/i0.wp.com\/blogdoeloiltoncajuhy.com.br\/site\/wp-content\/uploads\/2019\/10\/PMJ_InauguracaoQuadraPilar-03.jpg?resize=250%2C167&amp;ssl=1 250w\" sizes=\"(max-width: 800px) 100vw, 800px\" \/><\/figure><\/li><li class=\"blocks-gallery-item\"><figure><img loading=\"lazy\" decoding=\"async\" width=\"1280\" height=\"853\" src=\"https:\/\/i0.wp.com\/blogdoeloiltoncajuhy.com.br\/site\/wp-content\/uploads\/2019\/10\/PMJ_InauguracaoQuadraPilar-04.jpg?fit=590%2C393\" alt=\"\" data-id=\"37881\" data-link=\"http:\/\/blogdoeloiltoncajuhy.com.br\/site\/?attachment_id=37881\" class=\"wp-image-37881\" srcset=\"https:\/\/i0.wp.com\/blogdoeloiltoncajuhy.com.br\/site\/wp-content\/uploads\/2019\/10\/PMJ_InauguracaoQuadraPilar-04.jpg?w=1280&amp;ssl=1 1280w, https:\/\/i0.wp.com\/blogdoeloiltoncajuhy.com.br\/site\/wp-content\/uploads\/2019\/10\/PMJ_InauguracaoQuadraPilar-04.jpg?resize=300%2C200&amp;ssl=1 300w, https:\/\/i0.wp.com\/blogdoeloiltoncajuhy.com.br\/site\/wp-content\/uploads\/2019\/10\/PMJ_InauguracaoQuadraPilar-04.jpg?resize=768%2C512&amp;ssl=1 768w, https:\/\/i0.wp.com\/blogdoeloiltoncajuhy.com.br\/site\/wp-content\/uploads\/2019\/10\/PMJ_InauguracaoQuadraPilar-04.jpg?resize=1024%2C682&amp;ssl=1 1024w, https:\/\/i0.wp.com\/blogdoeloiltoncajuhy.com.br\/site\/wp-content\/uploads\/2019\/10\/PMJ_InauguracaoQuadraPilar-04.jpg?resize=250%2C167&amp;ssl=1 250w\" sizes=\"(max-width: 800px) 100vw, 800px\" \/><\/figure><\/li><\/ul>\n","protected":false},"excerpt":{"rendered":"<p>ASCOM &#8211; Prefeitura de Jaguarari-BA Na ultima quarta-feira (02), a Prefeitura de Jaguarari realizou a reinaugura\u00e7\u00e3o da quadra poliesportiva do distrito de Pilar. O local teve sua estrutura totalmente recuperada e agora oferece aos jovens e desportistas do distrito um ambiente adequado de lazer e para a pr\u00e1tica de esportes. O evento foi marcado pela [&hellip;]<\/p>\n","protected":false},"author":2,"featured_media":37881,"comment_status":"open","ping_status":"open","sticky":false,"template":"","format":"standard","meta":{"_acf_changed":false,"_monsterinsights_skip_tracking":false,"_monsterinsights_sitenote_active":false,"_monsterinsights_sitenote_note":"","_monsterinsights_sitenote_category":0,"_jetpack_memberships_contains_paid_content":false,"footnotes":"","jetpack_publicize_message":"","jetpack_publicize_feature_enabled":true,"jetpack_social_post_already_shared":true,"jetpack_social_options":{"image_generator_settings":{"template":"highway","default_image_id":0,"font":"","enabled":false},"version":2}},"categories":[1,3,11],"tags":[],"class_list":["post-37877","post","type-post","status-publish","format-standard","has-post-thumbnail","hentry","category-noticias","category-politica","category-regional"],"acf":[],"jetpack_publicize_connections":[],"jetpack_featured_media_url":"https:\/\/i0.wp.com\/blogdoeloiltoncajuhy.com.br\/site\/wp-content\/uploads\/2019\/10\/PMJ_InauguracaoQuadraPilar-04.jpg?fit=1280%2C853&ssl=1","jetpack_sharing_enabled":true,"publishpress_future_workflow_manual_trigger":{"enabledWorkflows":[]},"_links":{"self":[{"href":"https:\/\/blogdoeloiltoncajuhy.com.br\/site\/wp-json\/wp\/v2\/posts\/37877","targetHints":{"allow":["GET"]}}],"collection":[{"href":"https:\/\/blogdoeloiltoncajuhy.com.br\/site\/wp-json\/wp\/v2\/posts"}],"about":[{"href":"https:\/\/blogdoeloiltoncajuhy.com.br\/site\/wp-json\/wp\/v2\/types\/post"}],"author":[{"embeddable":true,"href":"https:\/\/blogdoeloiltoncajuhy.com.br\/site\/wp-json\/wp\/v2\/users\/2"}],"replies":[{"embeddable":true,"href":"https:\/\/blogdoeloiltoncajuhy.com.br\/site\/wp-json\/wp\/v2\/comments?post=37877"}],"version-history":[{"count":1,"href":"https:\/\/blogdoeloiltoncajuhy.com.br\/site\/wp-json\/wp\/v2\/posts\/37877\/revisions"}],"predecessor-version":[{"id":37882,"href":"https:\/\/blogdoeloiltoncajuhy.com.br\/site\/wp-json\/wp\/v2\/posts\/37877\/revisions\/37882"}],"wp:featuredmedia":[{"embeddable":true,"href":"https:\/\/blogdoeloiltoncajuhy.com.br\/site\/wp-json\/wp\/v2\/media\/37881"}],"wp:attachment":[{"href":"https:\/\/blogdoeloiltoncajuhy.com.br\/site\/wp-json\/wp\/v2\/media?parent=37877"}],"wp:term":[{"taxonomy":"category","embeddable":true,"href":"https:\/\/blogdoeloiltoncajuhy.com.br\/site\/wp-json\/wp\/v2\/categories?post=37877"},{"taxonomy":"post_tag","embeddable":true,"href":"https:\/\/blogdoeloiltoncajuhy.com.br\/site\/wp-json\/wp\/v2\/tags?post=37877"}],"curies":[{"name":"wp","href":"https:\/\/api.w.org\/{rel}","templated":true}]}}