{"id":37875,"date":"2019-10-04T07:23:04","date_gmt":"2019-10-04T10:23:04","guid":{"rendered":"http:\/\/blogdoeloiltoncajuhy.com.br\/site\/?p=37875"},"modified":"2019-10-04T07:23:11","modified_gmt":"2019-10-04T10:23:11","slug":"veja-o-resumo-da-sessao-ordinaria-da-camara-municipal-de-senhor-do-bonfim-desta-quinta-feira-03","status":"publish","type":"post","link":"https:\/\/blogdoeloiltoncajuhy.com.br\/site\/veja-o-resumo-da-sessao-ordinaria-da-camara-municipal-de-senhor-do-bonfim-desta-quinta-feira-03\/","title":{"rendered":"Veja o resumo da sess\u00e3o ordin\u00e1ria da C\u00e2mara Municipal de Senhor do Bonfim desta quinta-feira (03)"},"content":{"rendered":"\n<p><strong>ASCOM &#8211; C\u00e2mara Municipal de Senhor do Bonfim-BA<\/strong><\/p>\n\n\n\n<div class=\"wp-block-image\"><figure class=\"aligncenter\"><img data-recalc-dims=\"1\" fetchpriority=\"high\" decoding=\"async\" width=\"800\" height=\"533\" src=\"https:\/\/i0.wp.com\/blogdoeloiltoncajuhy.com.br\/site\/wp-content\/uploads\/2019\/02\/C%C3%A2mara-Municipal-de-Senhor-do-Bonfim-0912.jpg?resize=800%2C533\" alt=\"\" class=\"wp-image-31832\" srcset=\"https:\/\/i0.wp.com\/blogdoeloiltoncajuhy.com.br\/site\/wp-content\/uploads\/2019\/02\/C%C3%A2mara-Municipal-de-Senhor-do-Bonfim-0912.jpg?resize=1024%2C682&amp;ssl=1 1024w, https:\/\/i0.wp.com\/blogdoeloiltoncajuhy.com.br\/site\/wp-content\/uploads\/2019\/02\/C%C3%A2mara-Municipal-de-Senhor-do-Bonfim-0912.jpg?resize=300%2C200&amp;ssl=1 300w, https:\/\/i0.wp.com\/blogdoeloiltoncajuhy.com.br\/site\/wp-content\/uploads\/2019\/02\/C%C3%A2mara-Municipal-de-Senhor-do-Bonfim-0912.jpg?resize=768%2C512&amp;ssl=1 768w, https:\/\/i0.wp.com\/blogdoeloiltoncajuhy.com.br\/site\/wp-content\/uploads\/2019\/02\/C%C3%A2mara-Municipal-de-Senhor-do-Bonfim-0912.jpg?resize=250%2C167&amp;ssl=1 250w, https:\/\/i0.wp.com\/blogdoeloiltoncajuhy.com.br\/site\/wp-content\/uploads\/2019\/02\/C%C3%A2mara-Municipal-de-Senhor-do-Bonfim-0912.jpg?w=1280&amp;ssl=1 1280w\" sizes=\"(max-width: 800px) 100vw, 800px\" \/><\/figure><\/div>\n\n\n\n<p>Nesta quinta-feira, 03 de outubro, foi realizada a 18\u00aa Sess\u00e3o Ordin\u00e1ria do 2\u00ba Per\u00edodo Ordin\u00e1rio do ano de 2019, da C\u00e2mara Municipal de Senhor do Bonfim. Conduzida pelo Presidente da Casa, vereador Cleiton Vieira, foi feita a chamada dos vereadores onde, havendo n\u00famero legal \u00e9 declarada aberta.<\/p>\n\n\n\n<p>O Sr. Presidente informa que solicitaram o abono de suas faltas os vereadores CARLOS ALBERTO DIAS DOS SANTOS, ELIZEU CONCEI\u00c7\u00c3O DE SOUZA e REINALDO JOS\u00c9 DA SILVA, cujas justificativas s\u00e3o respectivamente: por estar fazendo um procedimento cir\u00fargico, e os demais, por estarem em viagem oficial a Salvador-BA.<\/p>\n\n\n\n<p>Em seguida, atendendo o Regimento Interno, em seu art. 141, foi encaminhada a ata da sess\u00e3o anterior aos e-mails de todos os vereadores. Foi colocada em discuss\u00e3o e o vereador LA\u00c9RCIO MUNIZ DE AZEVEDO J\u00daNIOR, solicita que seja acrescentada na ata da sess\u00e3o anterior que o Projeto de Lei 014 n\u00e3o tinha as assinaturas necess\u00e1rias para sua tramita\u00e7\u00e3o, onde o parecer mencionava que o projeto tinha 10 assinaturas e, no entanto, tinha apenas 4, sendo necess\u00e1rio pegar as assinaturas naquele momento. E ningu\u00e9m querendo discutir, \u00e9 colocada em vota\u00e7\u00e3o, sendo aprovada.<\/p>\n\n\n\n<p class=\"has-medium-font-size\"><strong>Passa-se \u00e0 leitura do expediente, que consta das seguintes mat\u00e9rias:<\/strong><\/p>\n\n\n\n<ul class=\"wp-block-list\"><li><strong>OF\u00cdCIO GAB. PREF. N\u00ba 283\/2019<\/strong>, que encaminha projeto de lei do Executivo n\u00ba 015\/2019.<\/li><li><strong>PROJETO DE LEI DO EXECUTIVO N\u00ba 015\/2019<\/strong>, que \u201cestima a receita e fixa a despesa do or\u00e7amento anual do Munic\u00edpio de Senhor do Bonfim, para o exerc\u00edcio de 2020 e d\u00e1 outras provid\u00eancias\u201d;<\/li><li><strong>OF\u00cdCIO GAB. PREF. N\u00ba 284\/2019<\/strong>, que encaminha projeto de lei do Executivo n\u00ba 016\/2019.<\/li><li><strong>PROJETO DE LEI DO EXECUTIVO N\u00ba 016\/2019<\/strong>, que \u201cDisp\u00f5e sobre a cria\u00e7\u00e3o do Conselho Municipal de Turismo \u2013 COMTUR, do Fundo Municipal de Turismo \u2013 FUMTUR e d\u00e1 outras provid\u00eancias\u201d;<\/li><li><strong>PROJETO DE LEI DO LEGISLATIVO N\u00ba 031\/2019<\/strong>, de autoria do vereador Cleiton Vieira Pinto que \u201cDeclara de Utilidade P\u00fablica Municipal a Associa\u00e7\u00e3o de Motociclistas Lobos Solit\u00e1rios e d\u00e1 outras provid\u00eancias\u201d;<\/li><li><strong>PROJETO DE LEI DO LEGISLATIVO N\u00ba 032\/2019<\/strong>, de autoria do vereador Cleiton Vieira Pinto que \u201cDisp\u00f5e sobre a institui\u00e7\u00e3o no Calend\u00e1rio Oficial do Munic\u00edpio de Senhor do Bonfim \u2018Fim de Semana de Encontro de Motociclistas\u2019, e d\u00e1 outras provid\u00eancias\u201d;<\/li><li><strong>PROJETO DE DECRETO LEGISLATIVO N\u00ba 025\/2019<\/strong>, de autoria do vereador Ot\u00e1vio Xisto de Souza J\u00fanior que \u201cConcede a Medalha Dr. Jos\u00e9 Gon\u00e7alves ao Sr. Vivaldo Moreira da Silva e d\u00e1 outras provid\u00eancias\u201d;<\/li><li><strong>PEDIDO DE PROVID\u00caNCIA N\u00ba 051\/2019<\/strong>, de autoria do vereador Elizeu Concei\u00e7\u00e3o de Souza, que solicita \u201cque a Secretaria de Infraestrutura realize o servi\u00e7o de ilumina\u00e7\u00e3o p\u00fablica no Povoado de Socotozinho\u201d;<\/li><li><strong>PEDIDO DE PROVID\u00caNCIA N\u00ba 058\/2019<\/strong>, de autoria do vereador La\u00e9rcio Muniz de Azevedo J\u00fanior que solicita \u201cque a Secretaria Municipal de Infraestrutura promova a melhoria da via p\u00fablica, Rua Vila Nova, bairro Bosque, fazendo a recupera\u00e7\u00e3o do seu cal\u00e7amento\u201d;<\/li><li><strong>PEDIDO DE PROVID\u00caNCIA N\u00ba 059\/2019<\/strong>, de autoria do vereador La\u00e9rcio Muniz de Azevedo J\u00fanior que solicita \u201cque a Secretaria Municipal de Infraestrutura promova a melhoria da via p\u00fablica, Rua Daiane dos Santos, Loteamento Vila Bela, fazendo a reposi\u00e7\u00e3o de l\u00e2mpadas\u201d;<\/li><li><strong>MO\u00c7\u00c3O DE PESAR<\/strong>, de autoria de todos os vereadores, pelo falecimento do Senhor C\u00edcero Alberto de Moura Lima Filho, ocorrido no dia 27 de setembro de 2019\u201d;<\/li><li><strong>MO\u00c7\u00c3O DE PESAR<\/strong>, de autoria do vereador La\u00e9rcio Muniz de Azevedo J\u00fanior, pelo falecimento do Senhor Alberto Ot\u00e1vio de Carvalho, ocorrido no dia 27 de setembro de 2019\u201d;<\/li><li><strong>MO\u00c7\u00c3O DE PESAR<\/strong>, de autoria do vereador Jorge Souza e Silva Filho, pelo falecimento do Cl\u00e1udio Francisco Jacome, ocorrido no dia 5 de setembro de 2019\u201d;<\/li><li><strong>OF\u00cdCIO<\/strong>, oriundo da Prefeitura Municipal de Senhor do Bonfim, que solicita espa\u00e7o na tribuna livre da C\u00e2mara, para discuss\u00e3o do Projeto de Lei do Executivo n\u00b0 013\/2019;<\/li><li><strong>OF\u00cdCIO N\u00ba 035\/2019<\/strong>, oriundo do Sindicato dos Trabalhadores na Educa\u00e7\u00e3o de Senhor do Bonfim, que solicita uso da tribuna para a discuss\u00e3o do Projeto Reda, de autoria do Executivo Municipal;<\/li><li><strong>OF\u00cdCIO S\/N<\/strong>, oriundo dos Sindicato dos Servidores P\u00fablicos Municipais de Senhor do Bonfim, que solicita espa\u00e7o na tribuna para debater acerca do Projeto de Lei do Executivo n\u00ba 013\/2019;<\/li><li><strong>OF\u00cdCIO N\u00ba 041\/2019<\/strong>, oriundo do gabinete do vereador La\u00e9rcio Muniz de Azevedo J\u00fanior, que solicita parecer jur\u00eddico dos advogados da C\u00e2mara acerca da constitucionalidade ou n\u00e3o do Projeto de Lei do Executivo n\u00ba 013\/2019;<\/li><li><strong>OF\u00cdCIO N\u00ba 149\/2019<\/strong>, de autoria da Secretaria de Planejamento e Finan\u00e7as do Munic\u00edpio, que reenvia proje\u00e7\u00e3o da receita or\u00e7ament\u00e1ria para o exerc\u00edcio de 2020.<\/li><\/ul>\n\n\n\n<p>O Sr. Presidente atendeu o oficio oriundo do Sindicato dos Trabalhadores na Educa\u00e7\u00e3o de Senhor do Bonfim, que solicitou o uso da tribuna para a discuss\u00e3o do Projeto REDA de autoria do Executivo Municipal, pelo tempo de 10 minutos. O Sr. Presidente concedeu a palavra ao representante da Secretaria de Planejamento e Finan\u00e7as do Munic\u00edpio para tratar sobre a proje\u00e7\u00e3o da receita or\u00e7ament\u00e1ria para o exerc\u00edcio de 2020. Tamb\u00e9m, atendendo oficio oriundo do Sindicato dos Servidores P\u00fablicos Municipais de Senhor do Bonfim, que solicitou o espa\u00e7o na tribuna, para debater acerca do Projeto de Lei do Executivo n\u00ba 013\/2019.<\/p>\n\n\n\n<p>Passa-se para a <strong>ORDEM DO DIA<\/strong> onde \u00e9 lida a <strong>MO\u00c7\u00c3O DE PESAR<\/strong>, de autoria de todos os vereadores, pelo &#8220;falecimento do Senhor C\u00edcero Alberto de Moura Lima Filho, ocorrido no dia 27 de setembro de 2019\u201d. Colocado em discuss\u00e3o e usa da palavra os vereadores Jorge Souza e Silva Filho, La\u00e9rcio Muniz de Azevedo J\u00fanior, Jo\u00e3o Carlos de Castro e Andreilto de Almeida Barbosa, ficando todos favor\u00e1veis a sua aprova\u00e7\u00e3o. E ningu\u00e9m mais querendo discutir, \u00e9 colocada em vota\u00e7\u00e3o, sendo aprovada por unanimidade.<\/p>\n\n\n\n<p><strong>MO\u00c7\u00c3O DE PESAR<\/strong>, de autoria do vereador La\u00e9rcio Muniz de Azevedo J\u00fanior, pelo &#8220;falecimento do Senhor Alberto Ot\u00e1vio de Carvalho, ocorrido no dia 27 de setembro de 2019\u201d, \u00e9 colocada em discuss\u00e3o e usa da palavra os vereadores La\u00e9rcio Muniz de Azevedo J\u00fanior e Jo\u00e3o Carlos de Castro, ficando todos favor\u00e1veis a sua aprova\u00e7\u00e3o e, ningu\u00e9m mais querendo discutir, \u00e9 colocada em vota\u00e7\u00e3o, sendo aprovada por unanimidade.<\/p>\n\n\n\n<p><strong>MO\u00c7\u00c3O DE PESAR<\/strong>, de autoria do vereador Jorge Souza e Silva Filho, pelo &#8220;falecimento do Cl\u00e1udio Francisco Jacome, ocorrido no dia 5 de setembro de 2019\u201d, \u00e9 colocado em discuss\u00e3o e usa da palavra o vereador Jorge Souza e Silva Filho, ficando favor\u00e1vel a sua aprova\u00e7\u00e3o e, ningu\u00e9m mais querendo discutir, \u00e9 colocado em vota\u00e7\u00e3o, sendo aprovado por unanimidade.<\/p>\n\n\n\n<p>Durante a ordem do dia, o Presidente da Mesa prorrogou a sess\u00e3o at\u00e9 que a \u00faltima mat\u00e9ria fosse votada. N\u00e3o havendo mais nenhuma mat\u00e9ria para ser lida e discutida, o Sr. Presidente deu por encerrada a Sess\u00e3o.<\/p>\n\n\n\n<p><strong>Veja a sess\u00e3o completa:<\/strong><\/p>\n\n\n\n<figure class=\"wp-block-embed-youtube aligncenter wp-block-embed is-type-video is-provider-youtube wp-embed-aspect-16-9 wp-has-aspect-ratio\"><div class=\"wp-block-embed__wrapper\">\n<iframe title=\"18\u00aa Sess\u00e3o Ordin\u00e1ria do 2\u00ba PO [03\/10\/2019]\" width=\"800\" height=\"450\" src=\"https:\/\/www.youtube.com\/embed\/SXQ9rZWXYTQ?feature=oembed\" frameborder=\"0\" allow=\"accelerometer; autoplay; encrypted-media; gyroscope; picture-in-picture\" allowfullscreen><\/iframe>\n<\/div><\/figure>\n","protected":false},"excerpt":{"rendered":"<p>ASCOM &#8211; C\u00e2mara Municipal de Senhor do Bonfim-BA Nesta quinta-feira, 03 de outubro, foi realizada a 18\u00aa Sess\u00e3o Ordin\u00e1ria do 2\u00ba Per\u00edodo Ordin\u00e1rio do ano de 2019, da C\u00e2mara Municipal de Senhor do Bonfim. Conduzida pelo Presidente da Casa, vereador Cleiton Vieira, foi feita a chamada dos vereadores onde, havendo n\u00famero legal \u00e9 declarada aberta. [&hellip;]<\/p>\n","protected":false},"author":2,"featured_media":0,"comment_status":"open","ping_status":"open","sticky":false,"template":"","format":"standard","meta":{"_acf_changed":false,"_monsterinsights_skip_tracking":false,"_monsterinsights_sitenote_active":false,"_monsterinsights_sitenote_note":"","_monsterinsights_sitenote_category":0,"_jetpack_memberships_contains_paid_content":false,"footnotes":"","jetpack_publicize_message":"","jetpack_publicize_feature_enabled":true,"jetpack_social_post_already_shared":true,"jetpack_social_options":{"image_generator_settings":{"template":"highway","default_image_id":0,"font":"","enabled":false},"version":2}},"categories":[1,3,4],"tags":[],"class_list":["post-37875","post","type-post","status-publish","format-standard","hentry","category-noticias","category-politica","category-local"],"acf":[],"jetpack_publicize_connections":[],"jetpack_featured_media_url":"","jetpack_sharing_enabled":true,"publishpress_future_workflow_manual_trigger":{"enabledWorkflows":[]},"_links":{"self":[{"href":"https:\/\/blogdoeloiltoncajuhy.com.br\/site\/wp-json\/wp\/v2\/posts\/37875","targetHints":{"allow":["GET"]}}],"collection":[{"href":"https:\/\/blogdoeloiltoncajuhy.com.br\/site\/wp-json\/wp\/v2\/posts"}],"about":[{"href":"https:\/\/blogdoeloiltoncajuhy.com.br\/site\/wp-json\/wp\/v2\/types\/post"}],"author":[{"embeddable":true,"href":"https:\/\/blogdoeloiltoncajuhy.com.br\/site\/wp-json\/wp\/v2\/users\/2"}],"replies":[{"embeddable":true,"href":"https:\/\/blogdoeloiltoncajuhy.com.br\/site\/wp-json\/wp\/v2\/comments?post=37875"}],"version-history":[{"count":1,"href":"https:\/\/blogdoeloiltoncajuhy.com.br\/site\/wp-json\/wp\/v2\/posts\/37875\/revisions"}],"predecessor-version":[{"id":37876,"href":"https:\/\/blogdoeloiltoncajuhy.com.br\/site\/wp-json\/wp\/v2\/posts\/37875\/revisions\/37876"}],"wp:attachment":[{"href":"https:\/\/blogdoeloiltoncajuhy.com.br\/site\/wp-json\/wp\/v2\/media?parent=37875"}],"wp:term":[{"taxonomy":"category","embeddable":true,"href":"https:\/\/blogdoeloiltoncajuhy.com.br\/site\/wp-json\/wp\/v2\/categories?post=37875"},{"taxonomy":"post_tag","embeddable":true,"href":"https:\/\/blogdoeloiltoncajuhy.com.br\/site\/wp-json\/wp\/v2\/tags?post=37875"}],"curies":[{"name":"wp","href":"https:\/\/api.w.org\/{rel}","templated":true}]}}