{"id":37856,"date":"2019-10-03T18:45:57","date_gmt":"2019-10-03T21:45:57","guid":{"rendered":"http:\/\/blogdoeloiltoncajuhy.com.br\/site\/?p=37856"},"modified":"2019-10-03T18:46:04","modified_gmt":"2019-10-03T21:46:04","slug":"vereador-cleiton-vieira-busca-alternativas-para-abastecimento-de-agua-para-moradores-de-varzea-cumprida","status":"publish","type":"post","link":"https:\/\/blogdoeloiltoncajuhy.com.br\/site\/vereador-cleiton-vieira-busca-alternativas-para-abastecimento-de-agua-para-moradores-de-varzea-cumprida\/","title":{"rendered":"Vereador Cleiton Vieira busca alternativas para abastecimento de \u00e1gua para moradores de V\u00e1rzea Cumprida"},"content":{"rendered":"\n<p><strong>ASCOM \u2013 Cleiton Vieira<\/strong><\/p>\n\n\n\n<div class=\"wp-block-image\"><figure class=\"aligncenter\"><img fetchpriority=\"high\" decoding=\"async\" width=\"1152\" height=\"864\" src=\"https:\/\/i2.wp.com\/blogdoeloiltoncajuhy.com.br\/site\/wp-content\/uploads\/2019\/10\/AguaVarzeaComprida-01.jpeg?fit=590%2C443\" alt=\"\" class=\"wp-image-37857\" srcset=\"https:\/\/i0.wp.com\/blogdoeloiltoncajuhy.com.br\/site\/wp-content\/uploads\/2019\/10\/AguaVarzeaComprida-01.jpeg?w=1152&amp;ssl=1 1152w, https:\/\/i0.wp.com\/blogdoeloiltoncajuhy.com.br\/site\/wp-content\/uploads\/2019\/10\/AguaVarzeaComprida-01.jpeg?resize=300%2C225&amp;ssl=1 300w, https:\/\/i0.wp.com\/blogdoeloiltoncajuhy.com.br\/site\/wp-content\/uploads\/2019\/10\/AguaVarzeaComprida-01.jpeg?resize=768%2C576&amp;ssl=1 768w, https:\/\/i0.wp.com\/blogdoeloiltoncajuhy.com.br\/site\/wp-content\/uploads\/2019\/10\/AguaVarzeaComprida-01.jpeg?resize=1024%2C768&amp;ssl=1 1024w, https:\/\/i0.wp.com\/blogdoeloiltoncajuhy.com.br\/site\/wp-content\/uploads\/2019\/10\/AguaVarzeaComprida-01.jpeg?resize=250%2C188&amp;ssl=1 250w\" sizes=\"(max-width: 800px) 100vw, 800px\" \/><\/figure><\/div>\n\n\n\n<p>Com a finalidade de levar \u00e1gua pot\u00e1vel e de qualidade aos moradores da zona rural, o mandato do vereador Cleiton Vieira, junto ao deputado estadual Bob\u00f4 e a Prefeitura Municipal de Senhor do Bonfim, n\u00e3o tem medido esfor\u00e7os no sentido de intensificar o abastecimento de \u00e1gua na zona rural do munic\u00edpio, uma a\u00e7\u00e3o que tem contribu\u00eddo significativamente no aumento na qualidade de vida.<\/p>\n\n\n\n<p>Nesta semana, a comunidade de V\u00e1rzea Cumprida, no Distrito de Quic\u00e9, recebeu a visita de t\u00e9cnicos da Companhia de Engenharia H\u00eddrica e de Saneamento da Bahia (CERB), onde iniciaram a perfura\u00e7\u00e3o do po\u00e7o, que deveria abastecer aproximadamente 20 fam\u00edlias, por\u00e9m mesmo chegando \u00e0 profundidade de 120 metros, o po\u00e7o n\u00e3o apresentou \u00e1gua.<\/p>\n\n\n\n<p>Para o vereador Cleiton Vieira, autor do pedido, a parte pol\u00edtica foi feita, em parceria com o deputado estadual Bob\u00f4 e o prefeito Carlos Brasileiro. <em>\u201cConseguimos junto ao governo do estado, atrav\u00e9s da CERB, que t\u00e9cnicos visitassem a comunidade, foram 2 avalia\u00e7\u00f5es t\u00e9cnicas para escolherem o melhor local, para da\u00ed ser feita a perfura\u00e7\u00e3o que infelizmente n\u00e3o teve o resultado esperado, agora vamos em busca de outras alternativas para os moradores da comunidade que merece esse bem precioso que \u00e9 a \u00e1gua\u201d<\/em>, disse.<\/p>\n\n\n\n<div class=\"wp-block-image\"><figure class=\"aligncenter\"><img decoding=\"async\" width=\"1152\" height=\"864\" src=\"https:\/\/i1.wp.com\/blogdoeloiltoncajuhy.com.br\/site\/wp-content\/uploads\/2019\/10\/AguaVarzeaComprida-02.jpeg?fit=590%2C443\" alt=\"\" class=\"wp-image-37858\" srcset=\"https:\/\/i0.wp.com\/blogdoeloiltoncajuhy.com.br\/site\/wp-content\/uploads\/2019\/10\/AguaVarzeaComprida-02.jpeg?w=1152&amp;ssl=1 1152w, https:\/\/i0.wp.com\/blogdoeloiltoncajuhy.com.br\/site\/wp-content\/uploads\/2019\/10\/AguaVarzeaComprida-02.jpeg?resize=300%2C225&amp;ssl=1 300w, https:\/\/i0.wp.com\/blogdoeloiltoncajuhy.com.br\/site\/wp-content\/uploads\/2019\/10\/AguaVarzeaComprida-02.jpeg?resize=768%2C576&amp;ssl=1 768w, https:\/\/i0.wp.com\/blogdoeloiltoncajuhy.com.br\/site\/wp-content\/uploads\/2019\/10\/AguaVarzeaComprida-02.jpeg?resize=1024%2C768&amp;ssl=1 1024w, https:\/\/i0.wp.com\/blogdoeloiltoncajuhy.com.br\/site\/wp-content\/uploads\/2019\/10\/AguaVarzeaComprida-02.jpeg?resize=250%2C188&amp;ssl=1 250w\" sizes=\"(max-width: 800px) 100vw, 800px\" \/><\/figure><\/div>\n","protected":false},"excerpt":{"rendered":"<p>ASCOM \u2013 Cleiton Vieira Com a finalidade de levar \u00e1gua pot\u00e1vel e de qualidade aos moradores da zona rural, o mandato do vereador Cleiton Vieira, junto ao deputado estadual Bob\u00f4 e a Prefeitura Municipal de Senhor do Bonfim, n\u00e3o tem medido esfor\u00e7os no sentido de intensificar o abastecimento de \u00e1gua na zona rural do munic\u00edpio, [&hellip;]<\/p>\n","protected":false},"author":2,"featured_media":37858,"comment_status":"open","ping_status":"open","sticky":false,"template":"","format":"standard","meta":{"_acf_changed":false,"_monsterinsights_skip_tracking":false,"_monsterinsights_sitenote_active":false,"_monsterinsights_sitenote_note":"","_monsterinsights_sitenote_category":0,"_jetpack_memberships_contains_paid_content":false,"footnotes":"","jetpack_publicize_message":"","jetpack_publicize_feature_enabled":true,"jetpack_social_post_already_shared":true,"jetpack_social_options":{"image_generator_settings":{"template":"highway","default_image_id":0,"font":"","enabled":false},"version":2}},"categories":[1,3,4],"tags":[],"class_list":["post-37856","post","type-post","status-publish","format-standard","has-post-thumbnail","hentry","category-noticias","category-politica","category-local"],"acf":[],"jetpack_publicize_connections":[],"jetpack_featured_media_url":"https:\/\/i0.wp.com\/blogdoeloiltoncajuhy.com.br\/site\/wp-content\/uploads\/2019\/10\/AguaVarzeaComprida-02.jpeg?fit=1152%2C864&ssl=1","jetpack_sharing_enabled":true,"publishpress_future_workflow_manual_trigger":{"enabledWorkflows":[]},"_links":{"self":[{"href":"https:\/\/blogdoeloiltoncajuhy.com.br\/site\/wp-json\/wp\/v2\/posts\/37856","targetHints":{"allow":["GET"]}}],"collection":[{"href":"https:\/\/blogdoeloiltoncajuhy.com.br\/site\/wp-json\/wp\/v2\/posts"}],"about":[{"href":"https:\/\/blogdoeloiltoncajuhy.com.br\/site\/wp-json\/wp\/v2\/types\/post"}],"author":[{"embeddable":true,"href":"https:\/\/blogdoeloiltoncajuhy.com.br\/site\/wp-json\/wp\/v2\/users\/2"}],"replies":[{"embeddable":true,"href":"https:\/\/blogdoeloiltoncajuhy.com.br\/site\/wp-json\/wp\/v2\/comments?post=37856"}],"version-history":[{"count":1,"href":"https:\/\/blogdoeloiltoncajuhy.com.br\/site\/wp-json\/wp\/v2\/posts\/37856\/revisions"}],"predecessor-version":[{"id":37859,"href":"https:\/\/blogdoeloiltoncajuhy.com.br\/site\/wp-json\/wp\/v2\/posts\/37856\/revisions\/37859"}],"wp:featuredmedia":[{"embeddable":true,"href":"https:\/\/blogdoeloiltoncajuhy.com.br\/site\/wp-json\/wp\/v2\/media\/37858"}],"wp:attachment":[{"href":"https:\/\/blogdoeloiltoncajuhy.com.br\/site\/wp-json\/wp\/v2\/media?parent=37856"}],"wp:term":[{"taxonomy":"category","embeddable":true,"href":"https:\/\/blogdoeloiltoncajuhy.com.br\/site\/wp-json\/wp\/v2\/categories?post=37856"},{"taxonomy":"post_tag","embeddable":true,"href":"https:\/\/blogdoeloiltoncajuhy.com.br\/site\/wp-json\/wp\/v2\/tags?post=37856"}],"curies":[{"name":"wp","href":"https:\/\/api.w.org\/{rel}","templated":true}]}}