{"id":37853,"date":"2019-10-03T18:36:53","date_gmt":"2019-10-03T21:36:53","guid":{"rendered":"http:\/\/blogdoeloiltoncajuhy.com.br\/site\/?p=37853"},"modified":"2019-10-03T18:36:58","modified_gmt":"2019-10-03T21:36:58","slug":"sr-do-bonfim-equipes-da-pm-e-embasa-fazem-operacao-para-coibir-invasao-a-area-privativa-na-barragem-do-prata","status":"publish","type":"post","link":"https:\/\/blogdoeloiltoncajuhy.com.br\/site\/sr-do-bonfim-equipes-da-pm-e-embasa-fazem-operacao-para-coibir-invasao-a-area-privativa-na-barragem-do-prata\/","title":{"rendered":"Sr. do Bonfim: Equipes da PM e Embasa fazem opera\u00e7\u00e3o para coibir invas\u00e3o \u00e0 \u00e1rea privativa na Barragem do Prata"},"content":{"rendered":"\n<p><strong>Assessoria de Comunica\u00e7\u00e3o da Embasa<\/strong><br><em>Unidade Regional de Senhor do Bonfim<br>74 &#8211; 3541 8400<br>74- 99129 3746 (Tim\/WhatsApp)<\/em><\/p>\n\n\n\n<div class=\"wp-block-image\"><figure class=\"aligncenter\"><img data-recalc-dims=\"1\" fetchpriority=\"high\" decoding=\"async\" width=\"800\" height=\"600\" src=\"https:\/\/i0.wp.com\/blogdoeloiltoncajuhy.com.br\/site\/wp-content\/uploads\/2019\/10\/BarragemPrata.jpg?resize=800%2C600\" alt=\"\" class=\"wp-image-37854\" srcset=\"https:\/\/i0.wp.com\/blogdoeloiltoncajuhy.com.br\/site\/wp-content\/uploads\/2019\/10\/BarragemPrata.jpg?w=1000&amp;ssl=1 1000w, https:\/\/i0.wp.com\/blogdoeloiltoncajuhy.com.br\/site\/wp-content\/uploads\/2019\/10\/BarragemPrata.jpg?resize=300%2C225&amp;ssl=1 300w, https:\/\/i0.wp.com\/blogdoeloiltoncajuhy.com.br\/site\/wp-content\/uploads\/2019\/10\/BarragemPrata.jpg?resize=768%2C576&amp;ssl=1 768w, https:\/\/i0.wp.com\/blogdoeloiltoncajuhy.com.br\/site\/wp-content\/uploads\/2019\/10\/BarragemPrata.jpg?resize=250%2C188&amp;ssl=1 250w\" sizes=\"(max-width: 800px) 100vw, 800px\" \/><\/figure><\/div>\n\n\n\n<p>No \u00faltimo final de semana, equipes da Embasa e da Pol\u00edcia Militar realizaram uma opera\u00e7\u00e3o na Barragem do Prata, em Senhor do Bonfim, para coibir o uso n\u00e3o autorizado das \u00e1guas na \u00e1rea privativa da Barragem.<\/p>\n\n\n\n<p>A opera\u00e7\u00e3o teve como objetivo orientar banhistas e propriet\u00e1rios de animais sobre os riscos de acidentes no local e consequ\u00eancias punitivas decorrentes de invas\u00e3o \u00e0 \u00e1rea onde \u00e9 feita a capta\u00e7\u00e3o de \u00e1gua pela empresa e que abastece o munic\u00edpio. Nas pr\u00f3ximas opera\u00e7\u00f5es, os infratores poder\u00e3o ser conduzidos \u00e0 delegacia.<\/p>\n\n\n\n<p>De acordo com o gerente da Embasa de Senhor do Bonfim, Pedro Jambeiro, o local pode oferecer riscos de afogamento e choques el\u00e9tricos, pois cont\u00e9m equipamentos eletromec\u00e2nicos de capta\u00e7\u00e3o de \u00e1gua, e deve ser preservado para uso estritamente da empresa.<\/p>\n\n\n\n<p><em>\u201cPara evitar a invas\u00e3o, n\u00f3s instalamos placas, muros, cercas e port\u00e3o no local, por\u00e9m a medida teve efeitos limitados. Com o apoio do 6\u00ba Batalh\u00e3o da Pol\u00edcia Militar, acreditamos que vamos diminuir consideravelmente essa pr\u00e1tica\u201d<\/em>, afirmou.<\/p>\n","protected":false},"excerpt":{"rendered":"<p>Assessoria de Comunica\u00e7\u00e3o da EmbasaUnidade Regional de Senhor do Bonfim74 &#8211; 3541 840074- 99129 3746 (Tim\/WhatsApp) No \u00faltimo final de semana, equipes da Embasa e da Pol\u00edcia Militar realizaram uma opera\u00e7\u00e3o na Barragem do Prata, em Senhor do Bonfim, para coibir o uso n\u00e3o autorizado das \u00e1guas na \u00e1rea privativa da Barragem. A opera\u00e7\u00e3o teve [&hellip;]<\/p>\n","protected":false},"author":2,"featured_media":37854,"comment_status":"open","ping_status":"open","sticky":false,"template":"","format":"standard","meta":{"_acf_changed":false,"_monsterinsights_skip_tracking":false,"_monsterinsights_sitenote_active":false,"_monsterinsights_sitenote_note":"","_monsterinsights_sitenote_category":0,"_jetpack_memberships_contains_paid_content":false,"footnotes":"","jetpack_publicize_message":"","jetpack_publicize_feature_enabled":true,"jetpack_social_post_already_shared":true,"jetpack_social_options":{"image_generator_settings":{"template":"highway","default_image_id":0,"font":"","enabled":false},"version":2}},"categories":[1,4],"tags":[],"class_list":["post-37853","post","type-post","status-publish","format-standard","has-post-thumbnail","hentry","category-noticias","category-local"],"acf":[],"jetpack_publicize_connections":[],"jetpack_featured_media_url":"https:\/\/i0.wp.com\/blogdoeloiltoncajuhy.com.br\/site\/wp-content\/uploads\/2019\/10\/BarragemPrata.jpg?fit=1000%2C750&ssl=1","jetpack_sharing_enabled":true,"publishpress_future_workflow_manual_trigger":{"enabledWorkflows":[]},"_links":{"self":[{"href":"https:\/\/blogdoeloiltoncajuhy.com.br\/site\/wp-json\/wp\/v2\/posts\/37853","targetHints":{"allow":["GET"]}}],"collection":[{"href":"https:\/\/blogdoeloiltoncajuhy.com.br\/site\/wp-json\/wp\/v2\/posts"}],"about":[{"href":"https:\/\/blogdoeloiltoncajuhy.com.br\/site\/wp-json\/wp\/v2\/types\/post"}],"author":[{"embeddable":true,"href":"https:\/\/blogdoeloiltoncajuhy.com.br\/site\/wp-json\/wp\/v2\/users\/2"}],"replies":[{"embeddable":true,"href":"https:\/\/blogdoeloiltoncajuhy.com.br\/site\/wp-json\/wp\/v2\/comments?post=37853"}],"version-history":[{"count":1,"href":"https:\/\/blogdoeloiltoncajuhy.com.br\/site\/wp-json\/wp\/v2\/posts\/37853\/revisions"}],"predecessor-version":[{"id":37855,"href":"https:\/\/blogdoeloiltoncajuhy.com.br\/site\/wp-json\/wp\/v2\/posts\/37853\/revisions\/37855"}],"wp:featuredmedia":[{"embeddable":true,"href":"https:\/\/blogdoeloiltoncajuhy.com.br\/site\/wp-json\/wp\/v2\/media\/37854"}],"wp:attachment":[{"href":"https:\/\/blogdoeloiltoncajuhy.com.br\/site\/wp-json\/wp\/v2\/media?parent=37853"}],"wp:term":[{"taxonomy":"category","embeddable":true,"href":"https:\/\/blogdoeloiltoncajuhy.com.br\/site\/wp-json\/wp\/v2\/categories?post=37853"},{"taxonomy":"post_tag","embeddable":true,"href":"https:\/\/blogdoeloiltoncajuhy.com.br\/site\/wp-json\/wp\/v2\/tags?post=37853"}],"curies":[{"name":"wp","href":"https:\/\/api.w.org\/{rel}","templated":true}]}}