{"id":37847,"date":"2019-10-03T10:42:55","date_gmt":"2019-10-03T13:42:55","guid":{"rendered":"http:\/\/blogdoeloiltoncajuhy.com.br\/site\/?p=37847"},"modified":"2019-10-03T10:43:01","modified_gmt":"2019-10-03T13:43:01","slug":"mestrado-em-biodiversidade-vegetal-da-uneb-abrira-inscricoes-a-partir-de-segunda-feira-07","status":"publish","type":"post","link":"https:\/\/blogdoeloiltoncajuhy.com.br\/site\/mestrado-em-biodiversidade-vegetal-da-uneb-abrira-inscricoes-a-partir-de-segunda-feira-07\/","title":{"rendered":"Mestrado em Biodiversidade Vegetal da UNEB abrir\u00e1 inscri\u00e7\u00f5es a partir de segunda-feira (07)"},"content":{"rendered":"\n<p><strong>Lorena Simas<\/strong><br>Coordenadora do N\u00facleo de Assessoria de Comunica\u00e7\u00e3o (NAC-DEDC\/UNEB)<\/p>\n\n\n\n<div class=\"wp-block-image\"><figure class=\"aligncenter is-resized\"><img data-recalc-dims=\"1\" fetchpriority=\"high\" decoding=\"async\" src=\"https:\/\/i0.wp.com\/blogdoeloiltoncajuhy.com.br\/site\/wp-content\/uploads\/2019\/10\/Uneb_Divulga-Sele%C3%A7%C3%A3o-2020.jpg?resize=480%2C360\" alt=\"\" class=\"wp-image-37848\" width=\"480\" height=\"360\" srcset=\"https:\/\/i0.wp.com\/blogdoeloiltoncajuhy.com.br\/site\/wp-content\/uploads\/2019\/10\/Uneb_Divulga-Sele%C3%A7%C3%A3o-2020.jpg?w=960&amp;ssl=1 960w, https:\/\/i0.wp.com\/blogdoeloiltoncajuhy.com.br\/site\/wp-content\/uploads\/2019\/10\/Uneb_Divulga-Sele%C3%A7%C3%A3o-2020.jpg?resize=300%2C225&amp;ssl=1 300w, https:\/\/i0.wp.com\/blogdoeloiltoncajuhy.com.br\/site\/wp-content\/uploads\/2019\/10\/Uneb_Divulga-Sele%C3%A7%C3%A3o-2020.jpg?resize=768%2C576&amp;ssl=1 768w, https:\/\/i0.wp.com\/blogdoeloiltoncajuhy.com.br\/site\/wp-content\/uploads\/2019\/10\/Uneb_Divulga-Sele%C3%A7%C3%A3o-2020.jpg?resize=250%2C188&amp;ssl=1 250w\" sizes=\"(max-width: 480px) 100vw, 480px\" \/><\/figure><\/div>\n\n\n\n<p>O Programa de P\u00f3s-Gradua\u00e7\u00e3o em Biodiversidade Vegetal (PPGBVeg) da UNEB abrir\u00e1 inscri\u00e7\u00f5es para sele\u00e7\u00e3o de aluno regular a partir desta segunda-feira (07). As inscri\u00e7\u00f5es ser\u00e3o realizadas mediante preenchimento de formul\u00e1rio eletr\u00f4nico e envio de documenta\u00e7\u00e3o exigida no edital at\u00e9 o dia 6 de novembro.<\/p>\n\n\n\n<p>Ser\u00e3o ofertadas 17 vagas na \u00e1rea de concentra\u00e7\u00e3o em Biodiversidade Vegetal, com \u00eanfase na flora do Nordeste e nas linhas de pesquisa: 1. Morfologia vegetal, recursos e potencialidades da flora do Nordeste; 2. Flor\u00edstica, sistem\u00e1tica e filogenia de faner\u00f3gamas e cript\u00f3gamas.<\/p>\n\n\n\n<p>O PPGBVeg \u00e9 ofertado pelo Departamento de Ci\u00eancias Exatas e da Terra (DCET), Campus II, Alagoinhas; Departamento de Educa\u00e7\u00e3o (DEDC), Campus VII, Senhor do Bonfim; e Departamento de Educa\u00e7\u00e3o (DEDC), Campus VIII, Paulo Afonso da UNEB.<\/p>\n\n\n\n<p>Para mais informa\u00e7\u00f5es acesse o edital n\u00ba 089\/2019 no link: <a href=\"https:\/\/portal.uneb.br\/ppgbveg\/aluno-regular\/\">https:\/\/portal.uneb.br\/ppgbveg\/aluno-regular\/<\/a> ou ligue para (74) 3541-8942.<\/p>\n","protected":false},"excerpt":{"rendered":"<p>Lorena SimasCoordenadora do N\u00facleo de Assessoria de Comunica\u00e7\u00e3o (NAC-DEDC\/UNEB) O Programa de P\u00f3s-Gradua\u00e7\u00e3o em Biodiversidade Vegetal (PPGBVeg) da UNEB abrir\u00e1 inscri\u00e7\u00f5es para sele\u00e7\u00e3o de aluno regular a partir desta segunda-feira (07). As inscri\u00e7\u00f5es ser\u00e3o realizadas mediante preenchimento de formul\u00e1rio eletr\u00f4nico e envio de documenta\u00e7\u00e3o exigida no edital at\u00e9 o dia 6 de novembro. Ser\u00e3o ofertadas [&hellip;]<\/p>\n","protected":false},"author":2,"featured_media":37848,"comment_status":"open","ping_status":"open","sticky":false,"template":"","format":"standard","meta":{"_acf_changed":false,"_monsterinsights_skip_tracking":false,"_monsterinsights_sitenote_active":false,"_monsterinsights_sitenote_note":"","_monsterinsights_sitenote_category":0,"_jetpack_memberships_contains_paid_content":false,"footnotes":"","jetpack_publicize_message":"","jetpack_publicize_feature_enabled":true,"jetpack_social_post_already_shared":true,"jetpack_social_options":{"image_generator_settings":{"template":"highway","default_image_id":0,"font":"","enabled":false},"version":2}},"categories":[14,1,4],"tags":[],"class_list":["post-37847","post","type-post","status-publish","format-standard","has-post-thumbnail","hentry","category-educacao","category-noticias","category-local"],"acf":[],"jetpack_publicize_connections":[],"jetpack_featured_media_url":"https:\/\/i0.wp.com\/blogdoeloiltoncajuhy.com.br\/site\/wp-content\/uploads\/2019\/10\/Uneb_Divulga-Sele%C3%A7%C3%A3o-2020.jpg?fit=960%2C720&ssl=1","jetpack_sharing_enabled":true,"publishpress_future_workflow_manual_trigger":{"enabledWorkflows":[]},"_links":{"self":[{"href":"https:\/\/blogdoeloiltoncajuhy.com.br\/site\/wp-json\/wp\/v2\/posts\/37847","targetHints":{"allow":["GET"]}}],"collection":[{"href":"https:\/\/blogdoeloiltoncajuhy.com.br\/site\/wp-json\/wp\/v2\/posts"}],"about":[{"href":"https:\/\/blogdoeloiltoncajuhy.com.br\/site\/wp-json\/wp\/v2\/types\/post"}],"author":[{"embeddable":true,"href":"https:\/\/blogdoeloiltoncajuhy.com.br\/site\/wp-json\/wp\/v2\/users\/2"}],"replies":[{"embeddable":true,"href":"https:\/\/blogdoeloiltoncajuhy.com.br\/site\/wp-json\/wp\/v2\/comments?post=37847"}],"version-history":[{"count":1,"href":"https:\/\/blogdoeloiltoncajuhy.com.br\/site\/wp-json\/wp\/v2\/posts\/37847\/revisions"}],"predecessor-version":[{"id":37849,"href":"https:\/\/blogdoeloiltoncajuhy.com.br\/site\/wp-json\/wp\/v2\/posts\/37847\/revisions\/37849"}],"wp:featuredmedia":[{"embeddable":true,"href":"https:\/\/blogdoeloiltoncajuhy.com.br\/site\/wp-json\/wp\/v2\/media\/37848"}],"wp:attachment":[{"href":"https:\/\/blogdoeloiltoncajuhy.com.br\/site\/wp-json\/wp\/v2\/media?parent=37847"}],"wp:term":[{"taxonomy":"category","embeddable":true,"href":"https:\/\/blogdoeloiltoncajuhy.com.br\/site\/wp-json\/wp\/v2\/categories?post=37847"},{"taxonomy":"post_tag","embeddable":true,"href":"https:\/\/blogdoeloiltoncajuhy.com.br\/site\/wp-json\/wp\/v2\/tags?post=37847"}],"curies":[{"name":"wp","href":"https:\/\/api.w.org\/{rel}","templated":true}]}}