{"id":37843,"date":"2019-10-03T08:00:17","date_gmt":"2019-10-03T11:00:17","guid":{"rendered":"http:\/\/blogdoeloiltoncajuhy.com.br\/site\/?p=37843"},"modified":"2019-10-03T08:00:23","modified_gmt":"2019-10-03T11:00:23","slug":"conselho-municipal-de-saude-de-senhor-do-bonfim-divulga-edital-para-eleicao-de-novos-membros","status":"publish","type":"post","link":"https:\/\/blogdoeloiltoncajuhy.com.br\/site\/conselho-municipal-de-saude-de-senhor-do-bonfim-divulga-edital-para-eleicao-de-novos-membros\/","title":{"rendered":"Conselho Municipal de Sa\u00fade de Senhor do Bonfim divulga edital para elei\u00e7\u00e3o de novos membros"},"content":{"rendered":"\n<div class=\"wp-block-image\"><figure class=\"aligncenter\"><img data-recalc-dims=\"1\" fetchpriority=\"high\" decoding=\"async\" width=\"500\" height=\"335\" src=\"https:\/\/i0.wp.com\/blogdoeloiltoncajuhy.com.br\/site\/wp-content\/uploads\/2017\/09\/comunicado.jpg?resize=500%2C335\" alt=\"\" class=\"wp-image-20294\" srcset=\"https:\/\/i0.wp.com\/blogdoeloiltoncajuhy.com.br\/site\/wp-content\/uploads\/2017\/09\/comunicado.jpg?w=500&amp;ssl=1 500w, https:\/\/i0.wp.com\/blogdoeloiltoncajuhy.com.br\/site\/wp-content\/uploads\/2017\/09\/comunicado.jpg?resize=300%2C201&amp;ssl=1 300w, https:\/\/i0.wp.com\/blogdoeloiltoncajuhy.com.br\/site\/wp-content\/uploads\/2017\/09\/comunicado.jpg?resize=250%2C168&amp;ssl=1 250w\" sizes=\"(max-width: 500px) 100vw, 500px\" \/><\/figure><\/div>\n\n\n\n<p>O Conselho Municipal de Sa\u00fade de Senhor do Bonfim lan\u00e7ou edital de convoca\u00e7\u00e3o para elei\u00e7\u00e3o de membros para o bi\u00eanio 2019\/2021. As inscri\u00e7\u00f5es j\u00e1 est\u00e3o abertas e seguem at\u00e9 o dia 17 de outubro, na dos Conselhos de Senhor do Bonfim, no hor\u00e1rio das 8h \u00e0s 12h e das 14h \u00e0s 16h.<\/p>\n\n\n\n<p>Ser\u00e3o eleitos 12 conselheiros titulares e 12 suplentes, podendo concorrer representantes de entidades e movimentos sociais dos segmentos de usu\u00e1rios, trabalhadores da sa\u00fade, gestores e prestadores de servi\u00e7os de sa\u00fade p\u00fablica e privada, no \u00e2mbito municipal.<\/p>\n\n\n\n<p><strong>A elei\u00e7\u00e3o segue a seguinte programa\u00e7\u00e3o<\/strong>:<\/p>\n\n\n\n<p>30\/10: Credenciamento na Casa dos Conselhos de Senhor do Bonfim, das 13h30 \u00e0s 15h. Plen\u00e1ria a partir das 15h30.<\/p>\n","protected":false},"excerpt":{"rendered":"<p>O Conselho Municipal de Sa\u00fade de Senhor do Bonfim lan\u00e7ou edital de convoca\u00e7\u00e3o para elei\u00e7\u00e3o de membros para o bi\u00eanio 2019\/2021. As inscri\u00e7\u00f5es j\u00e1 est\u00e3o abertas e seguem at\u00e9 o dia 17 de outubro, na dos Conselhos de Senhor do Bonfim, no hor\u00e1rio das 8h \u00e0s 12h e das 14h \u00e0s 16h. Ser\u00e3o eleitos 12 [&hellip;]<\/p>\n","protected":false},"author":2,"featured_media":0,"comment_status":"open","ping_status":"open","sticky":false,"template":"","format":"standard","meta":{"_acf_changed":false,"_monsterinsights_skip_tracking":false,"_monsterinsights_sitenote_active":false,"_monsterinsights_sitenote_note":"","_monsterinsights_sitenote_category":0,"_jetpack_memberships_contains_paid_content":false,"footnotes":"","jetpack_publicize_message":"","jetpack_publicize_feature_enabled":true,"jetpack_social_post_already_shared":true,"jetpack_social_options":{"image_generator_settings":{"template":"highway","default_image_id":0,"font":"","enabled":false},"version":2}},"categories":[5,1,4],"tags":[],"class_list":["post-37843","post","type-post","status-publish","format-standard","hentry","category-cotidiano","category-noticias","category-local"],"acf":[],"jetpack_publicize_connections":[],"jetpack_featured_media_url":"","jetpack_sharing_enabled":true,"publishpress_future_workflow_manual_trigger":{"enabledWorkflows":[]},"_links":{"self":[{"href":"https:\/\/blogdoeloiltoncajuhy.com.br\/site\/wp-json\/wp\/v2\/posts\/37843","targetHints":{"allow":["GET"]}}],"collection":[{"href":"https:\/\/blogdoeloiltoncajuhy.com.br\/site\/wp-json\/wp\/v2\/posts"}],"about":[{"href":"https:\/\/blogdoeloiltoncajuhy.com.br\/site\/wp-json\/wp\/v2\/types\/post"}],"author":[{"embeddable":true,"href":"https:\/\/blogdoeloiltoncajuhy.com.br\/site\/wp-json\/wp\/v2\/users\/2"}],"replies":[{"embeddable":true,"href":"https:\/\/blogdoeloiltoncajuhy.com.br\/site\/wp-json\/wp\/v2\/comments?post=37843"}],"version-history":[{"count":1,"href":"https:\/\/blogdoeloiltoncajuhy.com.br\/site\/wp-json\/wp\/v2\/posts\/37843\/revisions"}],"predecessor-version":[{"id":37844,"href":"https:\/\/blogdoeloiltoncajuhy.com.br\/site\/wp-json\/wp\/v2\/posts\/37843\/revisions\/37844"}],"wp:attachment":[{"href":"https:\/\/blogdoeloiltoncajuhy.com.br\/site\/wp-json\/wp\/v2\/media?parent=37843"}],"wp:term":[{"taxonomy":"category","embeddable":true,"href":"https:\/\/blogdoeloiltoncajuhy.com.br\/site\/wp-json\/wp\/v2\/categories?post=37843"},{"taxonomy":"post_tag","embeddable":true,"href":"https:\/\/blogdoeloiltoncajuhy.com.br\/site\/wp-json\/wp\/v2\/tags?post=37843"}],"curies":[{"name":"wp","href":"https:\/\/api.w.org\/{rel}","templated":true}]}}