{"id":37841,"date":"2019-10-03T07:52:17","date_gmt":"2019-10-03T10:52:17","guid":{"rendered":"http:\/\/blogdoeloiltoncajuhy.com.br\/site\/?p=37841"},"modified":"2019-10-03T07:52:24","modified_gmt":"2019-10-03T10:52:24","slug":"camara-municipal-de-sr-do-bonfim-divulga-pauta-da-sessao-ordinaria-desta-quinta-feira-03","status":"publish","type":"post","link":"https:\/\/blogdoeloiltoncajuhy.com.br\/site\/camara-municipal-de-sr-do-bonfim-divulga-pauta-da-sessao-ordinaria-desta-quinta-feira-03\/","title":{"rendered":"C\u00e2mara Municipal de Sr. do Bonfim divulga pauta da sess\u00e3o ordin\u00e1ria desta quinta-feira (03)"},"content":{"rendered":"\n<p><strong>Assessoria de Comunica\u00e7\u00e3o &#8211; C\u00e2mara Municipal de Senhor do Bonfim-BA<\/strong><\/p>\n\n\n\n<div class=\"wp-block-image\"><figure class=\"aligncenter\"><img data-recalc-dims=\"1\" fetchpriority=\"high\" decoding=\"async\" width=\"768\" height=\"427\" src=\"https:\/\/i0.wp.com\/blogdoeloiltoncajuhy.com.br\/site\/wp-content\/uploads\/2019\/04\/camara-de-bonfim-2.jpg?resize=768%2C427\" alt=\"\" class=\"wp-image-33523\" srcset=\"https:\/\/i0.wp.com\/blogdoeloiltoncajuhy.com.br\/site\/wp-content\/uploads\/2019\/04\/camara-de-bonfim-2.jpg?w=768&amp;ssl=1 768w, https:\/\/i0.wp.com\/blogdoeloiltoncajuhy.com.br\/site\/wp-content\/uploads\/2019\/04\/camara-de-bonfim-2.jpg?resize=300%2C167&amp;ssl=1 300w, https:\/\/i0.wp.com\/blogdoeloiltoncajuhy.com.br\/site\/wp-content\/uploads\/2019\/04\/camara-de-bonfim-2.jpg?resize=250%2C139&amp;ssl=1 250w\" sizes=\"(max-width: 768px) 100vw, 768px\" \/><\/figure><\/div>\n\n\n\n<p>Ser\u00e1 realizada nesta quinta-feira, 03 de outubro, mais uma sess\u00e3o ordin\u00e1ria da C\u00e2mara Municipal de Senhor do Bonfim. A sess\u00e3o tamb\u00e9m ser\u00e1 transmitida pela internet a partir das 19h.<\/p>\n\n\n\n<p class=\"has-medium-font-size\"><strong>DURANTE O EXPEDIENTE SER\u00c3O LIDAS AS MAT\u00c9RIAS:<\/strong><\/p>\n\n\n\n<ul class=\"wp-block-list\"><li><strong>OF\u00cdCIO GAB. PREF. N\u00ba 283\/2019<\/strong>, que encaminha projeto de lei do Executivo n\u00ba 015\/2019.<\/li><\/ul>\n\n\n\n<ul class=\"wp-block-list\"><li><strong>PROJETO DE LEI DO EXECUTIVO N\u00ba 015\/2019<\/strong>, que \u201cestima a receita e fixa a despesa do or\u00e7amento anual do Munic\u00edpio de Senhor do Bonfim, para o exerc\u00edcio de 2020 e d\u00e1 outras provid\u00eancias\u201d;<\/li><\/ul>\n\n\n\n<ul class=\"wp-block-list\"><li><strong>OF\u00cdCIO GAB. PREF. N\u00ba 284\/2019<\/strong>, que encaminha projeto de lei do Executivo n\u00ba 016\/2019.<\/li><\/ul>\n\n\n\n<ul class=\"wp-block-list\"><li><strong>PROJETO DE LEI DO EXECUTIVO N\u00ba 016\/2019<\/strong>, que \u201cDisp\u00f5e sobre a cria\u00e7\u00e3o do Conselho Municipal de Turismo \u2013 COMTUR, do Fundo Municipal de Turismo \u2013 FUMTUR e d\u00e1 outras provid\u00eancias\u201d;<\/li><\/ul>\n\n\n\n<ul class=\"wp-block-list\"><li><strong>PROJETO DE LEI DO LEGISLATIVO N\u00ba 031\/2019<\/strong>, de autoria do vereador Cleiton Vieira Pinto que \u201cDeclara de Utilidade P\u00fablica Municipal a Associa\u00e7\u00e3o de Motociclistas Lobos Solit\u00e1rios e d\u00e1 outras provid\u00eancias\u201d;<\/li><\/ul>\n\n\n\n<ul class=\"wp-block-list\"><li><strong>PROJETO DE LEI DO LEGISLATIVO N\u00ba 032\/2019<\/strong>, de autoria do vereador Cleiton Vieira Pinto que \u201cDisp\u00f5e sobre a institui\u00e7\u00e3o no Calend\u00e1rio Oficial do Munic\u00edpio de Senhor do Bonfim \u2018Fim de Semana de Encontro de Motociclistas\u2019, e d\u00e1 outras provid\u00eancias\u201d;<\/li><\/ul>\n\n\n\n<ul class=\"wp-block-list\"><li><strong>PROJETO DE DECRETO LEGISLATIVO N\u00ba 025\/2019<\/strong>, de autoria do vereador Ot\u00e1vio Xisto de Souza J\u00fanior que \u201cConcede a Medalha Dr. Jos\u00e9 Gon\u00e7alves ao Sr. Vivaldo Moreira da Silva e d\u00e1 outras provid\u00eancias\u201d;<\/li><\/ul>\n\n\n\n<ul class=\"wp-block-list\"><li><strong>PEDIDO DE PROVID\u00caNCIA N\u00ba 051\/2019<\/strong>, de autoria do vereador Elizeu Concei\u00e7\u00e3o de Souza, que solicita \u201cque a Secretaria de Infraestrutura realize o servi\u00e7o de ilumina\u00e7\u00e3o p\u00fablica no Povoado de Socotozinho\u201d;<\/li><\/ul>\n\n\n\n<ul class=\"wp-block-list\"><li><strong>PEDIDO DE PROVID\u00caNCIA N\u00ba 058\/2019<\/strong>, de autoria do vereador La\u00e9rcio Muniz de Azevedo J\u00fanior que solicita \u201cque a Secretaria Municipal de Infraestrutura promova a melhoria da via p\u00fablica, Rua Vila Nova, bairro Bosque, fazendo a recupera\u00e7\u00e3o do seu cal\u00e7amento\u201d;<\/li><\/ul>\n\n\n\n<ul class=\"wp-block-list\"><li><strong>PEDIDO DE PROVID\u00caNCIA N\u00ba 059\/2019<\/strong>, de autoria do vereador La\u00e9rcio Muniz de Azevedo J\u00fanior que solicita \u201cque a Secretaria Municipal de Infraestrutura promova a melhoria da via p\u00fablica, Rua Daiane dos Santos, Loteamento Vila Bela, fazendo a reposi\u00e7\u00e3o de l\u00e2mpadas\u201d;<\/li><\/ul>\n\n\n\n<ul class=\"wp-block-list\"><li><strong>MO\u00c7\u00c3O DE PESAR<\/strong>, de autoria de todos os vereadores, pelo falecimento do Senhor C\u00edcero Alberto de Moura Lima Filho, ocorrido no dia 27 de setembro de 2019\u201d;<\/li><\/ul>\n\n\n\n<ul class=\"wp-block-list\"><li><strong>MO\u00c7\u00c3O DE PESAR<\/strong>, de autoria do vereador La\u00e9rcio Muniz de Azevedo J\u00fanior, pelo falecimento do Senhor Alberto Ot\u00e1vio de Carvalho, ocorrido no dia 27 de setembro de 2019\u201d;<\/li><\/ul>\n\n\n\n<ul class=\"wp-block-list\"><li><strong>MO\u00c7\u00c3O DE PESAR<\/strong>, de autoria do vereador Jorge Souza e Silva Filho, pelo falecimento do Cl\u00e1udio Francisco Jacome, ocorrido no dia 5 de setembro de 2019\u201d;<\/li><\/ul>\n\n\n\n<ul class=\"wp-block-list\"><li><strong>OF\u00cdCIO<\/strong>, oriundo da Prefeitura Municipal de Senhor do Bonfim, que solicita espa\u00e7o na tribuna livre da C\u00e2mara, para discuss\u00e3o do Projeto de Lei do Executivo n\u00b0 013\/2019;<\/li><\/ul>\n\n\n\n<ul class=\"wp-block-list\"><li><strong>OF\u00cdCIO N\u00ba 035\/2019<\/strong>, oriundo do Sindicato dos Trabalhadores na Educa\u00e7\u00e3o de Senhor do Bonfim, que solicita uso da tribuna para a discuss\u00e3o do Projeto Reda, de autoria do Executivo Municipal;<\/li><\/ul>\n\n\n\n<ul class=\"wp-block-list\"><li><strong>OF\u00cdCIO S\/N<\/strong>, oriundo dos Sindicato dos Servidores P\u00fablicos Municipais de Senhor do Bonfim, que solicita espa\u00e7o na tribuna para debater acerca do Projeto de Lei do Executivo n\u00ba 013\/2019;<\/li><\/ul>\n\n\n\n<ul class=\"wp-block-list\"><li><strong>OF\u00cdCIO N\u00ba 041\/2019<\/strong>, oriundo do gabinete do vereador La\u00e9rcio Muniz de Azevedo J\u00fanior, que solicita parecer jur\u00eddico dos advogados da C\u00e2mara acerca da constitucionalidade ou n\u00e3o do Projeto de Lei do Executivo n\u00ba 013\/2019;<\/li><\/ul>\n\n\n\n<ul class=\"wp-block-list\"><li><strong>OF\u00cdCIO N\u00ba 149\/2019<\/strong>, de autoria da Secretaria de Planejamento e Finan\u00e7as do Munic\u00edpio, que reenvia proje\u00e7\u00e3o da receita or\u00e7ament\u00e1ria para o exerc\u00edcio de 2020.<\/li><\/ul>\n\n\n\n<p class=\"has-medium-font-size\"><strong>ORDEM DO DO DIA<\/strong><\/p>\n\n\n\n<ul class=\"wp-block-list\"><li><strong>MO\u00c7\u00c3O DE PESAR<\/strong>, de autoria de todos os vereadores, pelo falecimento do Senhor C\u00edcero Alberto de Moura Lima Filho, ocorrido no dia 27 de setembro de 2019\u201d;<\/li><\/ul>\n\n\n\n<ul class=\"wp-block-list\"><li><strong>MO\u00c7\u00c3O DE PESAR<\/strong>, de autoria do vereador La\u00e9rcio Muniz de Azevedo J\u00fanior, pelo falecimento do Senhor Alberto Ot\u00e1vio de Carvalho, ocorrido no dia 27 de setembro de 2019\u201d;<\/li><\/ul>\n\n\n\n<ul class=\"wp-block-list\"><li><strong>MO\u00c7\u00c3O DE PESAR<\/strong>, de autoria do vereador Jorge Souza e Silva Filho, pelo falecimento do Cl\u00e1udio Francisco Jacome, ocorrido no dia 5 de setembro de 2019\u201d.<\/li><\/ul>\n","protected":false},"excerpt":{"rendered":"<p>Assessoria de Comunica\u00e7\u00e3o &#8211; C\u00e2mara Municipal de Senhor do Bonfim-BA Ser\u00e1 realizada nesta quinta-feira, 03 de outubro, mais uma sess\u00e3o ordin\u00e1ria da C\u00e2mara Municipal de Senhor do Bonfim. A sess\u00e3o tamb\u00e9m ser\u00e1 transmitida pela internet a partir das 19h. DURANTE O EXPEDIENTE SER\u00c3O LIDAS AS MAT\u00c9RIAS: OF\u00cdCIO GAB. PREF. N\u00ba 283\/2019, que encaminha projeto de [&hellip;]<\/p>\n","protected":false},"author":2,"featured_media":0,"comment_status":"open","ping_status":"open","sticky":false,"template":"","format":"standard","meta":{"_acf_changed":false,"_monsterinsights_skip_tracking":false,"_monsterinsights_sitenote_active":false,"_monsterinsights_sitenote_note":"","_monsterinsights_sitenote_category":0,"_jetpack_memberships_contains_paid_content":false,"footnotes":"","jetpack_publicize_message":"","jetpack_publicize_feature_enabled":true,"jetpack_social_post_already_shared":true,"jetpack_social_options":{"image_generator_settings":{"template":"highway","default_image_id":0,"font":"","enabled":false},"version":2}},"categories":[1,3,4],"tags":[],"class_list":["post-37841","post","type-post","status-publish","format-standard","hentry","category-noticias","category-politica","category-local"],"acf":[],"jetpack_publicize_connections":[],"jetpack_featured_media_url":"","jetpack_sharing_enabled":true,"publishpress_future_workflow_manual_trigger":{"enabledWorkflows":[]},"_links":{"self":[{"href":"https:\/\/blogdoeloiltoncajuhy.com.br\/site\/wp-json\/wp\/v2\/posts\/37841","targetHints":{"allow":["GET"]}}],"collection":[{"href":"https:\/\/blogdoeloiltoncajuhy.com.br\/site\/wp-json\/wp\/v2\/posts"}],"about":[{"href":"https:\/\/blogdoeloiltoncajuhy.com.br\/site\/wp-json\/wp\/v2\/types\/post"}],"author":[{"embeddable":true,"href":"https:\/\/blogdoeloiltoncajuhy.com.br\/site\/wp-json\/wp\/v2\/users\/2"}],"replies":[{"embeddable":true,"href":"https:\/\/blogdoeloiltoncajuhy.com.br\/site\/wp-json\/wp\/v2\/comments?post=37841"}],"version-history":[{"count":1,"href":"https:\/\/blogdoeloiltoncajuhy.com.br\/site\/wp-json\/wp\/v2\/posts\/37841\/revisions"}],"predecessor-version":[{"id":37842,"href":"https:\/\/blogdoeloiltoncajuhy.com.br\/site\/wp-json\/wp\/v2\/posts\/37841\/revisions\/37842"}],"wp:attachment":[{"href":"https:\/\/blogdoeloiltoncajuhy.com.br\/site\/wp-json\/wp\/v2\/media?parent=37841"}],"wp:term":[{"taxonomy":"category","embeddable":true,"href":"https:\/\/blogdoeloiltoncajuhy.com.br\/site\/wp-json\/wp\/v2\/categories?post=37841"},{"taxonomy":"post_tag","embeddable":true,"href":"https:\/\/blogdoeloiltoncajuhy.com.br\/site\/wp-json\/wp\/v2\/tags?post=37841"}],"curies":[{"name":"wp","href":"https:\/\/api.w.org\/{rel}","templated":true}]}}