{"id":37836,"date":"2019-10-02T18:39:56","date_gmt":"2019-10-02T21:39:56","guid":{"rendered":"http:\/\/blogdoeloiltoncajuhy.com.br\/site\/?p=37836"},"modified":"2019-10-02T18:40:02","modified_gmt":"2019-10-02T21:40:02","slug":"xexeu-ex-timbalada-e-internado-em-clinica-de-reabilitacao-em-salvador","status":"publish","type":"post","link":"https:\/\/blogdoeloiltoncajuhy.com.br\/site\/xexeu-ex-timbalada-e-internado-em-clinica-de-reabilitacao-em-salvador\/","title":{"rendered":"Xex\u00e9u, ex-Timbalada, \u00e9 internado em cl\u00ednica de reabilita\u00e7\u00e3o em Salvador"},"content":{"rendered":"\n<h5 class=\"wp-block-heading\" style=\"text-align:center\"><em>Ex-vocalista do grupo Timbalada ficou desaparecido por quatro dias quando foi filmado pedindo dinheiro nas ruas de Salvador<\/em><\/h5>\n\n\n\n<p><strong>Quem News<\/strong><\/p>\n\n\n\n<div class=\"wp-block-image\"><figure class=\"aligncenter\"><img data-recalc-dims=\"1\" fetchpriority=\"high\" decoding=\"async\" width=\"652\" height=\"468\" src=\"https:\/\/i0.wp.com\/blogdoeloiltoncajuhy.com.br\/site\/wp-content\/uploads\/2019\/10\/XexeuTimbalada-2.jpg?resize=652%2C468\" alt=\"\" class=\"wp-image-37837\" srcset=\"https:\/\/i0.wp.com\/blogdoeloiltoncajuhy.com.br\/site\/wp-content\/uploads\/2019\/10\/XexeuTimbalada-2.jpg?w=652&amp;ssl=1 652w, https:\/\/i0.wp.com\/blogdoeloiltoncajuhy.com.br\/site\/wp-content\/uploads\/2019\/10\/XexeuTimbalada-2.jpg?resize=300%2C215&amp;ssl=1 300w, https:\/\/i0.wp.com\/blogdoeloiltoncajuhy.com.br\/site\/wp-content\/uploads\/2019\/10\/XexeuTimbalada-2.jpg?resize=250%2C179&amp;ssl=1 250w\" sizes=\"(max-width: 652px) 100vw, 652px\" \/><\/figure><\/div>\n\n\n\n<p>Xex\u00e9u, ex-vocalista do grupo Timbalada, foi internado em uma cl\u00ednica de reabilita\u00e7\u00e3o na cidade de Salvador, nesta quarta-feira (2). Vianey do Vale, empres\u00e1rio do cantor, contou que Xex\u00e9u teve uma reca\u00edda com o uso de bebidas e que foi filmado pedindo dinheiro nas ruas capital baiana, com apar\u00eancia diferente do normal.<\/p>\n\n\n\n<p><em>&#8220;H\u00e1 dois meses estava sem falar com o Xex\u00e9u porque a agenda de shows s\u00f3 come\u00e7aria a ser movimentada mais perto do fim do ano. A turn\u00ea pela Europa n\u00e3o tinha vingado&#8221;<\/em>, afirmou o empres\u00e1rio para <strong>QUEM<\/strong>, confirmando que os os previstos para acontecer entre 16 e 20 de outubro foram cancelados.<\/p>\n\n\n\n<p>O empres\u00e1rio afirma ter ficado entristecido com o v\u00eddeo divulgado, mas que acredita na recupera\u00e7\u00e3o do cantor. <em>&#8220;Nesta semana, eu recebi o v\u00eddeo e fiquei chateado. Ele sempre foi um cara muito profissional. Infelizmente, ele teve uma reca\u00edda, mas ele n\u00e3o \u00e9 usu\u00e1rio recorrente. Ele tamb\u00e9m toma rem\u00e9dios controlados para dormir&#8221;<\/em>, disse para <strong>QUEM<\/strong>.<\/p>\n\n\n\n<p>Segundo o representante, o v\u00eddeo foi gravado durante o fim de semana e o cantor ficou longe de casa por quatro dias. <em>&#8220;Ele ficou desaparecido por quatro dias e foi localizado na ter\u00e7a-feira (1). Nesta quarta (2), ele j\u00e1 foi encaminhado ao centro de reabilita\u00e7\u00e3o&#8221;<\/em>, afirmou o porta-voz, contando ainda que nos \u00faltimos meses Xex\u00e9u vinha se dividindo entre as cidades de Salvador, onde mora a fam\u00edlia, e S\u00e3o Paulo, onde tem um apartamento e faz a divulga\u00e7\u00e3o de seu trabalho em programas de TV &#8211; o mais recente deles foi o Mulheres, da TV Gazeta, em agosto.<\/p>\n\n\n\n<p>De acordo com Vianey, Xex\u00e9u tem quatro shows agendados fora do pa\u00eds. Entre novembro e dezembro, ele se apresenta na Finl\u00e2ndia, Su\u00ed\u00e7a e It\u00e1lia.<\/p>\n\n\n\n<figure class=\"wp-block-embed-youtube aligncenter wp-block-embed is-type-video is-provider-youtube wp-embed-aspect-16-9 wp-has-aspect-ratio\"><div class=\"wp-block-embed__wrapper\">\n<iframe title=\"Xex\u00e9u d\u00e1 depoimento emocionante ao BNews\" width=\"800\" height=\"450\" src=\"https:\/\/www.youtube.com\/embed\/LlOX1Ai1ReI?feature=oembed\" frameborder=\"0\" allow=\"accelerometer; autoplay; encrypted-media; gyroscope; picture-in-picture\" allowfullscreen><\/iframe>\n<\/div><\/figure>\n","protected":false},"excerpt":{"rendered":"<p>Ex-vocalista do grupo Timbalada ficou desaparecido por quatro dias quando foi filmado pedindo dinheiro nas ruas de Salvador Quem News Xex\u00e9u, ex-vocalista do grupo Timbalada, foi internado em uma cl\u00ednica de reabilita\u00e7\u00e3o na cidade de Salvador, nesta quarta-feira (2). Vianey do Vale, empres\u00e1rio do cantor, contou que Xex\u00e9u teve uma reca\u00edda com o uso de [&hellip;]<\/p>\n","protected":false},"author":2,"featured_media":37837,"comment_status":"open","ping_status":"open","sticky":false,"template":"","format":"standard","meta":{"_acf_changed":false,"_monsterinsights_skip_tracking":false,"_monsterinsights_sitenote_active":false,"_monsterinsights_sitenote_note":"","_monsterinsights_sitenote_category":0,"_jetpack_memberships_contains_paid_content":false,"footnotes":"","jetpack_publicize_message":"","jetpack_publicize_feature_enabled":true,"jetpack_social_post_already_shared":true,"jetpack_social_options":{"image_generator_settings":{"template":"highway","default_image_id":0,"font":"","enabled":false},"version":2}},"categories":[5,8,1],"tags":[],"class_list":["post-37836","post","type-post","status-publish","format-standard","has-post-thumbnail","hentry","category-cotidiano","category-cultura","category-noticias"],"acf":[],"jetpack_publicize_connections":[],"jetpack_featured_media_url":"https:\/\/i0.wp.com\/blogdoeloiltoncajuhy.com.br\/site\/wp-content\/uploads\/2019\/10\/XexeuTimbalada-2.jpg?fit=652%2C468&ssl=1","jetpack_sharing_enabled":true,"publishpress_future_workflow_manual_trigger":{"enabledWorkflows":[]},"_links":{"self":[{"href":"https:\/\/blogdoeloiltoncajuhy.com.br\/site\/wp-json\/wp\/v2\/posts\/37836","targetHints":{"allow":["GET"]}}],"collection":[{"href":"https:\/\/blogdoeloiltoncajuhy.com.br\/site\/wp-json\/wp\/v2\/posts"}],"about":[{"href":"https:\/\/blogdoeloiltoncajuhy.com.br\/site\/wp-json\/wp\/v2\/types\/post"}],"author":[{"embeddable":true,"href":"https:\/\/blogdoeloiltoncajuhy.com.br\/site\/wp-json\/wp\/v2\/users\/2"}],"replies":[{"embeddable":true,"href":"https:\/\/blogdoeloiltoncajuhy.com.br\/site\/wp-json\/wp\/v2\/comments?post=37836"}],"version-history":[{"count":1,"href":"https:\/\/blogdoeloiltoncajuhy.com.br\/site\/wp-json\/wp\/v2\/posts\/37836\/revisions"}],"predecessor-version":[{"id":37838,"href":"https:\/\/blogdoeloiltoncajuhy.com.br\/site\/wp-json\/wp\/v2\/posts\/37836\/revisions\/37838"}],"wp:featuredmedia":[{"embeddable":true,"href":"https:\/\/blogdoeloiltoncajuhy.com.br\/site\/wp-json\/wp\/v2\/media\/37837"}],"wp:attachment":[{"href":"https:\/\/blogdoeloiltoncajuhy.com.br\/site\/wp-json\/wp\/v2\/media?parent=37836"}],"wp:term":[{"taxonomy":"category","embeddable":true,"href":"https:\/\/blogdoeloiltoncajuhy.com.br\/site\/wp-json\/wp\/v2\/categories?post=37836"},{"taxonomy":"post_tag","embeddable":true,"href":"https:\/\/blogdoeloiltoncajuhy.com.br\/site\/wp-json\/wp\/v2\/tags?post=37836"}],"curies":[{"name":"wp","href":"https:\/\/api.w.org\/{rel}","templated":true}]}}