{"id":37826,"date":"2019-10-02T07:34:52","date_gmt":"2019-10-02T10:34:52","guid":{"rendered":"http:\/\/blogdoeloiltoncajuhy.com.br\/site\/?p=37826"},"modified":"2019-10-02T07:34:58","modified_gmt":"2019-10-02T10:34:58","slug":"representante-do-executivo-de-jaguarari-acompanha-topiqueiros-em-audiencia-publica-em-salvador","status":"publish","type":"post","link":"https:\/\/blogdoeloiltoncajuhy.com.br\/site\/representante-do-executivo-de-jaguarari-acompanha-topiqueiros-em-audiencia-publica-em-salvador\/","title":{"rendered":"Representante do Executivo de Jaguarari acompanha topiqueiros em audi\u00eancia publica em Salvador"},"content":{"rendered":"\n<p><strong>ASCOM &#8211; Prefeitura de Jaguarari-BA<\/strong><\/p>\n\n\n\n<div class=\"wp-block-image\"><figure class=\"aligncenter\"><img fetchpriority=\"high\" decoding=\"async\" width=\"1032\" height=\"774\" src=\"https:\/\/i0.wp.com\/blogdoeloiltoncajuhy.com.br\/site\/wp-content\/uploads\/2019\/10\/PMJ_TransporteAlternativo3.jpg?fit=590%2C443\" alt=\"\" class=\"wp-image-37827\" srcset=\"https:\/\/i0.wp.com\/blogdoeloiltoncajuhy.com.br\/site\/wp-content\/uploads\/2019\/10\/PMJ_TransporteAlternativo3.jpg?w=1032&amp;ssl=1 1032w, https:\/\/i0.wp.com\/blogdoeloiltoncajuhy.com.br\/site\/wp-content\/uploads\/2019\/10\/PMJ_TransporteAlternativo3.jpg?resize=300%2C225&amp;ssl=1 300w, https:\/\/i0.wp.com\/blogdoeloiltoncajuhy.com.br\/site\/wp-content\/uploads\/2019\/10\/PMJ_TransporteAlternativo3.jpg?resize=768%2C576&amp;ssl=1 768w, https:\/\/i0.wp.com\/blogdoeloiltoncajuhy.com.br\/site\/wp-content\/uploads\/2019\/10\/PMJ_TransporteAlternativo3.jpg?resize=1024%2C768&amp;ssl=1 1024w, https:\/\/i0.wp.com\/blogdoeloiltoncajuhy.com.br\/site\/wp-content\/uploads\/2019\/10\/PMJ_TransporteAlternativo3.jpg?resize=250%2C188&amp;ssl=1 250w\" sizes=\"(max-width: 800px) 100vw, 800px\" \/><\/figure><\/div>\n\n\n\n<p>Nos \u00faltimos dias, trabalhadores que atuam no transporte alternativo de passageiros t\u00eam vivido momentos de incerteza e apreens\u00e3o. Com o prazo para a adequa\u00e7\u00e3o \u00e0s novas normas da AGERBA expirando na pr\u00f3xima quarta-feira (09), esses trabalhadores tem buscado todas as alternativas poss\u00edveis que os permitam continuar a trabalhar.<\/p>\n\n\n\n<p>Nesta ter\u00e7a-feira (01), aconteceu uma Audi\u00eancia P\u00fablica na sede da Assembleia Legislativa da Bahia \u2013 AL-BA, que teve como objetivo discutir a regulamenta\u00e7\u00e3o do Servi\u00e7o de Transporte Alternativo do Estado da Bahia, bem como, debater propostas visando a regulariza\u00e7\u00e3o e libera\u00e7\u00e3o da concess\u00e3o definitiva desses servi\u00e7os.<\/p>\n\n\n\n<p>Este encontro contou com a participa\u00e7\u00e3o de cerca de 1.000 trabalhadores do transporte complementar, entre eles representantes das associa\u00e7\u00f5es de transporte alternativo de Jaguarari e do distrito de Pilar, e pelo assessor jur\u00eddico Dr. Ricardo Lula, representante do executivo municipal. Durante a audi\u00eancia publica, foram apresentadas as propostas defendidas pelo Prefeito de Jaguarari, Everton Rocha, visando a continuidade do trabalho dos topiqueiros no munic\u00edpio como:<\/p>\n\n\n\n<p>1 &#8211; Modifica\u00e7\u00f5es de regras para novas licita\u00e7\u00f5es, de forma a atender os ditames da lei e aos anseios da popula\u00e7\u00e3o;<\/p>\n\n\n\n<p>2 &#8211; Flexibiliza\u00e7\u00e3o das exig\u00eancias que regulam o sistema do transporte alternativo;<\/p>\n\n\n\n<p>3 &#8211; Concess\u00e3o de Autoriza\u00e7\u00e3o Provis\u00f3ria para aqueles que j\u00e1 atuam no transporte alternativo;<\/p>\n\n\n\n<p>4 &#8211; Facilita\u00e7\u00e3o de autoriza\u00e7\u00e3o e permiss\u00e3o do transporte alternativo, com a seguran\u00e7a e qualidade que sempre foi prestado no munic\u00edpio de Jaguarari;<\/p>\n\n\n\n<p>5 &#8211; Diminui\u00e7\u00e3o da burocracia nos processos de licenciamento, na medida em que s\u00e3o extremamente caros e demorados; refinanciamento de multas;<\/p>\n\n\n\n<p>6 &#8211; Linhas de cr\u00e9dito especial aos trabalhadores visando a renova\u00e7\u00e3o da frota;<\/p>\n\n\n\n<p>7 &#8211; Redu\u00e7\u00e3o do valor da outorga na permiss\u00e3o de explora\u00e7\u00e3o da linha e das taxas de permiss\u00e3o;<\/p>\n\n\n\n<p>8 &#8211; Garantias de que n\u00e3o haver\u00e1 penalidades aos trabalhadores do transporte alternativo de Jaguarari, e fim das multas at\u00e9 que haja uma solu\u00e7\u00e3o definitiva da situa\u00e7\u00e3o.<\/p>\n\n\n\n<div class=\"wp-block-image\"><figure class=\"aligncenter\"><img decoding=\"async\" width=\"1032\" height=\"774\" src=\"https:\/\/i0.wp.com\/blogdoeloiltoncajuhy.com.br\/site\/wp-content\/uploads\/2019\/10\/PMJ_TransporteAlternativo2.jpg?fit=590%2C443\" alt=\"\" class=\"wp-image-37828\" srcset=\"https:\/\/i0.wp.com\/blogdoeloiltoncajuhy.com.br\/site\/wp-content\/uploads\/2019\/10\/PMJ_TransporteAlternativo2.jpg?w=1032&amp;ssl=1 1032w, https:\/\/i0.wp.com\/blogdoeloiltoncajuhy.com.br\/site\/wp-content\/uploads\/2019\/10\/PMJ_TransporteAlternativo2.jpg?resize=300%2C225&amp;ssl=1 300w, https:\/\/i0.wp.com\/blogdoeloiltoncajuhy.com.br\/site\/wp-content\/uploads\/2019\/10\/PMJ_TransporteAlternativo2.jpg?resize=768%2C576&amp;ssl=1 768w, https:\/\/i0.wp.com\/blogdoeloiltoncajuhy.com.br\/site\/wp-content\/uploads\/2019\/10\/PMJ_TransporteAlternativo2.jpg?resize=1024%2C768&amp;ssl=1 1024w, https:\/\/i0.wp.com\/blogdoeloiltoncajuhy.com.br\/site\/wp-content\/uploads\/2019\/10\/PMJ_TransporteAlternativo2.jpg?resize=250%2C188&amp;ssl=1 250w\" sizes=\"(max-width: 800px) 100vw, 800px\" \/><\/figure><\/div>\n\n\n\n<p>Desde o ultimo encontro com os topiqueiros e vereador Louri em seu gabinete, o Prefeito de Jaguarari, defende que a AGERBA baixe uma portaria orientando seus servidores de como proceder nas fiscaliza\u00e7\u00f5es, evitando penalidades at\u00e9 que sejam conclu\u00eddos os processos licitat\u00f3rios.<\/p>\n\n\n\n<p><em>\u201cO modelo de licita\u00e7\u00e3o que est\u00e1 a\u00ed n\u00e3o atende, nem a lei, nem aos trabalhadores e nem a popula\u00e7\u00e3o. Ela precisa sofrer mudan\u00e7as profundas, que v\u00e3o desde a amplia\u00e7\u00e3o do prazo de dura\u00e7\u00e3o da permiss\u00e3o at\u00e9 a pr\u00f3pria exig\u00eancia da vida \u00fatil do ve\u00edculo, que deve ser tamb\u00e9m aumentada, como forma de adequar \u00e0 realidade regional. Estamos atentos e vamos lutar pela regulariza\u00e7\u00e3o e manuten\u00e7\u00e3o desse importante servi\u00e7o no munic\u00edpio de Jaguarari\u201d<\/em>, falou o gestor.<\/p>\n","protected":false},"excerpt":{"rendered":"<p>ASCOM &#8211; Prefeitura de Jaguarari-BA Nos \u00faltimos dias, trabalhadores que atuam no transporte alternativo de passageiros t\u00eam vivido momentos de incerteza e apreens\u00e3o. Com o prazo para a adequa\u00e7\u00e3o \u00e0s novas normas da AGERBA expirando na pr\u00f3xima quarta-feira (09), esses trabalhadores tem buscado todas as alternativas poss\u00edveis que os permitam continuar a trabalhar. Nesta ter\u00e7a-feira [&hellip;]<\/p>\n","protected":false},"author":2,"featured_media":37828,"comment_status":"open","ping_status":"open","sticky":false,"template":"","format":"standard","meta":{"_acf_changed":false,"_monsterinsights_skip_tracking":false,"_monsterinsights_sitenote_active":false,"_monsterinsights_sitenote_note":"","_monsterinsights_sitenote_category":0,"_jetpack_memberships_contains_paid_content":false,"footnotes":"","jetpack_publicize_message":"","jetpack_publicize_feature_enabled":true,"jetpack_social_post_already_shared":true,"jetpack_social_options":{"image_generator_settings":{"template":"highway","default_image_id":0,"font":"","enabled":false},"version":2}},"categories":[1,3,11],"tags":[],"class_list":["post-37826","post","type-post","status-publish","format-standard","has-post-thumbnail","hentry","category-noticias","category-politica","category-regional"],"acf":[],"jetpack_publicize_connections":[],"jetpack_featured_media_url":"https:\/\/i0.wp.com\/blogdoeloiltoncajuhy.com.br\/site\/wp-content\/uploads\/2019\/10\/PMJ_TransporteAlternativo2.jpg?fit=1032%2C774&ssl=1","jetpack_sharing_enabled":true,"publishpress_future_workflow_manual_trigger":{"enabledWorkflows":[]},"_links":{"self":[{"href":"https:\/\/blogdoeloiltoncajuhy.com.br\/site\/wp-json\/wp\/v2\/posts\/37826","targetHints":{"allow":["GET"]}}],"collection":[{"href":"https:\/\/blogdoeloiltoncajuhy.com.br\/site\/wp-json\/wp\/v2\/posts"}],"about":[{"href":"https:\/\/blogdoeloiltoncajuhy.com.br\/site\/wp-json\/wp\/v2\/types\/post"}],"author":[{"embeddable":true,"href":"https:\/\/blogdoeloiltoncajuhy.com.br\/site\/wp-json\/wp\/v2\/users\/2"}],"replies":[{"embeddable":true,"href":"https:\/\/blogdoeloiltoncajuhy.com.br\/site\/wp-json\/wp\/v2\/comments?post=37826"}],"version-history":[{"count":1,"href":"https:\/\/blogdoeloiltoncajuhy.com.br\/site\/wp-json\/wp\/v2\/posts\/37826\/revisions"}],"predecessor-version":[{"id":37829,"href":"https:\/\/blogdoeloiltoncajuhy.com.br\/site\/wp-json\/wp\/v2\/posts\/37826\/revisions\/37829"}],"wp:featuredmedia":[{"embeddable":true,"href":"https:\/\/blogdoeloiltoncajuhy.com.br\/site\/wp-json\/wp\/v2\/media\/37828"}],"wp:attachment":[{"href":"https:\/\/blogdoeloiltoncajuhy.com.br\/site\/wp-json\/wp\/v2\/media?parent=37826"}],"wp:term":[{"taxonomy":"category","embeddable":true,"href":"https:\/\/blogdoeloiltoncajuhy.com.br\/site\/wp-json\/wp\/v2\/categories?post=37826"},{"taxonomy":"post_tag","embeddable":true,"href":"https:\/\/blogdoeloiltoncajuhy.com.br\/site\/wp-json\/wp\/v2\/tags?post=37826"}],"curies":[{"name":"wp","href":"https:\/\/api.w.org\/{rel}","templated":true}]}}