{"id":37820,"date":"2019-10-02T06:57:55","date_gmt":"2019-10-02T09:57:55","guid":{"rendered":"http:\/\/blogdoeloiltoncajuhy.com.br\/site\/?p=37820"},"modified":"2019-10-02T06:58:01","modified_gmt":"2019-10-02T09:58:01","slug":"com-2-838-vagas-terceiro-edital-do-partiu-estagio-inscreve-ate-sexta","status":"publish","type":"post","link":"https:\/\/blogdoeloiltoncajuhy.com.br\/site\/com-2-838-vagas-terceiro-edital-do-partiu-estagio-inscreve-ate-sexta\/","title":{"rendered":"Com 2.838 vagas, terceiro edital do Partiu Est\u00e1gio inscreve at\u00e9 sexta"},"content":{"rendered":"\n<p><strong>Secom\/BA<\/strong><\/p>\n\n\n\n<div class=\"wp-block-image\"><figure class=\"aligncenter\"><img fetchpriority=\"high\" decoding=\"async\" width=\"2126\" height=\"1417\" src=\"https:\/\/i0.wp.com\/blogdoeloiltoncajuhy.com.br\/site\/wp-content\/uploads\/2019\/10\/partiuestagio-2019_0957.jpg?fit=590%2C394\" alt=\"\" class=\"wp-image-37821\" srcset=\"https:\/\/i0.wp.com\/blogdoeloiltoncajuhy.com.br\/site\/wp-content\/uploads\/2019\/10\/partiuestagio-2019_0957.jpg?w=2126&amp;ssl=1 2126w, https:\/\/i0.wp.com\/blogdoeloiltoncajuhy.com.br\/site\/wp-content\/uploads\/2019\/10\/partiuestagio-2019_0957.jpg?resize=300%2C200&amp;ssl=1 300w, https:\/\/i0.wp.com\/blogdoeloiltoncajuhy.com.br\/site\/wp-content\/uploads\/2019\/10\/partiuestagio-2019_0957.jpg?resize=768%2C512&amp;ssl=1 768w, https:\/\/i0.wp.com\/blogdoeloiltoncajuhy.com.br\/site\/wp-content\/uploads\/2019\/10\/partiuestagio-2019_0957.jpg?resize=1024%2C683&amp;ssl=1 1024w, https:\/\/i0.wp.com\/blogdoeloiltoncajuhy.com.br\/site\/wp-content\/uploads\/2019\/10\/partiuestagio-2019_0957.jpg?resize=250%2C167&amp;ssl=1 250w, https:\/\/i0.wp.com\/blogdoeloiltoncajuhy.com.br\/site\/wp-content\/uploads\/2019\/10\/partiuestagio-2019_0957.jpg?w=1600 1600w\" sizes=\"(max-width: 800px) 100vw, 800px\" \/><figcaption><em>Partiu Est\u00e1gio contribui para inser\u00e7\u00e3o de jovens no mercado de trabalho Na foto: Felipe Oliveira e Roberta Oliveira, profissionais egressos do programa Partiu Est\u00e1gio Foto: Carol Garcia\/GOVBA<\/em><\/figcaption><\/figure><\/div>\n\n\n\n<p>Um universit\u00e1rio com experi\u00eancia profissional na \u00e1rea de gradua\u00e7\u00e3o tem mais chances de ingressar no mercado de trabalho ap\u00f3s a formatura. Tendo em vista esse cen\u00e1rio, o Governo do Estado criou o Partiu Est\u00e1gio, que j\u00e1 est\u00e1 no terceiro edital. Quem quiser preencher uma das 2.838 vagas do programa tem at\u00e9 a pr\u00f3xima sexta-feira (4) para fazer o cadastro. <\/p>\n\n\n\n<p>Desde que foi lan\u00e7ado, em 2017, o Partiu Est\u00e1gio j\u00e1 contratou 10.032 estudantes. A Secretaria da Administra\u00e7\u00e3o do Estado (Saeb) \u00e9 o \u00f3rg\u00e3o respons\u00e1vel pelo processo de sele\u00e7\u00e3o e encaminhamento dos estagi\u00e1rios para os respectivos postos de trabalho. No terceiro edital, s\u00e3o 61 \u00f3rg\u00e3os e entidades da administra\u00e7\u00e3o p\u00fablica estadual, instalados em Salvador e em 40 munic\u00edpios do interior baiano, como explica o titular da pasta, Edelvino G\u00f3es. <\/p>\n\n\n\n<p><em>\u201cEsse n\u00famero expressivo de vagas \u00e9 resultado da centraliza\u00e7\u00e3o da contrata\u00e7\u00e3o de estagi\u00e1rios para atuarem no Estado, de modo a assegurar um car\u00e1ter uniforme \u00e0 sele\u00e7\u00e3o. Realmente, um est\u00e1gio no setor p\u00fablico traz uma experi\u00eancia diferenciada, muito rica e que acrescenta \u00e0 forma\u00e7\u00e3o desses novos profissionais\u201d<\/em>, avalia o secret\u00e1rio. A inscri\u00e7\u00e3o deve ser feita por meio do <strong><em><a href=\"http:\/\/www.programaestagio.saeb.ba.gov.br\/#\/app\/inscricao\/login\">site do programa<\/a><\/em><\/strong>. <\/p>\n\n\n\n<p class=\"has-medium-font-size\"><strong>Diferencial<\/strong> <\/p>\n\n\n\n<p>A produtora cultural Roberta Oliveira foi estagi\u00e1ria na Secretaria de Comunica\u00e7\u00e3o Social do Estado (Secom) e atualmente, com pouco tempo de formada, j\u00e1 ocupa uma vaga no mercado de trabalho formal, em uma empresa da \u00e1rea de educa\u00e7\u00e3o. <em>\u201cO local onde estagiei me possibilitou ter v\u00e1rias viv\u00eancias, em diferentes ramos da comunica\u00e7\u00e3o. Eu pude desenvolver aptid\u00f5es que influenciaram bastante para minha coloca\u00e7\u00e3o no mercado\u201d<\/em>, assegura Roberta.  <\/p>\n\n\n\n<p>O jornalista Felipe Oliveira trabalha na mesma empresa que Roberta e tamb\u00e9m relaciona a conquista do t\u00e3o sonhado emprego \u00e0 experi\u00eancia adquirida a partir do Partiu Est\u00e1gio. <em>\u201cAtualmente, trabalho como redator, desenvolvendo uma das fun\u00e7\u00f5es que tamb\u00e9m fiz durante o est\u00e1gio. Esse programa \u00e9 important\u00edssimo, pois muitas empresas solicitam que o rec\u00e9m-formado tenha experi\u00eancia\u201d<\/em>, destaca. <\/p>\n\n\n\n<p class=\"has-medium-font-size\"><strong>Crit\u00e9rios<\/strong><\/p>\n\n\n\n<p>As vagas s\u00e3o destinadas a universit\u00e1rios que tenham completado mais de 50% do curso, inclusive de Educa\u00e7\u00e3o a Dist\u00e2ncia (EAD). Dentre as quase tr\u00eas mil vagas, 10% s\u00e3o destinados a portadores de defici\u00eancia. Quem for selecionado vai cumprir uma carga hor\u00e1ria de quatro horas di\u00e1rias, totalizando 20 horas semanais. <\/p>\n\n\n\n<p>Ter\u00e3o prioridade no preenchimento das vagas universit\u00e1rios inscritos no Cadastro \u00danico para Programas Sociais (Cad\u00danico), seguidos daqueles que tenham estudado todo o ensino m\u00e9dio em escola p\u00fablica ou com bolsa integral na rede privada. Para sanar d\u00favidas ou obter informa\u00e7\u00f5es adicionais, o candidato pode verificar o edital dispon\u00edvel no <strong><em><a href=\"http:\/\/www.programaestagio.saeb.ba.gov.br\/#\/app\/inscricao\/login\">site do programa<\/a><\/em><\/strong>.<\/p>\n","protected":false},"excerpt":{"rendered":"<p>Secom\/BA Um universit\u00e1rio com experi\u00eancia profissional na \u00e1rea de gradua\u00e7\u00e3o tem mais chances de ingressar no mercado de trabalho ap\u00f3s a formatura. Tendo em vista esse cen\u00e1rio, o Governo do Estado criou o Partiu Est\u00e1gio, que j\u00e1 est\u00e1 no terceiro edital. Quem quiser preencher uma das 2.838 vagas do programa tem at\u00e9 a pr\u00f3xima sexta-feira [&hellip;]<\/p>\n","protected":false},"author":2,"featured_media":37821,"comment_status":"open","ping_status":"open","sticky":false,"template":"","format":"standard","meta":{"_acf_changed":false,"_monsterinsights_skip_tracking":false,"_monsterinsights_sitenote_active":false,"_monsterinsights_sitenote_note":"","_monsterinsights_sitenote_category":0,"_jetpack_memberships_contains_paid_content":false,"footnotes":"","jetpack_publicize_message":"","jetpack_publicize_feature_enabled":true,"jetpack_social_post_already_shared":true,"jetpack_social_options":{"image_generator_settings":{"template":"highway","default_image_id":0,"font":"","enabled":false},"version":2}},"categories":[5,1,3],"tags":[],"class_list":["post-37820","post","type-post","status-publish","format-standard","has-post-thumbnail","hentry","category-cotidiano","category-noticias","category-politica"],"acf":[],"jetpack_publicize_connections":[],"jetpack_featured_media_url":"https:\/\/i0.wp.com\/blogdoeloiltoncajuhy.com.br\/site\/wp-content\/uploads\/2019\/10\/partiuestagio-2019_0957.jpg?fit=2126%2C1417&ssl=1","jetpack_sharing_enabled":true,"publishpress_future_workflow_manual_trigger":{"enabledWorkflows":[]},"_links":{"self":[{"href":"https:\/\/blogdoeloiltoncajuhy.com.br\/site\/wp-json\/wp\/v2\/posts\/37820","targetHints":{"allow":["GET"]}}],"collection":[{"href":"https:\/\/blogdoeloiltoncajuhy.com.br\/site\/wp-json\/wp\/v2\/posts"}],"about":[{"href":"https:\/\/blogdoeloiltoncajuhy.com.br\/site\/wp-json\/wp\/v2\/types\/post"}],"author":[{"embeddable":true,"href":"https:\/\/blogdoeloiltoncajuhy.com.br\/site\/wp-json\/wp\/v2\/users\/2"}],"replies":[{"embeddable":true,"href":"https:\/\/blogdoeloiltoncajuhy.com.br\/site\/wp-json\/wp\/v2\/comments?post=37820"}],"version-history":[{"count":1,"href":"https:\/\/blogdoeloiltoncajuhy.com.br\/site\/wp-json\/wp\/v2\/posts\/37820\/revisions"}],"predecessor-version":[{"id":37822,"href":"https:\/\/blogdoeloiltoncajuhy.com.br\/site\/wp-json\/wp\/v2\/posts\/37820\/revisions\/37822"}],"wp:featuredmedia":[{"embeddable":true,"href":"https:\/\/blogdoeloiltoncajuhy.com.br\/site\/wp-json\/wp\/v2\/media\/37821"}],"wp:attachment":[{"href":"https:\/\/blogdoeloiltoncajuhy.com.br\/site\/wp-json\/wp\/v2\/media?parent=37820"}],"wp:term":[{"taxonomy":"category","embeddable":true,"href":"https:\/\/blogdoeloiltoncajuhy.com.br\/site\/wp-json\/wp\/v2\/categories?post=37820"},{"taxonomy":"post_tag","embeddable":true,"href":"https:\/\/blogdoeloiltoncajuhy.com.br\/site\/wp-json\/wp\/v2\/tags?post=37820"}],"curies":[{"name":"wp","href":"https:\/\/api.w.org\/{rel}","templated":true}]}}