{"id":37815,"date":"2019-10-02T06:41:38","date_gmt":"2019-10-02T09:41:38","guid":{"rendered":"http:\/\/blogdoeloiltoncajuhy.com.br\/site\/?p=37815"},"modified":"2019-10-02T06:41:44","modified_gmt":"2019-10-02T09:41:44","slug":"governo-do-estado-investe-mais-de-r-34-milhoes-em-reforma-do-mercado-municipal-de-senhor-do-bonfim","status":"publish","type":"post","link":"https:\/\/blogdoeloiltoncajuhy.com.br\/site\/governo-do-estado-investe-mais-de-r-34-milhoes-em-reforma-do-mercado-municipal-de-senhor-do-bonfim\/","title":{"rendered":"Governo do Estado investe mais de R$ 3,4 milh\u00f5es em reforma do Mercado Municipal de Senhor do Bonfim"},"content":{"rendered":"\n<p><strong>Ascom \/ SDR<\/strong><\/p>\n\n\n\n<div class=\"wp-block-image\"><figure class=\"aligncenter\"><img data-recalc-dims=\"1\" fetchpriority=\"high\" decoding=\"async\" width=\"800\" height=\"528\" src=\"https:\/\/i0.wp.com\/blogdoeloiltoncajuhy.com.br\/site\/wp-content\/uploads\/2019\/10\/NovoMercado_01.jpeg?resize=800%2C528\" alt=\"\" class=\"wp-image-37816\" srcset=\"https:\/\/i0.wp.com\/blogdoeloiltoncajuhy.com.br\/site\/wp-content\/uploads\/2019\/10\/NovoMercado_01.jpeg?w=820&amp;ssl=1 820w, https:\/\/i0.wp.com\/blogdoeloiltoncajuhy.com.br\/site\/wp-content\/uploads\/2019\/10\/NovoMercado_01.jpeg?resize=300%2C198&amp;ssl=1 300w, https:\/\/i0.wp.com\/blogdoeloiltoncajuhy.com.br\/site\/wp-content\/uploads\/2019\/10\/NovoMercado_01.jpeg?resize=768%2C507&amp;ssl=1 768w, https:\/\/i0.wp.com\/blogdoeloiltoncajuhy.com.br\/site\/wp-content\/uploads\/2019\/10\/NovoMercado_01.jpeg?resize=250%2C165&amp;ssl=1 250w\" sizes=\"(max-width: 800px) 100vw, 800px\" \/><\/figure><\/div>\n\n\n\n<p>A popula\u00e7\u00e3o de Senhor Bonfim, no Territ\u00f3rio Piemonte Norte do Itapicuru, passar\u00e1 a contar com um novo Mercado Municipal.  A obra de reforma do local, or\u00e7ada em mais de R$ 3,4 milh\u00f5es, est\u00e1 na reta final e deve ser entregue \u00e0 comunidade ainda neste ano.  A iniciativa \u00e9 do Governo do Estado, por meio da Companhia de Desenvolvimento e A\u00e7\u00e3o Regional (CAR), empresa p\u00fablica vinculada \u00e0 Secretaria de Desenvolvimento Rural (SDR), em parceria com a Prefeitura Municipal de Senhor do Bonfim.<\/p>\n\n\n\n<p>As interven\u00e7\u00f5es t\u00eam o objetivo de melhorar as condi\u00e7\u00f5es de comercializa\u00e7\u00e3o e hidrossanit\u00e1rias do mercado, localizado na sede do munic\u00edpio. O projeto de reforma trar\u00e1, al\u00e9m de melhoria no saneamento, benef\u00edcios \u00e0 economia local, permitindo a comercializa\u00e7\u00e3o de produtos de forma segura e higi\u00eanica, melhorando assim a qualidade de vida das fam\u00edlias que vivem do com\u00e9rcio e de toda a popula\u00e7\u00e3o do munic\u00edpio.<\/p>\n\n\n\n<p>Para o chefe de gabinete da SDR, Jeandro Ribeiro, o mercado municipal \u00e9 um centro socioecon\u00f4mico que vai viabilizar a produ\u00e7\u00e3o de mais de 3 mil agricultores familiares que est\u00e3o no entorno do munic\u00edpio, gerando mais de 800 empregos:<\/p>\n\n\n\n<p><em>\u201cEstamos consolidando, de fato, uma interven\u00e7\u00e3o no rural, ou seja, o agricultor produz, colhe, leva pra feira para vender seu produto e encontra ali quem consome. Com essa rela\u00e7\u00e3o pr\u00f3xima, o consumidor vai saber que \u00e9 um produto de qualidade, que n\u00e3o utiliza agrot\u00f3xico na sua produ\u00e7\u00e3o, um produto que n\u00e3o emprega m\u00e3o de obra infantil. A requalifica\u00e7\u00e3o dos mercados municipais dinamiza a economia local. Se a gente pudesse eleger uma prioridade para essa interven\u00e7\u00e3o, \u00e9 justamente dinamizar a economia a partir da base econ\u00f4mica do munic\u00edpio\u201d<\/em>.<\/p>\n\n\n\n<div class=\"wp-block-image\"><figure class=\"aligncenter\"><img data-recalc-dims=\"1\" decoding=\"async\" width=\"800\" height=\"528\" src=\"https:\/\/i0.wp.com\/blogdoeloiltoncajuhy.com.br\/site\/wp-content\/uploads\/2019\/10\/NovoMercado_02.jpeg?resize=800%2C528\" alt=\"\" class=\"wp-image-37817\" srcset=\"https:\/\/i0.wp.com\/blogdoeloiltoncajuhy.com.br\/site\/wp-content\/uploads\/2019\/10\/NovoMercado_02.jpeg?w=820&amp;ssl=1 820w, https:\/\/i0.wp.com\/blogdoeloiltoncajuhy.com.br\/site\/wp-content\/uploads\/2019\/10\/NovoMercado_02.jpeg?resize=300%2C198&amp;ssl=1 300w, https:\/\/i0.wp.com\/blogdoeloiltoncajuhy.com.br\/site\/wp-content\/uploads\/2019\/10\/NovoMercado_02.jpeg?resize=768%2C507&amp;ssl=1 768w, https:\/\/i0.wp.com\/blogdoeloiltoncajuhy.com.br\/site\/wp-content\/uploads\/2019\/10\/NovoMercado_02.jpeg?resize=250%2C165&amp;ssl=1 250w\" sizes=\"(max-width: 800px) 100vw, 800px\" \/><\/figure><\/div>\n\n\n\n<p>Segundo o prefeito do munic\u00edpio, Carlos Brasileiro,  esse foi um presente para a fam\u00edlia bonfinense, em especial aqueles que vivem do trabalho no local, e que v\u00e3o receber um mercado bonito de alta qualidade, com balc\u00e3o para frios, balan\u00e7as, arm\u00e1rios, utens\u00edlios do dia a dia e equipamentos  novos e modernos:<\/p>\n\n\n\n<p><em>\u201cUma obra extraordin\u00e1ria, uma das mais importantes realizadas na nossa cidade nos \u00faltimos 20 anos, fruto da demanda dos comerciantes que aqui trabalham e sustentam suas fam\u00edlias. A popula\u00e7\u00e3o em geral vai poder visitar o mercado, n\u00e3o s\u00f3 para fazer compras, mas para curtir um espa\u00e7o confort\u00e1vel\u201d<\/em>.<\/p>\n\n\n\n<p>O Governo do Estado vem investindo na constru\u00e7\u00e3o, reforma ou amplia\u00e7\u00e3o de mercados municipais em toda a Bahia. Por todo estado, s\u00e3o 53 empreendimentos que se encontram com obras em execu\u00e7\u00e3o. J\u00e1 foram entregues \u00e0 popula\u00e7\u00e3o os mercados de Paramirim, Cora\u00e7\u00e3o de Maria, Luiz Eduardo Magalh\u00e3es, Mairi, Santa In\u00eas e Riach\u00e3o do Jacu\u00edpe.<\/p>\n\n\n\n<div class=\"wp-block-image\"><figure class=\"aligncenter\"><img data-recalc-dims=\"1\" decoding=\"async\" width=\"800\" height=\"528\" src=\"https:\/\/i0.wp.com\/blogdoeloiltoncajuhy.com.br\/site\/wp-content\/uploads\/2019\/10\/NovoMercado_03.jpeg?resize=800%2C528\" alt=\"\" class=\"wp-image-37818\" srcset=\"https:\/\/i0.wp.com\/blogdoeloiltoncajuhy.com.br\/site\/wp-content\/uploads\/2019\/10\/NovoMercado_03.jpeg?w=820&amp;ssl=1 820w, https:\/\/i0.wp.com\/blogdoeloiltoncajuhy.com.br\/site\/wp-content\/uploads\/2019\/10\/NovoMercado_03.jpeg?resize=300%2C198&amp;ssl=1 300w, https:\/\/i0.wp.com\/blogdoeloiltoncajuhy.com.br\/site\/wp-content\/uploads\/2019\/10\/NovoMercado_03.jpeg?resize=768%2C507&amp;ssl=1 768w, https:\/\/i0.wp.com\/blogdoeloiltoncajuhy.com.br\/site\/wp-content\/uploads\/2019\/10\/NovoMercado_03.jpeg?resize=250%2C165&amp;ssl=1 250w\" sizes=\"(max-width: 800px) 100vw, 800px\" \/><\/figure><\/div>\n","protected":false},"excerpt":{"rendered":"<p>Ascom \/ SDR A popula\u00e7\u00e3o de Senhor Bonfim, no Territ\u00f3rio Piemonte Norte do Itapicuru, passar\u00e1 a contar com um novo Mercado Municipal. A obra de reforma do local, or\u00e7ada em mais de R$ 3,4 milh\u00f5es, est\u00e1 na reta final e deve ser entregue \u00e0 comunidade ainda neste ano. A iniciativa \u00e9 do Governo do Estado, [&hellip;]<\/p>\n","protected":false},"author":2,"featured_media":37818,"comment_status":"open","ping_status":"open","sticky":false,"template":"","format":"standard","meta":{"_acf_changed":false,"_monsterinsights_skip_tracking":false,"_monsterinsights_sitenote_active":false,"_monsterinsights_sitenote_note":"","_monsterinsights_sitenote_category":0,"_jetpack_memberships_contains_paid_content":false,"footnotes":"","jetpack_publicize_message":"","jetpack_publicize_feature_enabled":true,"jetpack_social_post_already_shared":true,"jetpack_social_options":{"image_generator_settings":{"template":"highway","default_image_id":0,"font":"","enabled":false},"version":2}},"categories":[1,3,4],"tags":[],"class_list":["post-37815","post","type-post","status-publish","format-standard","has-post-thumbnail","hentry","category-noticias","category-politica","category-local"],"acf":[],"jetpack_publicize_connections":[],"jetpack_featured_media_url":"https:\/\/i0.wp.com\/blogdoeloiltoncajuhy.com.br\/site\/wp-content\/uploads\/2019\/10\/NovoMercado_03.jpeg?fit=820%2C541&ssl=1","jetpack_sharing_enabled":true,"publishpress_future_workflow_manual_trigger":{"enabledWorkflows":[]},"_links":{"self":[{"href":"https:\/\/blogdoeloiltoncajuhy.com.br\/site\/wp-json\/wp\/v2\/posts\/37815","targetHints":{"allow":["GET"]}}],"collection":[{"href":"https:\/\/blogdoeloiltoncajuhy.com.br\/site\/wp-json\/wp\/v2\/posts"}],"about":[{"href":"https:\/\/blogdoeloiltoncajuhy.com.br\/site\/wp-json\/wp\/v2\/types\/post"}],"author":[{"embeddable":true,"href":"https:\/\/blogdoeloiltoncajuhy.com.br\/site\/wp-json\/wp\/v2\/users\/2"}],"replies":[{"embeddable":true,"href":"https:\/\/blogdoeloiltoncajuhy.com.br\/site\/wp-json\/wp\/v2\/comments?post=37815"}],"version-history":[{"count":1,"href":"https:\/\/blogdoeloiltoncajuhy.com.br\/site\/wp-json\/wp\/v2\/posts\/37815\/revisions"}],"predecessor-version":[{"id":37819,"href":"https:\/\/blogdoeloiltoncajuhy.com.br\/site\/wp-json\/wp\/v2\/posts\/37815\/revisions\/37819"}],"wp:featuredmedia":[{"embeddable":true,"href":"https:\/\/blogdoeloiltoncajuhy.com.br\/site\/wp-json\/wp\/v2\/media\/37818"}],"wp:attachment":[{"href":"https:\/\/blogdoeloiltoncajuhy.com.br\/site\/wp-json\/wp\/v2\/media?parent=37815"}],"wp:term":[{"taxonomy":"category","embeddable":true,"href":"https:\/\/blogdoeloiltoncajuhy.com.br\/site\/wp-json\/wp\/v2\/categories?post=37815"},{"taxonomy":"post_tag","embeddable":true,"href":"https:\/\/blogdoeloiltoncajuhy.com.br\/site\/wp-json\/wp\/v2\/tags?post=37815"}],"curies":[{"name":"wp","href":"https:\/\/api.w.org\/{rel}","templated":true}]}}