{"id":3746,"date":"2015-09-03T20:43:05","date_gmt":"2015-09-03T23:43:05","guid":{"rendered":"http:\/\/blogdoeloiltoncajuhy.com.br\/site\/?p=3746"},"modified":"2015-09-03T20:43:05","modified_gmt":"2015-09-03T23:43:05","slug":"familias-de-conceicao-do-coite-realizam-sonho-da-casa-propria","status":"publish","type":"post","link":"https:\/\/blogdoeloiltoncajuhy.com.br\/site\/familias-de-conceicao-do-coite-realizam-sonho-da-casa-propria\/","title":{"rendered":"Fam\u00edlias de Concei\u00e7\u00e3o do Coit\u00e9 realizam sonho da casa pr\u00f3pria"},"content":{"rendered":"<figure id=\"attachment_3748\" aria-describedby=\"caption-attachment-3748\" style=\"width: 512px\" class=\"wp-caption aligncenter\"><a href=\"https:\/\/i0.wp.com\/blogdoeloiltoncajuhy.com.br\/site\/wp-content\/uploads\/2015\/09\/coit%C3%A9.jpg\"><img data-recalc-dims=\"1\" fetchpriority=\"high\" decoding=\"async\" class=\"wp-image-3748 size-full\" src=\"https:\/\/i0.wp.com\/blogdoeloiltoncajuhy.com.br\/site\/wp-content\/uploads\/2015\/09\/coit%C3%A9.jpg?resize=512%2C341\" alt=\"coit\u00e9\" width=\"512\" height=\"341\" srcset=\"https:\/\/i0.wp.com\/blogdoeloiltoncajuhy.com.br\/site\/wp-content\/uploads\/2015\/09\/coit%C3%A9.jpg?w=512&amp;ssl=1 512w, https:\/\/i0.wp.com\/blogdoeloiltoncajuhy.com.br\/site\/wp-content\/uploads\/2015\/09\/coit%C3%A9.jpg?resize=300%2C200&amp;ssl=1 300w, https:\/\/i0.wp.com\/blogdoeloiltoncajuhy.com.br\/site\/wp-content\/uploads\/2015\/09\/coit%C3%A9.jpg?resize=250%2C167&amp;ssl=1 250w\" sizes=\"(max-width: 512px) 100vw, 512px\" \/><\/a><figcaption id=\"caption-attachment-3748\" class=\"wp-caption-text\">Foto: Carol Garcia\/GOVBA<\/figcaption><\/figure>\n<p>O direito \u00e0 moradia digna est\u00e1 garantido para mais mil moradores do munic\u00edpio de Concei\u00e7\u00e3o do Coit\u00e9, na regi\u00e3o do Sisal. Eles agora fazem parte das fam\u00edlias que vivem nos 250 im\u00f3veis do residencial Cidade Jardim III. A entrega simb\u00f3lica das unidades do programa Minha Casa, Minha Vida foi feita pelo governador Rui Costa, na manh\u00e3 desta quinta-feira (3). Ainda na cidade, ele entregou a amplia\u00e7\u00e3o do abastecimento de \u00e1gua, inaugurou obras de infraestrutura urbana e visitou uma escola estadual.<\/p>\n<p>Rui Costa destacou a import\u00e2ncia da moradia para a estrutura das fam\u00edlias e, conseq\u00fcentemente, para a educa\u00e7\u00e3o de Jovens e crian\u00e7as. &#8220;A moradia \u00e9 o lugar onde a fam\u00edlia concretiza a educa\u00e7\u00e3o dos seus filhos e, portanto, \u00e9 a base da unidade familiar, e nada melhor quando a resid\u00eancia \u00e9 pr\u00f3pria. As pessoas pagam sabendo que, ap\u00f3s esse pagamento, ser\u00e3o donas de sua casa&#8221;.<\/p>\n<p>Os moradores do conjunto v\u00e3o pagar parcelas mensais entre R$ 25 e R$ 70. A dona de casa Rosenaide Souza, 41 anos, sabe bem o valor de ter onde morar para o futuro dos quatro filhos. Ela foi contemplada com uma unidade mobiliada. &#8220;N\u00e3o tenho nem como pagar aluguel, morei de favor a vida inteira e agora tenho a felicidade de ganhar uma casa. A ficha nem caiu ainda&#8221;.<\/p>\n<p>Com investimento de R$ 14,7 milh\u00f5es, as casas do novo residencial t\u00eam 42 metros quadrados de \u00e1rea constru\u00edda. Cada uma possui dois quartos, \u00e1rea de circula\u00e7\u00e3o, sala, banheiro, cozinha e \u00e1rea de servi\u00e7o, com piso cer\u00e2mico em todos os ambientes, e sistema de aquecimento solar. Piso t\u00e1til e rampas de acessibilidade, \u00e1reas de lazer, parque infantil e campo de futebol completam a infraestrutura do empreendimento.<\/p>\n<p>Simone da Silva, 20, tem motivos de sobra para sorrir. Morando de favor, ela vai se mudar para a casa pr\u00f3pria a tempo de ter o segundo filho. David Luiz deve nascer nas pr\u00f3ximas semanas. &#8220;Vou ter nen\u00e9m ainda este m\u00eas e ganhei minha casa. \u00c9 s\u00f3 felicidade. Estou s\u00f3 esperando receber a casa para arrumar o quarto dele&#8221;.<\/p>\n<figure id=\"attachment_3749\" aria-describedby=\"caption-attachment-3749\" style=\"width: 512px\" class=\"wp-caption aligncenter\"><a href=\"https:\/\/i0.wp.com\/blogdoeloiltoncajuhy.com.br\/site\/wp-content\/uploads\/2015\/09\/coit%C3%A93.jpg\"><img data-recalc-dims=\"1\" decoding=\"async\" class=\"wp-image-3749 size-full\" src=\"https:\/\/i0.wp.com\/blogdoeloiltoncajuhy.com.br\/site\/wp-content\/uploads\/2015\/09\/coit%C3%A93.jpg?resize=512%2C341\" alt=\"coit\u00e93\" width=\"512\" height=\"341\" srcset=\"https:\/\/i0.wp.com\/blogdoeloiltoncajuhy.com.br\/site\/wp-content\/uploads\/2015\/09\/coit%C3%A93.jpg?w=512&amp;ssl=1 512w, https:\/\/i0.wp.com\/blogdoeloiltoncajuhy.com.br\/site\/wp-content\/uploads\/2015\/09\/coit%C3%A93.jpg?resize=300%2C200&amp;ssl=1 300w, https:\/\/i0.wp.com\/blogdoeloiltoncajuhy.com.br\/site\/wp-content\/uploads\/2015\/09\/coit%C3%A93.jpg?resize=250%2C167&amp;ssl=1 250w\" sizes=\"(max-width: 512px) 100vw, 512px\" \/><\/a><figcaption id=\"caption-attachment-3749\" class=\"wp-caption-text\">Foto: Carol Garcia\/GOVBA<\/figcaption><\/figure>\n<p><em>*Secom-Bahia<\/em><\/p>\n","protected":false},"excerpt":{"rendered":"<p>O direito \u00e0 moradia digna est\u00e1 garantido para mais mil moradores do munic\u00edpio de Concei\u00e7\u00e3o do Coit\u00e9, na regi\u00e3o do Sisal. Eles agora fazem parte das fam\u00edlias que vivem nos 250 im\u00f3veis do residencial Cidade Jardim III. A entrega simb\u00f3lica das unidades do programa Minha Casa, Minha Vida foi feita pelo governador Rui Costa, na [&hellip;]<\/p>\n","protected":false},"author":2,"featured_media":3749,"comment_status":"open","ping_status":"open","sticky":false,"template":"","format":"standard","meta":{"_acf_changed":false,"_monsterinsights_skip_tracking":false,"_monsterinsights_sitenote_active":false,"_monsterinsights_sitenote_note":"","_monsterinsights_sitenote_category":0,"_jetpack_memberships_contains_paid_content":false,"footnotes":"","jetpack_publicize_message":"","jetpack_publicize_feature_enabled":true,"jetpack_social_post_already_shared":true,"jetpack_social_options":{"image_generator_settings":{"template":"highway","default_image_id":0,"font":"","enabled":false},"version":2}},"categories":[1,3],"tags":[],"class_list":["post-3746","post","type-post","status-publish","format-standard","has-post-thumbnail","hentry","category-noticias","category-politica"],"acf":[],"jetpack_publicize_connections":[],"jetpack_featured_media_url":"https:\/\/i0.wp.com\/blogdoeloiltoncajuhy.com.br\/site\/wp-content\/uploads\/2015\/09\/coit%C3%A93.jpg?fit=512%2C341&ssl=1","jetpack_sharing_enabled":true,"publishpress_future_workflow_manual_trigger":{"enabledWorkflows":[]},"_links":{"self":[{"href":"https:\/\/blogdoeloiltoncajuhy.com.br\/site\/wp-json\/wp\/v2\/posts\/3746","targetHints":{"allow":["GET"]}}],"collection":[{"href":"https:\/\/blogdoeloiltoncajuhy.com.br\/site\/wp-json\/wp\/v2\/posts"}],"about":[{"href":"https:\/\/blogdoeloiltoncajuhy.com.br\/site\/wp-json\/wp\/v2\/types\/post"}],"author":[{"embeddable":true,"href":"https:\/\/blogdoeloiltoncajuhy.com.br\/site\/wp-json\/wp\/v2\/users\/2"}],"replies":[{"embeddable":true,"href":"https:\/\/blogdoeloiltoncajuhy.com.br\/site\/wp-json\/wp\/v2\/comments?post=3746"}],"version-history":[{"count":1,"href":"https:\/\/blogdoeloiltoncajuhy.com.br\/site\/wp-json\/wp\/v2\/posts\/3746\/revisions"}],"predecessor-version":[{"id":3750,"href":"https:\/\/blogdoeloiltoncajuhy.com.br\/site\/wp-json\/wp\/v2\/posts\/3746\/revisions\/3750"}],"wp:featuredmedia":[{"embeddable":true,"href":"https:\/\/blogdoeloiltoncajuhy.com.br\/site\/wp-json\/wp\/v2\/media\/3749"}],"wp:attachment":[{"href":"https:\/\/blogdoeloiltoncajuhy.com.br\/site\/wp-json\/wp\/v2\/media?parent=3746"}],"wp:term":[{"taxonomy":"category","embeddable":true,"href":"https:\/\/blogdoeloiltoncajuhy.com.br\/site\/wp-json\/wp\/v2\/categories?post=3746"},{"taxonomy":"post_tag","embeddable":true,"href":"https:\/\/blogdoeloiltoncajuhy.com.br\/site\/wp-json\/wp\/v2\/tags?post=3746"}],"curies":[{"name":"wp","href":"https:\/\/api.w.org\/{rel}","templated":true}]}}