{"id":3743,"date":"2015-09-03T20:25:26","date_gmt":"2015-09-03T23:25:26","guid":{"rendered":"http:\/\/blogdoeloiltoncajuhy.com.br\/site\/?p=3743"},"modified":"2015-09-03T20:25:26","modified_gmt":"2015-09-03T23:25:26","slug":"canal-eletronico-de-comunicacao-entre-fisco-e-contribuinte-sera-lancado-este-mes","status":"publish","type":"post","link":"https:\/\/blogdoeloiltoncajuhy.com.br\/site\/canal-eletronico-de-comunicacao-entre-fisco-e-contribuinte-sera-lancado-este-mes\/","title":{"rendered":"Canal eletr\u00f4nico de comunica\u00e7\u00e3o entre fisco e contribuinte ser\u00e1 lan\u00e7ado este m\u00eas"},"content":{"rendered":"<p><a href=\"https:\/\/i0.wp.com\/blogdoeloiltoncajuhy.com.br\/site\/wp-content\/uploads\/2015\/09\/sefaz.jpg\"><img data-recalc-dims=\"1\" fetchpriority=\"high\" decoding=\"async\" class=\"wp-image-3744 size-medium alignleft\" src=\"https:\/\/i0.wp.com\/blogdoeloiltoncajuhy.com.br\/site\/wp-content\/uploads\/2015\/09\/sefaz.jpg?resize=300%2C200\" alt=\"sefaz\" width=\"300\" height=\"200\" \/><\/a>A Secretaria da Fazenda do Estado (Sefaz-BA) vai lan\u00e7ar, no dia 10 de setembro, o Domic\u00edlio Tribut\u00e1rio Eletr\u00f4nico (DT-e), canal de comunica\u00e7\u00e3o direta, on-line, entre o fisco e os contribuintes. Atrav\u00e9s do DT-e, o fisco encaminhar\u00e1 avisos, intima\u00e7\u00f5es, notifica\u00e7\u00f5es e dar\u00e1 ci\u00eancia de todos os tipos de atos administrativos, al\u00e9m de oferecer ao contribuinte uma gama de informa\u00e7\u00f5es personalizadas sobre a sua vida fiscal, incluindo eventuais pend\u00eancias fiscais.<\/p>\n<p>O lan\u00e7amento vai ocorrer \u00e0s 9h30, no audit\u00f3rio da Diretoria de Administra\u00e7\u00e3o Tribut\u00e1ria da Regi\u00e3o Metropolitana (DAT-Metro), na Avenida Tancredo Neves, n\u00ba 776, Bloco B, Caminho das \u00c1rvores, antigo pr\u00e9dio da Desenbahia.<\/p>\n<p>Com o DT-e, as informa\u00e7\u00f5es do fisco chegar\u00e3o com mais rapidez ao contribuinte, reduzindo o custo operacional com a comunica\u00e7\u00e3o tradicional (feita via Correios, por publica\u00e7\u00f5es no Di\u00e1rio Oficial do Estado ou de forma presencial), que ser\u00e1 gradativamente substitu\u00edda pelo canal eletr\u00f4nico. A comunica\u00e7\u00e3o, al\u00e9m disso, ter\u00e1 validade jur\u00eddica para todos os fins, preservando a seguran\u00e7a e o sigilo fiscal da informa\u00e7\u00e3o.<\/p>\n<p>A ades\u00e3o ao Domic\u00edlio Tribut\u00e1rio Eletr\u00f4nico ser\u00e1 obrigat\u00f3ria para os cerca de 475 mil contribuintes do cadastro do Imposto sobre Circula\u00e7\u00e3o de Mercadorias e Servi\u00e7os (ICMS), conforme cronograma a ser publicado no Di\u00e1rio Oficial do Estado. Mas, caso tenham interesse, as empresas poder\u00e3o aderir opcionalmente, antes dos prazos estabelecidos.<\/p>\n<p>O cronograma oficial de credenciamento estabelece que as grandes e m\u00e9dias empresas devem aderir entre 10 de setembro e 31 de dezembro de 2015. Para as empresas de pequeno porte, o calend\u00e1rio obrigat\u00f3rio vai de 1\u00ba de janeiro a 31 de mar\u00e7o de 2016. J\u00e1 as microempresas ter\u00e3o o prazo de 1\u00ba de abril a 31 de agosto de 2016.<\/p>\n<p>De posse de uma senha ou assinatura digital, o empres\u00e1rio ou contador ter\u00e1 acesso a uma \u00e1rea espec\u00edfica da empresa que representa, onde encontrar\u00e1 dados personalizados, como eventuais pend\u00eancias fiscais, processos em andamento, extrato de d\u00e9bitos, cadastro completo e documentos de arrecada\u00e7\u00e3o pagos, o que s\u00f3 era poss\u00edvel conseguir presencialmente. O lan\u00e7amento do DT-e faz parte do Sefaz On-Line, um amplo conjunto de iniciativas baseadas na nova realidade de dados digitais.<\/p>\n<p><em>*Secom-Bahia<\/em><\/p>\n","protected":false},"excerpt":{"rendered":"<p>A Secretaria da Fazenda do Estado (Sefaz-BA) vai lan\u00e7ar, no dia 10 de setembro, o Domic\u00edlio Tribut\u00e1rio Eletr\u00f4nico (DT-e), canal de comunica\u00e7\u00e3o direta, on-line, entre o fisco e os contribuintes. Atrav\u00e9s do DT-e, o fisco encaminhar\u00e1 avisos, intima\u00e7\u00f5es, notifica\u00e7\u00f5es e dar\u00e1 ci\u00eancia de todos os tipos de atos administrativos, al\u00e9m de oferecer ao contribuinte uma [&hellip;]<\/p>\n","protected":false},"author":2,"featured_media":3744,"comment_status":"open","ping_status":"open","sticky":false,"template":"","format":"standard","meta":{"_acf_changed":false,"_monsterinsights_skip_tracking":false,"_monsterinsights_sitenote_active":false,"_monsterinsights_sitenote_note":"","_monsterinsights_sitenote_category":0,"_jetpack_memberships_contains_paid_content":false,"footnotes":"","jetpack_publicize_message":"","jetpack_publicize_feature_enabled":true,"jetpack_social_post_already_shared":true,"jetpack_social_options":{"image_generator_settings":{"template":"highway","default_image_id":0,"font":"","enabled":false},"version":2}},"categories":[1,3],"tags":[],"class_list":["post-3743","post","type-post","status-publish","format-standard","has-post-thumbnail","hentry","category-noticias","category-politica"],"acf":[],"jetpack_publicize_connections":[],"jetpack_featured_media_url":"https:\/\/i0.wp.com\/blogdoeloiltoncajuhy.com.br\/site\/wp-content\/uploads\/2015\/09\/sefaz-e1511214340469.jpg?fit=500%2C333&ssl=1","jetpack_sharing_enabled":true,"publishpress_future_workflow_manual_trigger":{"enabledWorkflows":[]},"_links":{"self":[{"href":"https:\/\/blogdoeloiltoncajuhy.com.br\/site\/wp-json\/wp\/v2\/posts\/3743","targetHints":{"allow":["GET"]}}],"collection":[{"href":"https:\/\/blogdoeloiltoncajuhy.com.br\/site\/wp-json\/wp\/v2\/posts"}],"about":[{"href":"https:\/\/blogdoeloiltoncajuhy.com.br\/site\/wp-json\/wp\/v2\/types\/post"}],"author":[{"embeddable":true,"href":"https:\/\/blogdoeloiltoncajuhy.com.br\/site\/wp-json\/wp\/v2\/users\/2"}],"replies":[{"embeddable":true,"href":"https:\/\/blogdoeloiltoncajuhy.com.br\/site\/wp-json\/wp\/v2\/comments?post=3743"}],"version-history":[{"count":1,"href":"https:\/\/blogdoeloiltoncajuhy.com.br\/site\/wp-json\/wp\/v2\/posts\/3743\/revisions"}],"predecessor-version":[{"id":3745,"href":"https:\/\/blogdoeloiltoncajuhy.com.br\/site\/wp-json\/wp\/v2\/posts\/3743\/revisions\/3745"}],"wp:featuredmedia":[{"embeddable":true,"href":"https:\/\/blogdoeloiltoncajuhy.com.br\/site\/wp-json\/wp\/v2\/media\/3744"}],"wp:attachment":[{"href":"https:\/\/blogdoeloiltoncajuhy.com.br\/site\/wp-json\/wp\/v2\/media?parent=3743"}],"wp:term":[{"taxonomy":"category","embeddable":true,"href":"https:\/\/blogdoeloiltoncajuhy.com.br\/site\/wp-json\/wp\/v2\/categories?post=3743"},{"taxonomy":"post_tag","embeddable":true,"href":"https:\/\/blogdoeloiltoncajuhy.com.br\/site\/wp-json\/wp\/v2\/tags?post=3743"}],"curies":[{"name":"wp","href":"https:\/\/api.w.org\/{rel}","templated":true}]}}