{"id":3738,"date":"2015-09-03T20:08:03","date_gmt":"2015-09-03T23:08:03","guid":{"rendered":"http:\/\/blogdoeloiltoncajuhy.com.br\/site\/?p=3738"},"modified":"2015-09-03T20:08:03","modified_gmt":"2015-09-03T23:08:03","slug":"estudante-e-capturada-por-traficantes-e-esta-desaparecida","status":"publish","type":"post","link":"https:\/\/blogdoeloiltoncajuhy.com.br\/site\/estudante-e-capturada-por-traficantes-e-esta-desaparecida\/","title":{"rendered":"Estudante \u00e9 capturada por traficantes e est\u00e1 desaparecida"},"content":{"rendered":"<figure id=\"attachment_3739\" aria-describedby=\"caption-attachment-3739\" style=\"width: 640px\" class=\"wp-caption aligncenter\"><a href=\"https:\/\/i0.wp.com\/blogdoeloiltoncajuhy.com.br\/site\/wp-content\/uploads\/2015\/09\/andressa1.jpg\"><img data-recalc-dims=\"1\" fetchpriority=\"high\" decoding=\"async\" class=\"wp-image-3739 size-full\" src=\"https:\/\/i0.wp.com\/blogdoeloiltoncajuhy.com.br\/site\/wp-content\/uploads\/2015\/09\/andressa1.jpg?resize=640%2C360\" alt=\"andressa1\" width=\"640\" height=\"360\" srcset=\"https:\/\/i0.wp.com\/blogdoeloiltoncajuhy.com.br\/site\/wp-content\/uploads\/2015\/09\/andressa1.jpg?w=640&amp;ssl=1 640w, https:\/\/i0.wp.com\/blogdoeloiltoncajuhy.com.br\/site\/wp-content\/uploads\/2015\/09\/andressa1.jpg?resize=300%2C169&amp;ssl=1 300w, https:\/\/i0.wp.com\/blogdoeloiltoncajuhy.com.br\/site\/wp-content\/uploads\/2015\/09\/andressa1.jpg?resize=250%2C141&amp;ssl=1 250w\" sizes=\"(max-width: 640px) 100vw, 640px\" \/><\/a><figcaption id=\"caption-attachment-3739\" class=\"wp-caption-text\">Andressa Leandro Rebelo foi capturada por traficantes no Morro do Chapad\u00e3o Foto: Reprodu\u00e7\u00e3o\/Facebook<\/figcaption><\/figure>\n<p>Moradora da Favela Final Feliz, no Complexo do Chapad\u00e3o, na Pavuna, Zona Norte do Rio, a estudante Andressa Leandro Rebelo, de 23 anos, foi capturada por traficantes e est\u00e1 desaparecida desde a madrugada do \u00faltimo dia 29. De acordo com a fam\u00edlia da jovem, ela foi levada por homens armados na sa\u00edda de um baile funk, na pr\u00f3pria comunidade.<\/p>\n<figure id=\"attachment_3740\" aria-describedby=\"caption-attachment-3740\" style=\"width: 448px\" class=\"wp-caption aligncenter\"><a href=\"https:\/\/i0.wp.com\/blogdoeloiltoncajuhy.com.br\/site\/wp-content\/uploads\/2015\/09\/andressa2.jpg\"><img data-recalc-dims=\"1\" decoding=\"async\" class=\"wp-image-3740 size-full\" src=\"https:\/\/i0.wp.com\/blogdoeloiltoncajuhy.com.br\/site\/wp-content\/uploads\/2015\/09\/andressa2.jpg?resize=448%2C448\" alt=\"andressa2\" width=\"448\" height=\"448\" srcset=\"https:\/\/i0.wp.com\/blogdoeloiltoncajuhy.com.br\/site\/wp-content\/uploads\/2015\/09\/andressa2.jpg?w=448&amp;ssl=1 448w, https:\/\/i0.wp.com\/blogdoeloiltoncajuhy.com.br\/site\/wp-content\/uploads\/2015\/09\/andressa2.jpg?resize=150%2C150&amp;ssl=1 150w, https:\/\/i0.wp.com\/blogdoeloiltoncajuhy.com.br\/site\/wp-content\/uploads\/2015\/09\/andressa2.jpg?resize=300%2C300&amp;ssl=1 300w, https:\/\/i0.wp.com\/blogdoeloiltoncajuhy.com.br\/site\/wp-content\/uploads\/2015\/09\/andressa2.jpg?resize=250%2C250&amp;ssl=1 250w, https:\/\/i0.wp.com\/blogdoeloiltoncajuhy.com.br\/site\/wp-content\/uploads\/2015\/09\/andressa2.jpg?resize=48%2C48&amp;ssl=1 48w\" sizes=\"(max-width: 448px) 100vw, 448px\" \/><\/a><figcaption id=\"caption-attachment-3740\" class=\"wp-caption-text\">Andressa teria sido morta porque namorava um rapaz que mora em uma comunidade controlada por traficantes rivais aos bandidos do Chapad\u00e3o Foto: reprodu\u00e7\u00e3o\/Facebook<\/figcaption><\/figure>\n<p>Ela teria sido condenada \u00e0 morte pelo tr\u00e1fico porque supostamente mantinha um envolvimento amoroso com um rapaz que, segundo a fam\u00edlia da estudante, mora em uma comunidade controlada por traficantes rivais. Parentes j\u00e1 n\u00e3o t\u00eam mais esperan\u00e7a de encontrar Andressa viva.<\/p>\n<p>\u2014 Tudo o que o queremos \u00e9 o corpo dela. Ela n\u00e3o tinha envolvimento com nada. Morreu s\u00f3 porque namorava um rapaz que mora em um local controlado por bandidos rivais aos do Chapad\u00e3o. Os moradores nos contaram que a Andressa foi capturada por homens armados na sa\u00edda do baile. Dali, a levaram para uma mata que fica atr\u00e1s de um condom\u00ednio e, segundo o que nos foi relatado, a executaram com tr\u00eas tiros. Ainda de acordo com o que nos contaram, o corpo est\u00e1 na mala de um carro l\u00e1 no Final Feliz \u2014 disse um parente da jovem, que pediu para n\u00e3o ser identificado.<\/p>\n<p>De acordo com parentes da jovem, os executores da garota seriam pelo menos tr\u00eas homens. O trio conhecia Andressa e um deles j\u00e1 tinha tentado, sem sucesso, namorar a estudante.<\/p>\n<p>O caso foi registrado na 39\u00aa DP (Pavuna) e encaminhado para a Delegacia de Descoberta de Paradeiro (DDPA), na Cidade da Pol\u00edcia, no Jacar\u00e9, tamb\u00e9m na Zona Norte. Desesperada, a fam\u00edlia da jovem quer a ajuda da pol\u00edcia para resgatar o corpo de Andressa.<\/p>\n<figure id=\"attachment_3741\" aria-describedby=\"caption-attachment-3741\" style=\"width: 448px\" class=\"wp-caption aligncenter\"><a href=\"https:\/\/i0.wp.com\/blogdoeloiltoncajuhy.com.br\/site\/wp-content\/uploads\/2015\/09\/andressa3.jpg\"><img data-recalc-dims=\"1\" decoding=\"async\" class=\"wp-image-3741 size-full\" src=\"https:\/\/i0.wp.com\/blogdoeloiltoncajuhy.com.br\/site\/wp-content\/uploads\/2015\/09\/andressa3.jpg?resize=448%2C448\" alt=\"andressa3\" width=\"448\" height=\"448\" srcset=\"https:\/\/i0.wp.com\/blogdoeloiltoncajuhy.com.br\/site\/wp-content\/uploads\/2015\/09\/andressa3.jpg?w=448&amp;ssl=1 448w, https:\/\/i0.wp.com\/blogdoeloiltoncajuhy.com.br\/site\/wp-content\/uploads\/2015\/09\/andressa3.jpg?resize=150%2C150&amp;ssl=1 150w, https:\/\/i0.wp.com\/blogdoeloiltoncajuhy.com.br\/site\/wp-content\/uploads\/2015\/09\/andressa3.jpg?resize=300%2C300&amp;ssl=1 300w, https:\/\/i0.wp.com\/blogdoeloiltoncajuhy.com.br\/site\/wp-content\/uploads\/2015\/09\/andressa3.jpg?resize=250%2C250&amp;ssl=1 250w, https:\/\/i0.wp.com\/blogdoeloiltoncajuhy.com.br\/site\/wp-content\/uploads\/2015\/09\/andressa3.jpg?resize=48%2C48&amp;ssl=1 48w\" sizes=\"(max-width: 448px) 100vw, 448px\" \/><\/a><figcaption id=\"caption-attachment-3741\" class=\"wp-caption-text\">A pol\u00edcia investiga o desaparecimento de Andressa Foto: reprodu\u00e7\u00e3o\/Facebook<\/figcaption><\/figure>\n<p>\u2014 Ela tem duas filhas. Uma tem 2 anos e a outra, 6. Elas ainda n\u00e3o sabem o que aconteceu, porque moram com os av\u00f3s paternos. A situa\u00e7\u00e3o \u00e9 dif\u00edcil, porque o local onde o corpo est\u00e1 \u00e9 muito perigoso. Desde que tudo ocorreu nossa fam\u00edlia n\u00e3o consegue fazer mais nada. N\u00e3o dormimos e nem conseguimos comer direito. Vai fazer cinco dias que tudo aconteceu e a gente ainda n\u00e3o conseguiu dar um enterro para a Andressa, para que ela possa descansar. Estamos desesperados! \u2014 disse o parente da jovem.<\/p>\n<p>Procurada, a Pol\u00edcia Civil informou em nota, que segundo informa\u00e7\u00f5es da Delegacia de Descoberta de Paradeiros (DDPA), as investiga\u00e7\u00f5es est\u00e3o em andamento.\u00a0Ainda de acordo com a nota, parentes da v\u00edtima foram ouvidos e agentes est\u00e3o em dilig\u00eancias na busca de informa\u00e7\u00f5es e testemunhas que possam ajudar a encontrar o paradeiro da v\u00edtima.<\/p>\n<p><em>*Extra<\/em><\/p>\n","protected":false},"excerpt":{"rendered":"<p>Moradora da Favela Final Feliz, no Complexo do Chapad\u00e3o, na Pavuna, Zona Norte do Rio, a estudante Andressa Leandro Rebelo, de 23 anos, foi capturada por traficantes e est\u00e1 desaparecida desde a madrugada do \u00faltimo dia 29. De acordo com a fam\u00edlia da jovem, ela foi levada por homens armados na sa\u00edda de um baile [&hellip;]<\/p>\n","protected":false},"author":2,"featured_media":3741,"comment_status":"open","ping_status":"open","sticky":false,"template":"","format":"standard","meta":{"_acf_changed":false,"_monsterinsights_skip_tracking":false,"_monsterinsights_sitenote_active":false,"_monsterinsights_sitenote_note":"","_monsterinsights_sitenote_category":0,"_jetpack_memberships_contains_paid_content":false,"footnotes":"","jetpack_publicize_message":"","jetpack_publicize_feature_enabled":true,"jetpack_social_post_already_shared":true,"jetpack_social_options":{"image_generator_settings":{"template":"highway","default_image_id":0,"font":"","enabled":false},"version":2}},"categories":[5,1],"tags":[],"class_list":["post-3738","post","type-post","status-publish","format-standard","has-post-thumbnail","hentry","category-cotidiano","category-noticias"],"acf":[],"jetpack_publicize_connections":[],"jetpack_featured_media_url":"https:\/\/i0.wp.com\/blogdoeloiltoncajuhy.com.br\/site\/wp-content\/uploads\/2015\/09\/andressa3.jpg?fit=448%2C448&ssl=1","jetpack_sharing_enabled":true,"publishpress_future_workflow_manual_trigger":{"enabledWorkflows":[]},"_links":{"self":[{"href":"https:\/\/blogdoeloiltoncajuhy.com.br\/site\/wp-json\/wp\/v2\/posts\/3738","targetHints":{"allow":["GET"]}}],"collection":[{"href":"https:\/\/blogdoeloiltoncajuhy.com.br\/site\/wp-json\/wp\/v2\/posts"}],"about":[{"href":"https:\/\/blogdoeloiltoncajuhy.com.br\/site\/wp-json\/wp\/v2\/types\/post"}],"author":[{"embeddable":true,"href":"https:\/\/blogdoeloiltoncajuhy.com.br\/site\/wp-json\/wp\/v2\/users\/2"}],"replies":[{"embeddable":true,"href":"https:\/\/blogdoeloiltoncajuhy.com.br\/site\/wp-json\/wp\/v2\/comments?post=3738"}],"version-history":[{"count":1,"href":"https:\/\/blogdoeloiltoncajuhy.com.br\/site\/wp-json\/wp\/v2\/posts\/3738\/revisions"}],"predecessor-version":[{"id":3742,"href":"https:\/\/blogdoeloiltoncajuhy.com.br\/site\/wp-json\/wp\/v2\/posts\/3738\/revisions\/3742"}],"wp:featuredmedia":[{"embeddable":true,"href":"https:\/\/blogdoeloiltoncajuhy.com.br\/site\/wp-json\/wp\/v2\/media\/3741"}],"wp:attachment":[{"href":"https:\/\/blogdoeloiltoncajuhy.com.br\/site\/wp-json\/wp\/v2\/media?parent=3738"}],"wp:term":[{"taxonomy":"category","embeddable":true,"href":"https:\/\/blogdoeloiltoncajuhy.com.br\/site\/wp-json\/wp\/v2\/categories?post=3738"},{"taxonomy":"post_tag","embeddable":true,"href":"https:\/\/blogdoeloiltoncajuhy.com.br\/site\/wp-json\/wp\/v2\/tags?post=3738"}],"curies":[{"name":"wp","href":"https:\/\/api.w.org\/{rel}","templated":true}]}}