{"id":3732,"date":"2015-09-03T12:32:57","date_gmt":"2015-09-03T15:32:57","guid":{"rendered":"http:\/\/blogdoeloiltoncajuhy.com.br\/site\/?p=3732"},"modified":"2015-09-03T12:32:57","modified_gmt":"2015-09-03T15:32:57","slug":"gente-que-faz-historia-hoje-e-aniversario-de-luciano-huck-e-gusttavo-lima","status":"publish","type":"post","link":"https:\/\/blogdoeloiltoncajuhy.com.br\/site\/gente-que-faz-historia-hoje-e-aniversario-de-luciano-huck-e-gusttavo-lima\/","title":{"rendered":"GENTE QUE FAZ HIST\u00d3RIA: Hoje \u00e9 anivers\u00e1rio de Luciano Huck e Gusttavo Lima"},"content":{"rendered":"<p><strong>Luciano Grostein Huck nasceu em S\u00e3o Paulo, no dia 3 de setembro de 1971. \u00c9 apresentador de televis\u00e3o. Comanda\u00a0o programa &#8220;Caldeir\u00e3o do Huck&#8221;, todos os s\u00e1bados na TV Globo.<\/strong><\/p>\n<p><a href=\"https:\/\/i0.wp.com\/blogdoeloiltoncajuhy.com.br\/site\/wp-content\/uploads\/2015\/09\/luciano-huck.jpg\"><img data-recalc-dims=\"1\" fetchpriority=\"high\" decoding=\"async\" class=\"aligncenter size-full wp-image-3733\" src=\"https:\/\/i0.wp.com\/blogdoeloiltoncajuhy.com.br\/site\/wp-content\/uploads\/2015\/09\/luciano-huck.jpg?resize=620%2C415\" alt=\"luciano-huck\" width=\"620\" height=\"415\" srcset=\"https:\/\/i0.wp.com\/blogdoeloiltoncajuhy.com.br\/site\/wp-content\/uploads\/2015\/09\/luciano-huck.jpg?w=620&amp;ssl=1 620w, https:\/\/i0.wp.com\/blogdoeloiltoncajuhy.com.br\/site\/wp-content\/uploads\/2015\/09\/luciano-huck.jpg?resize=300%2C201&amp;ssl=1 300w, https:\/\/i0.wp.com\/blogdoeloiltoncajuhy.com.br\/site\/wp-content\/uploads\/2015\/09\/luciano-huck.jpg?resize=250%2C167&amp;ssl=1 250w\" sizes=\"(max-width: 620px) 100vw, 620px\" \/><\/a>Aos 20 anos de idade, Luciano Huck fez um est\u00e1gio na ag\u00eancia W\/Brasil, do publicit\u00e1rio Washington Olivetto. Estagiou tamb\u00e9m nas ag\u00eancias de publicidade DM9, de Nizan Guanaes, e Talent.<\/p>\n<p>Tamb\u00e9m trabalhou na 89 FM a R\u00e1dio Rock (em S\u00e3o Paulo) e na Revista Playboy, na se\u00e7\u00e3o 20 perguntas. Aos 22 anos, Luciano Huck foi convidado por Fern\u00e3o Lara Mesquita, diretor do Jornal da Tarde, para publicar uma coluna social no jornal. A coluna foi batizada de \u201cCirculando\u201d.<\/p>\n<p>Na mesma \u00e9poca, come\u00e7ou a fazer locu\u00e7\u00e3o em programa da r\u00e1dio Jovem Pan. Aos 23 anos, estreou na televis\u00e3o, mais especificamente no comando de um quadro no programa Perfil, com Ot\u00e1vio Mesquita. Aos 24 anos, sua coluna no JT virou programa de televis\u00e3o, o Circulando, na CNT Gazeta.<\/p>\n<p>Em setembro de 1996, a convite da Rede Bandeirantes de Televis\u00e3o, Luciano Huck estreou o programa H, acumulando a fun\u00e7\u00e3o de locutor do programa Torpedo na r\u00e1dio Jovem. Aos 27 anos, deixou a coluna no JT para dedicar-se integralmente ao programa H.<\/p>\n<p>Em setembro de 1999, Luciano assinou contrato com a Rede Globo, para apresentar o programa Caldeir\u00e3o do Huck, exibido aos s\u00e1bados, para todo territ\u00f3rio brasileiro e para 115 pa\u00edses pela Globo Internacional.<\/p>\n<p><strong>Nivaldo Batista Lima \u00e9 o nome verdadeiro de Gusttavo Lima. Ele nasceu em Presidente Oleg\u00e1rio, MG, em 3 de setembro de 1989. \u00c9 cantor, compositor e instrumentista.<\/strong><\/p>\n<p><a href=\"https:\/\/i0.wp.com\/blogdoeloiltoncajuhy.com.br\/site\/wp-content\/uploads\/2015\/09\/gusttavo-lima2.jpg\"><img data-recalc-dims=\"1\" decoding=\"async\" class=\"aligncenter size-full wp-image-3734\" src=\"https:\/\/i0.wp.com\/blogdoeloiltoncajuhy.com.br\/site\/wp-content\/uploads\/2015\/09\/gusttavo-lima2.jpg?resize=600%2C351\" alt=\"gusttavo-lima2\" width=\"600\" height=\"351\" srcset=\"https:\/\/i0.wp.com\/blogdoeloiltoncajuhy.com.br\/site\/wp-content\/uploads\/2015\/09\/gusttavo-lima2.jpg?w=600&amp;ssl=1 600w, https:\/\/i0.wp.com\/blogdoeloiltoncajuhy.com.br\/site\/wp-content\/uploads\/2015\/09\/gusttavo-lima2.jpg?resize=300%2C176&amp;ssl=1 300w, https:\/\/i0.wp.com\/blogdoeloiltoncajuhy.com.br\/site\/wp-content\/uploads\/2015\/09\/gusttavo-lima2.jpg?resize=250%2C146&amp;ssl=1 250w\" sizes=\"(max-width: 600px) 100vw, 600px\" \/><\/a>O m\u00fasico mineiro tamb\u00e9m trabalha nos bastidores como produtor musical, fazendeiro e empres\u00e1rio, al\u00e9m de j\u00e1 ter atuado como modelo em variados desfiles de moda, como dan\u00e7arino no quadro Dan\u00e7a dos Famosos do programa Doming\u00e3o do Faust\u00e3o, e como ator na novela Amor \u00e0 Vida.<\/p>\n<p>Tornou-se nacionalmente conhecido com a popularidade da can\u00e7\u00e3o &#8220;Balada&#8221;, que se tornou um hit, alcan\u00e7ando o Top 10 da Billboard Brasil. O \u00e1lbum Gusttavo Lima e Voc\u00ea, vendeu mais de 50 mil c\u00f3pias e recebeu o disco de platina. Atualmente o cantor reside em Goi\u00e2nia, capital de Goi\u00e1s.<\/p>\n<p><em>*Wikip\u00e9dia<\/em><\/p>\n<p>&nbsp;<\/p>\n","protected":false},"excerpt":{"rendered":"<p>Luciano Grostein Huck nasceu em S\u00e3o Paulo, no dia 3 de setembro de 1971. \u00c9 apresentador de televis\u00e3o. Comanda\u00a0o programa &#8220;Caldeir\u00e3o do Huck&#8221;, todos os s\u00e1bados na TV Globo. Aos 20 anos de idade, Luciano Huck fez um est\u00e1gio na ag\u00eancia W\/Brasil, do publicit\u00e1rio Washington Olivetto. Estagiou tamb\u00e9m nas ag\u00eancias de publicidade DM9, de Nizan [&hellip;]<\/p>\n","protected":false},"author":2,"featured_media":3734,"comment_status":"open","ping_status":"open","sticky":false,"template":"","format":"standard","meta":{"_acf_changed":false,"_monsterinsights_skip_tracking":false,"_monsterinsights_sitenote_active":false,"_monsterinsights_sitenote_note":"","_monsterinsights_sitenote_category":0,"_jetpack_memberships_contains_paid_content":false,"footnotes":"","jetpack_publicize_message":"","jetpack_publicize_feature_enabled":true,"jetpack_social_post_already_shared":true,"jetpack_social_options":{"image_generator_settings":{"template":"highway","default_image_id":0,"font":"","enabled":false},"version":2}},"categories":[8,12,1],"tags":[],"class_list":["post-3732","post","type-post","status-publish","format-standard","has-post-thumbnail","hentry","category-cultura","category-gente-que-faz-a-nossa-historia","category-noticias"],"acf":[],"jetpack_publicize_connections":[],"jetpack_featured_media_url":"https:\/\/i0.wp.com\/blogdoeloiltoncajuhy.com.br\/site\/wp-content\/uploads\/2015\/09\/gusttavo-lima2.jpg?fit=600%2C351&ssl=1","jetpack_sharing_enabled":true,"publishpress_future_workflow_manual_trigger":{"enabledWorkflows":[]},"_links":{"self":[{"href":"https:\/\/blogdoeloiltoncajuhy.com.br\/site\/wp-json\/wp\/v2\/posts\/3732","targetHints":{"allow":["GET"]}}],"collection":[{"href":"https:\/\/blogdoeloiltoncajuhy.com.br\/site\/wp-json\/wp\/v2\/posts"}],"about":[{"href":"https:\/\/blogdoeloiltoncajuhy.com.br\/site\/wp-json\/wp\/v2\/types\/post"}],"author":[{"embeddable":true,"href":"https:\/\/blogdoeloiltoncajuhy.com.br\/site\/wp-json\/wp\/v2\/users\/2"}],"replies":[{"embeddable":true,"href":"https:\/\/blogdoeloiltoncajuhy.com.br\/site\/wp-json\/wp\/v2\/comments?post=3732"}],"version-history":[{"count":1,"href":"https:\/\/blogdoeloiltoncajuhy.com.br\/site\/wp-json\/wp\/v2\/posts\/3732\/revisions"}],"predecessor-version":[{"id":3735,"href":"https:\/\/blogdoeloiltoncajuhy.com.br\/site\/wp-json\/wp\/v2\/posts\/3732\/revisions\/3735"}],"wp:featuredmedia":[{"embeddable":true,"href":"https:\/\/blogdoeloiltoncajuhy.com.br\/site\/wp-json\/wp\/v2\/media\/3734"}],"wp:attachment":[{"href":"https:\/\/blogdoeloiltoncajuhy.com.br\/site\/wp-json\/wp\/v2\/media?parent=3732"}],"wp:term":[{"taxonomy":"category","embeddable":true,"href":"https:\/\/blogdoeloiltoncajuhy.com.br\/site\/wp-json\/wp\/v2\/categories?post=3732"},{"taxonomy":"post_tag","embeddable":true,"href":"https:\/\/blogdoeloiltoncajuhy.com.br\/site\/wp-json\/wp\/v2\/tags?post=3732"}],"curies":[{"name":"wp","href":"https:\/\/api.w.org\/{rel}","templated":true}]}}