{"id":3729,"date":"2015-09-03T09:50:16","date_gmt":"2015-09-03T12:50:16","guid":{"rendered":"http:\/\/blogdoeloiltoncajuhy.com.br\/site\/?p=3729"},"modified":"2015-09-03T09:50:16","modified_gmt":"2015-09-03T12:50:16","slug":"superintendente-regional-do-trabalho-e-emprego-na-bahia-visitara-agencia-de-senhor-do-bonfim","status":"publish","type":"post","link":"https:\/\/blogdoeloiltoncajuhy.com.br\/site\/superintendente-regional-do-trabalho-e-emprego-na-bahia-visitara-agencia-de-senhor-do-bonfim\/","title":{"rendered":"Superintendente Regional do Trabalho e Emprego na Bahia visitar\u00e1 Ag\u00eancia de Senhor do Bonfim"},"content":{"rendered":"<p><em><strong>Objetivo da visita \u00e9 identificar melhorias no atendimento \u00e0 popula\u00e7\u00e3o local e da regi\u00e3o<\/strong><\/em><\/p>\n<p><a href=\"https:\/\/i0.wp.com\/blogdoeloiltoncajuhy.com.br\/site\/wp-content\/uploads\/2015\/09\/ministerio-do-trabalho-e-emprego.jpg\"><img data-recalc-dims=\"1\" fetchpriority=\"high\" decoding=\"async\" class=\"wp-image-3730 size-medium alignright\" src=\"https:\/\/i0.wp.com\/blogdoeloiltoncajuhy.com.br\/site\/wp-content\/uploads\/2015\/09\/ministerio-do-trabalho-e-emprego-300x225.jpg?resize=300%2C225\" alt=\"ministerio-do-trabalho-e-emprego\" width=\"300\" height=\"225\" srcset=\"https:\/\/i0.wp.com\/blogdoeloiltoncajuhy.com.br\/site\/wp-content\/uploads\/2015\/09\/ministerio-do-trabalho-e-emprego.jpg?resize=300%2C225&amp;ssl=1 300w, https:\/\/i0.wp.com\/blogdoeloiltoncajuhy.com.br\/site\/wp-content\/uploads\/2015\/09\/ministerio-do-trabalho-e-emprego.jpg?resize=250%2C187&amp;ssl=1 250w, https:\/\/i0.wp.com\/blogdoeloiltoncajuhy.com.br\/site\/wp-content\/uploads\/2015\/09\/ministerio-do-trabalho-e-emprego.jpg?w=458&amp;ssl=1 458w\" sizes=\"(max-width: 300px) 100vw, 300px\" \/><\/a>Nesta quinta-feira (03), \u00e0 tarde, o Superintendente Regional do Trabalho e Emprego na Bahia, Severiano Alves, visitar\u00e1 a Ag\u00eancia do Trabalho e Emprego em Senhor do Bonfim. O objetivo da visita \u00e9 conhecer as instala\u00e7\u00f5es da Ag\u00eancia a fim de identificar melhorias na qualidade do atendimento.<\/p>\n<p>Desde que assumiu, em maio desse ano, a Superintend\u00eancia do Trabalho e Emprego no Estado, Severiano Alves firmou o compromisso de conhecer cada unidade do Minist\u00e9rio do Trabalho e Emprego na Bahia a fim de equip\u00e1-las com ferramentas tecnol\u00f3gicas mais eficientes para cumprir o seu papel no atendimento aos trabalhadores e empregadores da Bahia.<\/p>\n<p>Exemplos de melhorias implementadas, recentemente, s\u00e3o as instala\u00e7\u00f5es das f\u00e1bricas de carteira de trabalho nas ag\u00eancias de Alagoinhas e Jacobina, no m\u00eas de agosto, que v\u00eam proporcionando maior agilidade na entrega do documento ao cidad\u00e3o, que passou a receber a carteira de trabalho em at\u00e9 24 horas, o que antes s\u00f3 era poss\u00edvel em quinze dias.<\/p>\n<p>\u201cA import\u00e2ncia dessas melhorias, como a implanta\u00e7\u00e3o dessas f\u00e1bricas da carteira de trabalho nas cidades do interior, valoriza n\u00e3o s\u00f3 as a\u00e7\u00f5es dos trabalhadores, como da sociedade, pois permite maior flexibiliza\u00e7\u00e3o nos atendimentos\u201d, ressalta o Superintendente.<\/p>\n<p><em>*Ascom Superintend\u00eancia do Trabalho e Emprego\/BA<\/em><\/p>\n","protected":false},"excerpt":{"rendered":"<p>Objetivo da visita \u00e9 identificar melhorias no atendimento \u00e0 popula\u00e7\u00e3o local e da regi\u00e3o Nesta quinta-feira (03), \u00e0 tarde, o Superintendente Regional do Trabalho e Emprego na Bahia, Severiano Alves, visitar\u00e1 a Ag\u00eancia do Trabalho e Emprego em Senhor do Bonfim. O objetivo da visita \u00e9 conhecer as instala\u00e7\u00f5es da Ag\u00eancia a fim de identificar [&hellip;]<\/p>\n","protected":false},"author":2,"featured_media":3730,"comment_status":"open","ping_status":"open","sticky":false,"template":"","format":"standard","meta":{"_acf_changed":false,"_monsterinsights_skip_tracking":false,"_monsterinsights_sitenote_active":false,"_monsterinsights_sitenote_note":"","_monsterinsights_sitenote_category":0,"_jetpack_memberships_contains_paid_content":false,"footnotes":"","jetpack_publicize_message":"","jetpack_publicize_feature_enabled":true,"jetpack_social_post_already_shared":true,"jetpack_social_options":{"image_generator_settings":{"template":"highway","default_image_id":0,"font":"","enabled":false},"version":2}},"categories":[1,3,4],"tags":[],"class_list":["post-3729","post","type-post","status-publish","format-standard","has-post-thumbnail","hentry","category-noticias","category-politica","category-local"],"acf":[],"jetpack_publicize_connections":[],"jetpack_featured_media_url":"https:\/\/i0.wp.com\/blogdoeloiltoncajuhy.com.br\/site\/wp-content\/uploads\/2015\/09\/ministerio-do-trabalho-e-emprego.jpg?fit=458%2C343&ssl=1","jetpack_sharing_enabled":true,"publishpress_future_workflow_manual_trigger":{"enabledWorkflows":[]},"_links":{"self":[{"href":"https:\/\/blogdoeloiltoncajuhy.com.br\/site\/wp-json\/wp\/v2\/posts\/3729","targetHints":{"allow":["GET"]}}],"collection":[{"href":"https:\/\/blogdoeloiltoncajuhy.com.br\/site\/wp-json\/wp\/v2\/posts"}],"about":[{"href":"https:\/\/blogdoeloiltoncajuhy.com.br\/site\/wp-json\/wp\/v2\/types\/post"}],"author":[{"embeddable":true,"href":"https:\/\/blogdoeloiltoncajuhy.com.br\/site\/wp-json\/wp\/v2\/users\/2"}],"replies":[{"embeddable":true,"href":"https:\/\/blogdoeloiltoncajuhy.com.br\/site\/wp-json\/wp\/v2\/comments?post=3729"}],"version-history":[{"count":1,"href":"https:\/\/blogdoeloiltoncajuhy.com.br\/site\/wp-json\/wp\/v2\/posts\/3729\/revisions"}],"predecessor-version":[{"id":3731,"href":"https:\/\/blogdoeloiltoncajuhy.com.br\/site\/wp-json\/wp\/v2\/posts\/3729\/revisions\/3731"}],"wp:featuredmedia":[{"embeddable":true,"href":"https:\/\/blogdoeloiltoncajuhy.com.br\/site\/wp-json\/wp\/v2\/media\/3730"}],"wp:attachment":[{"href":"https:\/\/blogdoeloiltoncajuhy.com.br\/site\/wp-json\/wp\/v2\/media?parent=3729"}],"wp:term":[{"taxonomy":"category","embeddable":true,"href":"https:\/\/blogdoeloiltoncajuhy.com.br\/site\/wp-json\/wp\/v2\/categories?post=3729"},{"taxonomy":"post_tag","embeddable":true,"href":"https:\/\/blogdoeloiltoncajuhy.com.br\/site\/wp-json\/wp\/v2\/tags?post=3729"}],"curies":[{"name":"wp","href":"https:\/\/api.w.org\/{rel}","templated":true}]}}