{"id":3725,"date":"2015-09-03T09:27:14","date_gmt":"2015-09-03T12:27:14","guid":{"rendered":"http:\/\/blogdoeloiltoncajuhy.com.br\/site\/?p=3725"},"modified":"2015-09-03T09:27:14","modified_gmt":"2015-09-03T12:27:14","slug":"3-de-setembro-e-dia-nacional-do-biologo-e-dia-das-organizacoes-populares","status":"publish","type":"post","link":"https:\/\/blogdoeloiltoncajuhy.com.br\/site\/3-de-setembro-e-dia-nacional-do-biologo-e-dia-das-organizacoes-populares\/","title":{"rendered":"3 de setembro \u00e9 Dia Nacional do Bi\u00f3logo e Dia das Organiza\u00e7\u00f5es Populares"},"content":{"rendered":"<p><a href=\"https:\/\/i0.wp.com\/blogdoeloiltoncajuhy.com.br\/site\/wp-content\/uploads\/2015\/09\/Dia-do-Bi%C3%B3logo-8.jpg\"><img data-recalc-dims=\"1\" fetchpriority=\"high\" decoding=\"async\" class=\"aligncenter size-full wp-image-3726\" src=\"https:\/\/i0.wp.com\/blogdoeloiltoncajuhy.com.br\/site\/wp-content\/uploads\/2015\/09\/Dia-do-Bi%C3%B3logo-8.jpg?resize=620%2C464\" alt=\"Dia-do-Bi\u00f3logo-8\" width=\"620\" height=\"464\" srcset=\"https:\/\/i0.wp.com\/blogdoeloiltoncajuhy.com.br\/site\/wp-content\/uploads\/2015\/09\/Dia-do-Bi%C3%B3logo-8.jpg?w=620&amp;ssl=1 620w, https:\/\/i0.wp.com\/blogdoeloiltoncajuhy.com.br\/site\/wp-content\/uploads\/2015\/09\/Dia-do-Bi%C3%B3logo-8.jpg?resize=300%2C225&amp;ssl=1 300w, https:\/\/i0.wp.com\/blogdoeloiltoncajuhy.com.br\/site\/wp-content\/uploads\/2015\/09\/Dia-do-Bi%C3%B3logo-8.jpg?resize=250%2C187&amp;ssl=1 250w\" sizes=\"(max-width: 620px) 100vw, 620px\" \/><\/a>A biologia, ci\u00eancia que estuda os seres vivos, \u00e9 de extrema import\u00e2ncia para que se possa entender e melhorar cada ecossistema. O primeiro bi\u00f3logo de quem se tem not\u00edcia foi Arist\u00f3teles, um fil\u00f3sofo grego que fez a primeira classifica\u00e7\u00e3o dos animais.<\/p>\n<p>H\u00e1 outros nomes famosos ligados \u00e0 Biologia: Galeno, Cuvier, Charles Darwin, Pasteur, Mendel, Fleming, Cohen, Boyer e, recentemente, Wilmut.<\/p>\n<p>A profiss\u00e3o de bi\u00f3logo e biom\u00e9dico foi regulamentada, no Brasil, pela lei n\u00ba 6.684, de 3\/9\/1979, assinada pelo presidente Jo\u00e3o Figueiredo, com altera\u00e7\u00f5es introduzidas pelas leis n\u00ba 7.017, de 30\/8\/1982, e n\u00ba 9.098, de 19\/9\/1995.<\/p>\n<p>Embora essa profiss\u00e3o exista, formalmente, h\u00e1 pouco tempo, tem sido muito valorizada. Para exerc\u00ea-la, \u00e9 necess\u00e1rio registrar-se no Conselho Regional de Biologia (CRBio). Antes da regulamenta\u00e7\u00e3o, as atribui\u00e7\u00f5es de bi\u00f3logo pertenciam a agr\u00f4nomos, m\u00e9dicos, farmac\u00eauticos etc.<\/p>\n<p>O bi\u00f3logo pode atuar nas \u00e1reas de: biologia celular ou citobiologia, biologia marinha, biologia molecular ou engenharia gen\u00e9tica, biof\u00edsica, bioqu\u00edmica, bot\u00e2nica, ecologia humana e vegetal, embriologia, gen\u00e9tica, gen\u00e9tica ecol\u00f3gica, histologia, microbiologia, zoologia etc.<\/p>\n<p>Al\u00e9m disso, o bi\u00f3logo pode exercer suas atividades em centros de pesquisa, ind\u00fastrias farmac\u00eauticas, em ONGs que atuem em \u00e1reas ecol\u00f3gicas, no magist\u00e9rio etc.<\/p>\n<p>(<em>Retirado do livro &#8220;Datas Comemorativas&#8221;, Paulinas Editora<\/em>)<\/p>\n<p><a href=\"https:\/\/i0.wp.com\/blogdoeloiltoncajuhy.com.br\/site\/wp-content\/uploads\/2015\/09\/marcha-popular-pelas-reformas-2b.jpg\"><img data-recalc-dims=\"1\" decoding=\"async\" class=\"aligncenter size-full wp-image-3727\" src=\"https:\/\/i0.wp.com\/blogdoeloiltoncajuhy.com.br\/site\/wp-content\/uploads\/2015\/09\/marcha-popular-pelas-reformas-2b.jpg?resize=466%2C350\" alt=\"marcha-popular-pelas-reformas-2b\" width=\"466\" height=\"350\" srcset=\"https:\/\/i0.wp.com\/blogdoeloiltoncajuhy.com.br\/site\/wp-content\/uploads\/2015\/09\/marcha-popular-pelas-reformas-2b.jpg?w=466&amp;ssl=1 466w, https:\/\/i0.wp.com\/blogdoeloiltoncajuhy.com.br\/site\/wp-content\/uploads\/2015\/09\/marcha-popular-pelas-reformas-2b.jpg?resize=300%2C225&amp;ssl=1 300w, https:\/\/i0.wp.com\/blogdoeloiltoncajuhy.com.br\/site\/wp-content\/uploads\/2015\/09\/marcha-popular-pelas-reformas-2b.jpg?resize=250%2C188&amp;ssl=1 250w\" sizes=\"(max-width: 466px) 100vw, 466px\" \/><\/a>Em 3 de setembro, comemora-se o Dia das Organiza\u00e7\u00f5es Populares, uma celebra\u00e7\u00e3o \u00e0s a\u00e7\u00f5es tomadas pelos cidad\u00e3os por mudan\u00e7as na sociedade.<\/p>\n<p>Os problemas que enfrentamos em nosso cotidiano podem gerar em n\u00f3s um grande sentimento de impot\u00eancia. Afinal de contas, como poderia uma \u00fanica pessoa agir para melhorar a infraestrutura de uma escola, melhorar o acesso de uma popula\u00e7\u00e3o carente ao saneamento b\u00e1sico ou ent\u00e3o, sozinho, exigir que as grandes empresas tratem seus funcion\u00e1rios de forma justa?<\/p>\n<p>\u00c9 exatamente por esse motivo que se formam as organiza\u00e7\u00f5es populares. Elas s\u00e3o uma tentativa de um grupo, ou v\u00e1rios, de resolver esses e v\u00e1rios outros problemas por via da a\u00e7\u00e3o direta. O dia 3 de setembro foi a data escolhida para celebrar as a\u00e7\u00f5es de mudan\u00e7a que partem dessa forma de a\u00e7\u00e3o popular.<\/p>\n<p>Entre as formas de organiza\u00e7\u00e3o popular, est\u00e3o os diversos movimentos sociais que se formaram em busca de mudan\u00e7as na sociedade. Essas organiza\u00e7\u00f5es existem a partir de a\u00e7\u00f5es que nascem da \u201csociedade civil\u201d, isto \u00e9, dos cidad\u00e3os, ou da esfera privada das sociedades, sendo formadas informal e espontaneamente ou constitu\u00eddas legalmente e com representa\u00e7\u00e3o institucional.<\/p>\n<p><em>*Lucas Oliveira &#8211; Graduado em Sociologia (Site Brasil Escola)<\/em><\/p>\n","protected":false},"excerpt":{"rendered":"<p>A biologia, ci\u00eancia que estuda os seres vivos, \u00e9 de extrema import\u00e2ncia para que se possa entender e melhorar cada ecossistema. O primeiro bi\u00f3logo de quem se tem not\u00edcia foi Arist\u00f3teles, um fil\u00f3sofo grego que fez a primeira classifica\u00e7\u00e3o dos animais. H\u00e1 outros nomes famosos ligados \u00e0 Biologia: Galeno, Cuvier, Charles Darwin, Pasteur, Mendel, Fleming, [&hellip;]<\/p>\n","protected":false},"author":2,"featured_media":3727,"comment_status":"open","ping_status":"open","sticky":false,"template":"","format":"standard","meta":{"_acf_changed":false,"_monsterinsights_skip_tracking":false,"_monsterinsights_sitenote_active":false,"_monsterinsights_sitenote_note":"","_monsterinsights_sitenote_category":0,"_jetpack_memberships_contains_paid_content":false,"footnotes":"","jetpack_publicize_message":"","jetpack_publicize_feature_enabled":true,"jetpack_social_post_already_shared":true,"jetpack_social_options":{"image_generator_settings":{"template":"highway","default_image_id":0,"font":"","enabled":false},"version":2}},"categories":[1],"tags":[],"class_list":["post-3725","post","type-post","status-publish","format-standard","has-post-thumbnail","hentry","category-noticias"],"acf":[],"jetpack_publicize_connections":[],"jetpack_featured_media_url":"https:\/\/i0.wp.com\/blogdoeloiltoncajuhy.com.br\/site\/wp-content\/uploads\/2015\/09\/marcha-popular-pelas-reformas-2b.jpg?fit=466%2C350&ssl=1","jetpack_sharing_enabled":true,"publishpress_future_workflow_manual_trigger":{"enabledWorkflows":[]},"_links":{"self":[{"href":"https:\/\/blogdoeloiltoncajuhy.com.br\/site\/wp-json\/wp\/v2\/posts\/3725","targetHints":{"allow":["GET"]}}],"collection":[{"href":"https:\/\/blogdoeloiltoncajuhy.com.br\/site\/wp-json\/wp\/v2\/posts"}],"about":[{"href":"https:\/\/blogdoeloiltoncajuhy.com.br\/site\/wp-json\/wp\/v2\/types\/post"}],"author":[{"embeddable":true,"href":"https:\/\/blogdoeloiltoncajuhy.com.br\/site\/wp-json\/wp\/v2\/users\/2"}],"replies":[{"embeddable":true,"href":"https:\/\/blogdoeloiltoncajuhy.com.br\/site\/wp-json\/wp\/v2\/comments?post=3725"}],"version-history":[{"count":1,"href":"https:\/\/blogdoeloiltoncajuhy.com.br\/site\/wp-json\/wp\/v2\/posts\/3725\/revisions"}],"predecessor-version":[{"id":3728,"href":"https:\/\/blogdoeloiltoncajuhy.com.br\/site\/wp-json\/wp\/v2\/posts\/3725\/revisions\/3728"}],"wp:featuredmedia":[{"embeddable":true,"href":"https:\/\/blogdoeloiltoncajuhy.com.br\/site\/wp-json\/wp\/v2\/media\/3727"}],"wp:attachment":[{"href":"https:\/\/blogdoeloiltoncajuhy.com.br\/site\/wp-json\/wp\/v2\/media?parent=3725"}],"wp:term":[{"taxonomy":"category","embeddable":true,"href":"https:\/\/blogdoeloiltoncajuhy.com.br\/site\/wp-json\/wp\/v2\/categories?post=3725"},{"taxonomy":"post_tag","embeddable":true,"href":"https:\/\/blogdoeloiltoncajuhy.com.br\/site\/wp-json\/wp\/v2\/tags?post=3725"}],"curies":[{"name":"wp","href":"https:\/\/api.w.org\/{rel}","templated":true}]}}