{"id":30922,"date":"2019-01-21T10:06:51","date_gmt":"2019-01-21T13:06:51","guid":{"rendered":"http:\/\/blogdoeloiltoncajuhy.com.br\/site\/?p=30922"},"modified":"2019-01-21T10:06:58","modified_gmt":"2019-01-21T13:06:58","slug":"pacientes-do-tfd-de-senhor-bonfim-agora-contam-com-novo-micro-onibus","status":"publish","type":"post","link":"https:\/\/blogdoeloiltoncajuhy.com.br\/site\/pacientes-do-tfd-de-senhor-bonfim-agora-contam-com-novo-micro-onibus\/","title":{"rendered":"Pacientes do TFD de Senhor Bonfim agora contam com novo micro-\u00f4nibus"},"content":{"rendered":"\n<div class=\"wp-block-image\"><figure class=\"aligncenter\"><img fetchpriority=\"high\" decoding=\"async\" width=\"1040\" height=\"585\" src=\"https:\/\/i2.wp.com\/blogdoeloiltoncajuhy.com.br\/site\/wp-content\/uploads\/2019\/01\/ONIBUS-TFD.jpg?fit=590%2C332\" alt=\"\" class=\"wp-image-30923\" srcset=\"https:\/\/i0.wp.com\/blogdoeloiltoncajuhy.com.br\/site\/wp-content\/uploads\/2019\/01\/ONIBUS-TFD.jpg?w=1040&amp;ssl=1 1040w, https:\/\/i0.wp.com\/blogdoeloiltoncajuhy.com.br\/site\/wp-content\/uploads\/2019\/01\/ONIBUS-TFD.jpg?resize=300%2C169&amp;ssl=1 300w, https:\/\/i0.wp.com\/blogdoeloiltoncajuhy.com.br\/site\/wp-content\/uploads\/2019\/01\/ONIBUS-TFD.jpg?resize=768%2C432&amp;ssl=1 768w, https:\/\/i0.wp.com\/blogdoeloiltoncajuhy.com.br\/site\/wp-content\/uploads\/2019\/01\/ONIBUS-TFD.jpg?resize=1024%2C576&amp;ssl=1 1024w, https:\/\/i0.wp.com\/blogdoeloiltoncajuhy.com.br\/site\/wp-content\/uploads\/2019\/01\/ONIBUS-TFD.jpg?resize=250%2C141&amp;ssl=1 250w\" sizes=\"(max-width: 800px) 100vw, 800px\" \/><\/figure><\/div>\n\n\n\n<p>O micro-\u00f4nibus j\u00e1 est\u00e1 rodando e garantindo mais comodidade, seguran\u00e7a e acessibilidade aos pacientes que precisam de Tratamento Fora de Domic\u00edlio (TFD). O ve\u00edculo tem 24 poltronas e custou R$ 295 mil. A aquisi\u00e7\u00e3o \u00e9 proveniente de uma emenda parlamentar do deputado federal Valmir Assun\u00e7\u00e3o.<\/p>\n\n\n\n<p>A secret\u00e1ria de Sa\u00fade, Angeli Matos, lembra que no in\u00edcio do governo recebeu, da gest\u00e3o anterior, apenas um micro-\u00f4nibus sem condi\u00e7\u00f5es de uso e destaca o empenho da atual administra\u00e7\u00e3o para adquirir novos ve\u00edculos para o TFD.<\/p>\n\n\n\n<p><em>\u201cA gest\u00e3o do prefeito Carlos Brasileiro e Jos\u00e9 Ant\u00f4nio encontrou apenas um \u00f4nibus em condi\u00e7\u00f5es deplor\u00e1veis deixado pelo governo passado, e que foi totalmente reformado. Essa nova conquista mostra o esfor\u00e7o da gest\u00e3o para oferecer melhor atendimento aos nossos pacientes que necessitam do TFD\u201d<\/em>, lembra Angeli.<\/p>\n\n\n\n<p>Atualmente, os usu\u00e1rios do TFD contam com dois micro-\u00f4nibus, um veiculo Renault Master &#8211; estilo furg\u00e3o &#8211; e duas ambul\u00e2ncias modelo Saveiro . Al\u00e9m disso, a prefeitura disponibiliza transporte para crian\u00e7a portadora de microcefalia (e acompanhante), realizar  tratamento na capital do estado.<\/p>\n\n\n\n<p>Seu Adailton Ant\u00f4nio viaja toda semana para fazer tratamento em Juazeiro. Ele aprovou o novo ve\u00edculo adquirido pela prefeitura de Senhor do Bonfim. <em>\u201cGostei! \u00c9 novo, confort\u00e1vel e garante a seguran\u00e7a de uma viagem tranquila\u201d<\/em>, enfatiza Adailton.<\/p>\n\n\n\n<p>A secret\u00e1ria de Sa\u00fade ainda destacou que os pacientes da zona rural que precisam fazer tratamento de hemodi\u00e1lise na sede do munic\u00edpio, est\u00e3o sendo transportados em ve\u00edculos locados pela prefeitura. Para utilizar o servi\u00e7o TFD, o paciente precisa ter procedimentos agendados previamente, na Secretaria Municipal de Sa\u00fade.<\/p>\n\n\n\n<p><em>ASCOM &#8211; Prefeitura Municipal de Senhor do Bonfim-BA<\/em><\/p>\n","protected":false},"excerpt":{"rendered":"<p>O micro-\u00f4nibus j\u00e1 est\u00e1 rodando e garantindo mais comodidade, seguran\u00e7a e acessibilidade aos pacientes que precisam de Tratamento Fora de Domic\u00edlio (TFD). O ve\u00edculo tem 24 poltronas e custou R$ 295 mil. A aquisi\u00e7\u00e3o \u00e9 proveniente de uma emenda parlamentar do deputado federal Valmir Assun\u00e7\u00e3o. A secret\u00e1ria de Sa\u00fade, Angeli Matos, lembra que no in\u00edcio [&hellip;]<\/p>\n","protected":false},"author":2,"featured_media":30923,"comment_status":"open","ping_status":"open","sticky":false,"template":"","format":"standard","meta":{"_acf_changed":false,"_monsterinsights_skip_tracking":false,"_monsterinsights_sitenote_active":false,"_monsterinsights_sitenote_note":"","_monsterinsights_sitenote_category":0,"_jetpack_memberships_contains_paid_content":false,"footnotes":"","jetpack_publicize_message":"","jetpack_publicize_feature_enabled":true,"jetpack_social_post_already_shared":true,"jetpack_social_options":{"image_generator_settings":{"template":"highway","default_image_id":0,"font":"","enabled":false},"version":2}},"categories":[1,7,4],"tags":[],"class_list":["post-30922","post","type-post","status-publish","format-standard","has-post-thumbnail","hentry","category-noticias","category-saude","category-local"],"acf":[],"jetpack_publicize_connections":[],"jetpack_featured_media_url":"https:\/\/i0.wp.com\/blogdoeloiltoncajuhy.com.br\/site\/wp-content\/uploads\/2019\/01\/ONIBUS-TFD.jpg?fit=1040%2C585&ssl=1","jetpack_sharing_enabled":true,"publishpress_future_workflow_manual_trigger":{"enabledWorkflows":[]},"_links":{"self":[{"href":"https:\/\/blogdoeloiltoncajuhy.com.br\/site\/wp-json\/wp\/v2\/posts\/30922","targetHints":{"allow":["GET"]}}],"collection":[{"href":"https:\/\/blogdoeloiltoncajuhy.com.br\/site\/wp-json\/wp\/v2\/posts"}],"about":[{"href":"https:\/\/blogdoeloiltoncajuhy.com.br\/site\/wp-json\/wp\/v2\/types\/post"}],"author":[{"embeddable":true,"href":"https:\/\/blogdoeloiltoncajuhy.com.br\/site\/wp-json\/wp\/v2\/users\/2"}],"replies":[{"embeddable":true,"href":"https:\/\/blogdoeloiltoncajuhy.com.br\/site\/wp-json\/wp\/v2\/comments?post=30922"}],"version-history":[{"count":1,"href":"https:\/\/blogdoeloiltoncajuhy.com.br\/site\/wp-json\/wp\/v2\/posts\/30922\/revisions"}],"predecessor-version":[{"id":30924,"href":"https:\/\/blogdoeloiltoncajuhy.com.br\/site\/wp-json\/wp\/v2\/posts\/30922\/revisions\/30924"}],"wp:featuredmedia":[{"embeddable":true,"href":"https:\/\/blogdoeloiltoncajuhy.com.br\/site\/wp-json\/wp\/v2\/media\/30923"}],"wp:attachment":[{"href":"https:\/\/blogdoeloiltoncajuhy.com.br\/site\/wp-json\/wp\/v2\/media?parent=30922"}],"wp:term":[{"taxonomy":"category","embeddable":true,"href":"https:\/\/blogdoeloiltoncajuhy.com.br\/site\/wp-json\/wp\/v2\/categories?post=30922"},{"taxonomy":"post_tag","embeddable":true,"href":"https:\/\/blogdoeloiltoncajuhy.com.br\/site\/wp-json\/wp\/v2\/tags?post=30922"}],"curies":[{"name":"wp","href":"https:\/\/api.w.org\/{rel}","templated":true}]}}