{"id":30919,"date":"2019-01-21T10:00:14","date_gmt":"2019-01-21T13:00:14","guid":{"rendered":"http:\/\/blogdoeloiltoncajuhy.com.br\/site\/?p=30919"},"modified":"2019-01-21T10:00:20","modified_gmt":"2019-01-21T13:00:20","slug":"vice-prefeito-de-andorinha-esta-a-frente-do-executivo-municipal","status":"publish","type":"post","link":"https:\/\/blogdoeloiltoncajuhy.com.br\/site\/vice-prefeito-de-andorinha-esta-a-frente-do-executivo-municipal\/","title":{"rendered":"Vice-prefeito de Andorinha est\u00e1 \u00e0 frente do executivo municipal"},"content":{"rendered":"\n<div class=\"wp-block-image\"><figure class=\"aligncenter\"><img data-recalc-dims=\"1\" fetchpriority=\"high\" decoding=\"async\" width=\"800\" height=\"410\" src=\"https:\/\/i0.wp.com\/blogdoeloiltoncajuhy.com.br\/site\/wp-content\/uploads\/2019\/01\/zelito_jan2019.png?resize=800%2C410\" alt=\"\" class=\"wp-image-30920\" srcset=\"https:\/\/i0.wp.com\/blogdoeloiltoncajuhy.com.br\/site\/wp-content\/uploads\/2019\/01\/zelito_jan2019.png?w=1010&amp;ssl=1 1010w, https:\/\/i0.wp.com\/blogdoeloiltoncajuhy.com.br\/site\/wp-content\/uploads\/2019\/01\/zelito_jan2019.png?resize=300%2C154&amp;ssl=1 300w, https:\/\/i0.wp.com\/blogdoeloiltoncajuhy.com.br\/site\/wp-content\/uploads\/2019\/01\/zelito_jan2019.png?resize=768%2C393&amp;ssl=1 768w, https:\/\/i0.wp.com\/blogdoeloiltoncajuhy.com.br\/site\/wp-content\/uploads\/2019\/01\/zelito_jan2019.png?resize=250%2C128&amp;ssl=1 250w\" sizes=\"(max-width: 800px) 100vw, 800px\" \/><\/figure><\/div>\n\n\n\n<p>O vice-prefeito Jos\u00e9 Vitor Soares, Zelitinho, est\u00e1 \u00e0 frente da prefeitura de Andorinha nesse m\u00eas de janeiro. Ele ocupa o cargo de prefeito durante as f\u00e9rias do titular Renato Brand\u00e3o.<\/p>\n\n\n\n<p><em>\u201c\u00c9 uma honra ocupar este lugar. Estou preparado para dar continuidade aos trabalhos desenvolvidos pelo prefeito Renato, que inclusive realiza com muita compet\u00eancia. A popula\u00e7\u00e3o de Andorinha pode contar comigo, assim como j\u00e1 conta no cargo de vice\u201d<\/em>, declarou Zelitinho.<\/p>\n\n\n\n<p>ASCOM &#8211; Prefeitura Municipal de Andorinha-BA<\/p>\n","protected":false},"excerpt":{"rendered":"<p>O vice-prefeito Jos\u00e9 Vitor Soares, Zelitinho, est\u00e1 \u00e0 frente da prefeitura de Andorinha nesse m\u00eas de janeiro. Ele ocupa o cargo de prefeito durante as f\u00e9rias do titular Renato Brand\u00e3o. \u201c\u00c9 uma honra ocupar este lugar. Estou preparado para dar continuidade aos trabalhos desenvolvidos pelo prefeito Renato, que inclusive realiza com muita compet\u00eancia. A popula\u00e7\u00e3o [&hellip;]<\/p>\n","protected":false},"author":2,"featured_media":30920,"comment_status":"open","ping_status":"open","sticky":false,"template":"","format":"standard","meta":{"_acf_changed":false,"_monsterinsights_skip_tracking":false,"_monsterinsights_sitenote_active":false,"_monsterinsights_sitenote_note":"","_monsterinsights_sitenote_category":0,"_jetpack_memberships_contains_paid_content":false,"footnotes":"","jetpack_publicize_message":"","jetpack_publicize_feature_enabled":true,"jetpack_social_post_already_shared":true,"jetpack_social_options":{"image_generator_settings":{"template":"highway","default_image_id":0,"font":"","enabled":false},"version":2}},"categories":[1,3,11],"tags":[],"class_list":["post-30919","post","type-post","status-publish","format-standard","has-post-thumbnail","hentry","category-noticias","category-politica","category-regional"],"acf":[],"jetpack_publicize_connections":[],"jetpack_featured_media_url":"https:\/\/i0.wp.com\/blogdoeloiltoncajuhy.com.br\/site\/wp-content\/uploads\/2019\/01\/zelito_jan2019.png?fit=1010%2C517&ssl=1","jetpack_sharing_enabled":true,"publishpress_future_workflow_manual_trigger":{"enabledWorkflows":[]},"_links":{"self":[{"href":"https:\/\/blogdoeloiltoncajuhy.com.br\/site\/wp-json\/wp\/v2\/posts\/30919","targetHints":{"allow":["GET"]}}],"collection":[{"href":"https:\/\/blogdoeloiltoncajuhy.com.br\/site\/wp-json\/wp\/v2\/posts"}],"about":[{"href":"https:\/\/blogdoeloiltoncajuhy.com.br\/site\/wp-json\/wp\/v2\/types\/post"}],"author":[{"embeddable":true,"href":"https:\/\/blogdoeloiltoncajuhy.com.br\/site\/wp-json\/wp\/v2\/users\/2"}],"replies":[{"embeddable":true,"href":"https:\/\/blogdoeloiltoncajuhy.com.br\/site\/wp-json\/wp\/v2\/comments?post=30919"}],"version-history":[{"count":1,"href":"https:\/\/blogdoeloiltoncajuhy.com.br\/site\/wp-json\/wp\/v2\/posts\/30919\/revisions"}],"predecessor-version":[{"id":30921,"href":"https:\/\/blogdoeloiltoncajuhy.com.br\/site\/wp-json\/wp\/v2\/posts\/30919\/revisions\/30921"}],"wp:featuredmedia":[{"embeddable":true,"href":"https:\/\/blogdoeloiltoncajuhy.com.br\/site\/wp-json\/wp\/v2\/media\/30920"}],"wp:attachment":[{"href":"https:\/\/blogdoeloiltoncajuhy.com.br\/site\/wp-json\/wp\/v2\/media?parent=30919"}],"wp:term":[{"taxonomy":"category","embeddable":true,"href":"https:\/\/blogdoeloiltoncajuhy.com.br\/site\/wp-json\/wp\/v2\/categories?post=30919"},{"taxonomy":"post_tag","embeddable":true,"href":"https:\/\/blogdoeloiltoncajuhy.com.br\/site\/wp-json\/wp\/v2\/tags?post=30919"}],"curies":[{"name":"wp","href":"https:\/\/api.w.org\/{rel}","templated":true}]}}