{"id":30887,"date":"2019-01-19T11:10:00","date_gmt":"2019-01-19T14:10:00","guid":{"rendered":"http:\/\/blogdoeloiltoncajuhy.com.br\/site\/?p=30887"},"modified":"2019-01-19T11:12:47","modified_gmt":"2019-01-19T14:12:47","slug":"matricula-na-rede-estadual-de-ensino-comeca-na-proxima-terca-feira","status":"publish","type":"post","link":"https:\/\/blogdoeloiltoncajuhy.com.br\/site\/matricula-na-rede-estadual-de-ensino-comeca-na-proxima-terca-feira\/","title":{"rendered":"Matr\u00edcula na rede estadual de ensino come\u00e7a na pr\u00f3xima ter\u00e7a-feira"},"content":{"rendered":"\n<div class=\"wp-block-image\"><figure class=\"aligncenter\"><img fetchpriority=\"high\" decoding=\"async\" width=\"1200\" height=\"800\" src=\"https:\/\/i2.wp.com\/blogdoeloiltoncajuhy.com.br\/site\/wp-content\/uploads\/2019\/01\/Renovacao_de_Matricula__Foto_Claudionor_Jr_6.jpg?fit=590%2C394\" alt=\"\" class=\"wp-image-30888\" srcset=\"https:\/\/i0.wp.com\/blogdoeloiltoncajuhy.com.br\/site\/wp-content\/uploads\/2019\/01\/Renovacao_de_Matricula__Foto_Claudionor_Jr_6.jpg?w=1200&amp;ssl=1 1200w, https:\/\/i0.wp.com\/blogdoeloiltoncajuhy.com.br\/site\/wp-content\/uploads\/2019\/01\/Renovacao_de_Matricula__Foto_Claudionor_Jr_6.jpg?resize=300%2C200&amp;ssl=1 300w, https:\/\/i0.wp.com\/blogdoeloiltoncajuhy.com.br\/site\/wp-content\/uploads\/2019\/01\/Renovacao_de_Matricula__Foto_Claudionor_Jr_6.jpg?resize=768%2C512&amp;ssl=1 768w, https:\/\/i0.wp.com\/blogdoeloiltoncajuhy.com.br\/site\/wp-content\/uploads\/2019\/01\/Renovacao_de_Matricula__Foto_Claudionor_Jr_6.jpg?resize=1024%2C683&amp;ssl=1 1024w, https:\/\/i0.wp.com\/blogdoeloiltoncajuhy.com.br\/site\/wp-content\/uploads\/2019\/01\/Renovacao_de_Matricula__Foto_Claudionor_Jr_6.jpg?resize=250%2C167&amp;ssl=1 250w\" sizes=\"(max-width: 800px) 100vw, 800px\" \/><figcaption><em>Come\u00e7a ter\u00e7a-feira (22) a matr\u00edcula na rede estadual de ensino &#8211;  <br>Foto: Claudionor Jr <\/em><\/figcaption><\/figure><\/div>\n\n\n\n<p>Come\u00e7a na pr\u00f3xima ter\u00e7a-feira (22), e prossegue at\u00e9 o dia 29 deste m\u00eas, a matr\u00edcula para o ano letivo 2019 da rede estadual de ensino. O primeiro dia ser\u00e1 destinado \u00e0 transfer\u00eancia dos estudantes da rede estadual. O processo ser\u00e1 feito presencialmente em qualquer unidade escolar ou pela internet pelo <strong><em><a href=\"http:\/\/www.educacao.ba.gov.br\/\">Portal da Educa\u00e7\u00e3o<\/a><\/em><\/strong>.<\/p>\n\n\n\n<p>Para fazer a transfer\u00eancia, via internet, o estudante dever\u00e1 utilizar o C\u00f3digo de Matr\u00edcula que ele recebeu na sua escola de origem, ou se dirigir a qualquer escola estadual. O mesmo vale para o estudante cuja escola de origem n\u00e3o oferecer\u00e1 a s\u00e9rie subsequente. <\/p>\n\n\n\n<p>J\u00e1 na quarta (23) e na quinta (24), a matr\u00edcula ser\u00e1 para os concluintes do 5\u00ba e do 9\u00ba ano do Ensino Fundamental das redes municipais de ensino. A matr\u00edcula poder\u00e1 ser feita em qualquer col\u00e9gio da rede estadual e via internet para os alunos da capital baiana e de mais 59 munic\u00edpios, conforme lista dispon\u00edvel no Portal da Educa\u00e7\u00e3o.<\/p>\n\n\n\n<p><em>\u201cDobramos o n\u00famero de munic\u00edpios participantes do processo de matr\u00edcula via web, em rela\u00e7\u00e3o \u00e0 matr\u00edcula do ano passado, quando tivemos somente 26 cidades\u201d<\/em>, destaca a diretora de Atendimento da Rede Escolar, Eliana Carvalho.<\/p>\n\n\n\n<p>Na sexta-feira (25), a matr\u00edcula ser\u00e1 para os novos alunos do Ensino Fundamental vindos da rede particular de ensino ou de outros Estados e que passar\u00e3o a integrar a rede estadual. O processo ser\u00e1 feito somente presencialmente, em qualquer escola estadual.<\/p>\n\n\n\n<p>J\u00e1 a segunda (28) e a ter\u00e7a (29) ser\u00e3o reservadas para os novos estudantes do Ensino M\u00e9dio que v\u00eam da rede particular ou de outros Estados. A matr\u00edcula, neste caso, tamb\u00e9m s\u00f3 poder\u00e1 ser feita presencialmente, em qualquer col\u00e9gio da rede, e se dar\u00e1 nas diferentes modalidades, como exemplo Educa\u00e7\u00e3o Profissional e Educa\u00e7\u00e3o de Jovens e Adultos.<\/p>\n\n\n\n<p>Por fim, os estudantes com necessidade especial (defici\u00eancia, transtorno global do desenvolvimento e\/ou altas habilidades\/superdota\u00e7\u00e3o, com ou sem diagn\u00f3stico comprovado), que fizeram a inscri\u00e7\u00e3o na pr\u00e9-matr\u00edcula, no m\u00eas de novembro, dever\u00e3o comparecer \u00e0 unidade escolar indicada no cadastro no dia 31 (quinta-feira) para a entrega da documenta\u00e7\u00e3o exigida para a consolida\u00e7\u00e3o do processo.<\/p>\n\n\n\n<p class=\"has-medium-font-size\"><strong>Documenta\u00e7\u00e3o<\/strong> <\/p>\n\n\n\n<p>Para a efetiva\u00e7\u00e3o da matr\u00edcula, dever\u00e3o ser apresentados na unidade escolar os seguintes documentos: original do Hist\u00f3rico Escolar ou do Atestado de Escolaridade (que deve ser substitu\u00eddo pelo original do Hist\u00f3rico Escolar em at\u00e9 30 dias); original e c\u00f3pia da C\u00e9dula de Identidade ou Certid\u00e3o de Nascimento; original e c\u00f3pia do CPF; original e c\u00f3pia leg\u00edvel com data recente do comprovante de resid\u00eancia (\u00e1gua, luz, telefone fixo ou m\u00f3vel, g\u00e1s encanado, Internet, contrato de aluguel, IPTU e cart\u00e3o de cr\u00e9dito ou TV por assinatura). Neste ano, se tornou obrigat\u00f3ria a apresenta\u00e7\u00e3o da original e c\u00f3pia da Carteira de Vacina\u00e7\u00e3o para estudantes com at\u00e9 18 anos. <\/p>\n\n\n\n<p>O ano letivo de 2019 come\u00e7ar\u00e1 no dia 11 de fevereiro e se encerrar\u00e1 no dia 16 de dezembro, totalizando uma carga hor\u00e1ria m\u00ednima de 800 horas, distribu\u00eddas em 200 dias de efetivo trabalho escolar, exclu\u00eddo o tempo reservado \u00e0 avalia\u00e7\u00e3o final.<\/p>\n\n\n\n<p><em><strong>Fonte: Ascom\/Secretaria da Educa\u00e7\u00e3o do Estado<\/strong><\/em><\/p>\n","protected":false},"excerpt":{"rendered":"<p>Come\u00e7a na pr\u00f3xima ter\u00e7a-feira (22), e prossegue at\u00e9 o dia 29 deste m\u00eas, a matr\u00edcula para o ano letivo 2019 da rede estadual de ensino. O primeiro dia ser\u00e1 destinado \u00e0 transfer\u00eancia dos estudantes da rede estadual. O processo ser\u00e1 feito presencialmente em qualquer unidade escolar ou pela internet pelo Portal da Educa\u00e7\u00e3o. Para fazer [&hellip;]<\/p>\n","protected":false},"author":2,"featured_media":30888,"comment_status":"open","ping_status":"open","sticky":false,"template":"","format":"standard","meta":{"_acf_changed":false,"_monsterinsights_skip_tracking":false,"_monsterinsights_sitenote_active":false,"_monsterinsights_sitenote_note":"","_monsterinsights_sitenote_category":0,"_jetpack_memberships_contains_paid_content":false,"footnotes":"","jetpack_publicize_message":"","jetpack_publicize_feature_enabled":true,"jetpack_social_post_already_shared":true,"jetpack_social_options":{"image_generator_settings":{"template":"highway","default_image_id":0,"font":"","enabled":false},"version":2}},"categories":[14,1],"tags":[],"class_list":["post-30887","post","type-post","status-publish","format-standard","has-post-thumbnail","hentry","category-educacao","category-noticias"],"acf":[],"jetpack_publicize_connections":[],"jetpack_featured_media_url":"https:\/\/i0.wp.com\/blogdoeloiltoncajuhy.com.br\/site\/wp-content\/uploads\/2019\/01\/Renovacao_de_Matricula__Foto_Claudionor_Jr_6.jpg?fit=1200%2C800&ssl=1","jetpack_sharing_enabled":true,"publishpress_future_workflow_manual_trigger":{"enabledWorkflows":[]},"_links":{"self":[{"href":"https:\/\/blogdoeloiltoncajuhy.com.br\/site\/wp-json\/wp\/v2\/posts\/30887","targetHints":{"allow":["GET"]}}],"collection":[{"href":"https:\/\/blogdoeloiltoncajuhy.com.br\/site\/wp-json\/wp\/v2\/posts"}],"about":[{"href":"https:\/\/blogdoeloiltoncajuhy.com.br\/site\/wp-json\/wp\/v2\/types\/post"}],"author":[{"embeddable":true,"href":"https:\/\/blogdoeloiltoncajuhy.com.br\/site\/wp-json\/wp\/v2\/users\/2"}],"replies":[{"embeddable":true,"href":"https:\/\/blogdoeloiltoncajuhy.com.br\/site\/wp-json\/wp\/v2\/comments?post=30887"}],"version-history":[{"count":2,"href":"https:\/\/blogdoeloiltoncajuhy.com.br\/site\/wp-json\/wp\/v2\/posts\/30887\/revisions"}],"predecessor-version":[{"id":30891,"href":"https:\/\/blogdoeloiltoncajuhy.com.br\/site\/wp-json\/wp\/v2\/posts\/30887\/revisions\/30891"}],"wp:featuredmedia":[{"embeddable":true,"href":"https:\/\/blogdoeloiltoncajuhy.com.br\/site\/wp-json\/wp\/v2\/media\/30888"}],"wp:attachment":[{"href":"https:\/\/blogdoeloiltoncajuhy.com.br\/site\/wp-json\/wp\/v2\/media?parent=30887"}],"wp:term":[{"taxonomy":"category","embeddable":true,"href":"https:\/\/blogdoeloiltoncajuhy.com.br\/site\/wp-json\/wp\/v2\/categories?post=30887"},{"taxonomy":"post_tag","embeddable":true,"href":"https:\/\/blogdoeloiltoncajuhy.com.br\/site\/wp-json\/wp\/v2\/tags?post=30887"}],"curies":[{"name":"wp","href":"https:\/\/api.w.org\/{rel}","templated":true}]}}