{"id":30881,"date":"2019-01-18T22:48:51","date_gmt":"2019-01-19T01:48:51","guid":{"rendered":"http:\/\/blogdoeloiltoncajuhy.com.br\/site\/?p=30881"},"modified":"2019-01-18T22:48:58","modified_gmt":"2019-01-19T01:48:58","slug":"comece-o-sabado-meditando-mc-213-17","status":"publish","type":"post","link":"https:\/\/blogdoeloiltoncajuhy.com.br\/site\/comece-o-sabado-meditando-mc-213-17\/","title":{"rendered":"Comece o s\u00e1bado meditando (Mc 2,13-17)"},"content":{"rendered":"\n<h5 class=\"wp-block-heading\" style=\"text-align:center\"><strong>Eu n\u00e3o vim para chamar justos, mas sim pecadores<\/strong><\/h5>\n\n\n\n<div class=\"wp-block-image\"><figure class=\"aligncenter is-resized\"><img data-recalc-dims=\"1\" fetchpriority=\"high\" decoding=\"async\" src=\"https:\/\/i0.wp.com\/blogdoeloiltoncajuhy.com.br\/site\/wp-content\/uploads\/2016\/09\/liturgia_set_16-2.jpg?resize=414%2C233\" alt=\"\" class=\"wp-image-12279\" width=\"414\" height=\"233\" srcset=\"https:\/\/i0.wp.com\/blogdoeloiltoncajuhy.com.br\/site\/wp-content\/uploads\/2016\/09\/liturgia_set_16-2.jpg?w=320&amp;ssl=1 320w, https:\/\/i0.wp.com\/blogdoeloiltoncajuhy.com.br\/site\/wp-content\/uploads\/2016\/09\/liturgia_set_16-2.jpg?resize=300%2C169&amp;ssl=1 300w, https:\/\/i0.wp.com\/blogdoeloiltoncajuhy.com.br\/site\/wp-content\/uploads\/2016\/09\/liturgia_set_16-2.jpg?resize=250%2C141&amp;ssl=1 250w\" sizes=\"(max-width: 414px) 100vw, 414px\" \/><\/figure><\/div>\n\n\n\n<p>Naquele tempo: Jesus saiu de novo para a beira do mar. Toda a multid\u00e3o ia ao seu encontro e Jesus os ensinava. Enquanto passava, Jesus viu Levi, o filho de Alfeu, sentado na coletoria de impostos, e disse-lhe: <em>&#8216;Segue-me!&#8217;<\/em><br><\/p>\n\n\n\n<p>Levi se levantou e o seguiu. E aconteceu que, estando \u00e0 mesa na casa de Levi, muitos cobradores de impostos e pecadores tamb\u00e9m estavam \u00e0 mesa com Jesus e seus disc\u00edpulos.<br><\/p>\n\n\n\n<p>Com efeito, eram muitos os que o seguiam. Alguns doutores da Lei, que eram fariseus, viram que Jesus estava comendo com pecadores e cobradores de impostos.<\/p>\n\n\n\n<p>Ent\u00e3o eles perguntaram aos disc\u00edpulos: <em>&#8216;Por que ele come com os cobradores de impostos e pecadores?&#8217;<\/em> Tendo ouvido, Jesus respondeu-lhes: <em>&#8216;N\u00e3o s\u00e3o as pessoas sadias que precisam de m\u00e9dico, mas as doentes. Eu n\u00e3o vim para chamar justos, mas sim pecadores&#8217;<\/em>.<br><\/p>\n\n\n\n<p><strong>Palavra da Salva\u00e7\u00e3o!<\/strong><\/p>\n\n\n\n<p><strong><em><a href=\"http:\/\/liturgiadiaria.cnbb.org.br\/app\/user\/user\/UserView.php?ano=2019&amp;mes=1&amp;dia=19\">CNBB<\/a><\/em><\/strong><\/p>\n","protected":false},"excerpt":{"rendered":"<p>Eu n\u00e3o vim para chamar justos, mas sim pecadores Naquele tempo: Jesus saiu de novo para a beira do mar. Toda a multid\u00e3o ia ao seu encontro e Jesus os ensinava. Enquanto passava, Jesus viu Levi, o filho de Alfeu, sentado na coletoria de impostos, e disse-lhe: &#8216;Segue-me!&#8217; Levi se levantou e o seguiu. E [&hellip;]<\/p>\n","protected":false},"author":2,"featured_media":0,"comment_status":"open","ping_status":"open","sticky":false,"template":"","format":"standard","meta":{"_acf_changed":false,"_monsterinsights_skip_tracking":false,"_monsterinsights_sitenote_active":false,"_monsterinsights_sitenote_note":"","_monsterinsights_sitenote_category":0,"_jetpack_memberships_contains_paid_content":false,"footnotes":"","jetpack_publicize_message":"","jetpack_publicize_feature_enabled":true,"jetpack_social_post_already_shared":true,"jetpack_social_options":{"image_generator_settings":{"template":"highway","default_image_id":0,"font":"","enabled":false},"version":2}},"categories":[1,9],"tags":[],"class_list":["post-30881","post","type-post","status-publish","format-standard","hentry","category-noticias","category-reflexao"],"acf":[],"jetpack_publicize_connections":[],"jetpack_featured_media_url":"","jetpack_sharing_enabled":true,"publishpress_future_workflow_manual_trigger":{"enabledWorkflows":[]},"_links":{"self":[{"href":"https:\/\/blogdoeloiltoncajuhy.com.br\/site\/wp-json\/wp\/v2\/posts\/30881","targetHints":{"allow":["GET"]}}],"collection":[{"href":"https:\/\/blogdoeloiltoncajuhy.com.br\/site\/wp-json\/wp\/v2\/posts"}],"about":[{"href":"https:\/\/blogdoeloiltoncajuhy.com.br\/site\/wp-json\/wp\/v2\/types\/post"}],"author":[{"embeddable":true,"href":"https:\/\/blogdoeloiltoncajuhy.com.br\/site\/wp-json\/wp\/v2\/users\/2"}],"replies":[{"embeddable":true,"href":"https:\/\/blogdoeloiltoncajuhy.com.br\/site\/wp-json\/wp\/v2\/comments?post=30881"}],"version-history":[{"count":1,"href":"https:\/\/blogdoeloiltoncajuhy.com.br\/site\/wp-json\/wp\/v2\/posts\/30881\/revisions"}],"predecessor-version":[{"id":30882,"href":"https:\/\/blogdoeloiltoncajuhy.com.br\/site\/wp-json\/wp\/v2\/posts\/30881\/revisions\/30882"}],"wp:attachment":[{"href":"https:\/\/blogdoeloiltoncajuhy.com.br\/site\/wp-json\/wp\/v2\/media?parent=30881"}],"wp:term":[{"taxonomy":"category","embeddable":true,"href":"https:\/\/blogdoeloiltoncajuhy.com.br\/site\/wp-json\/wp\/v2\/categories?post=30881"},{"taxonomy":"post_tag","embeddable":true,"href":"https:\/\/blogdoeloiltoncajuhy.com.br\/site\/wp-json\/wp\/v2\/tags?post=30881"}],"curies":[{"name":"wp","href":"https:\/\/api.w.org\/{rel}","templated":true}]}}