{"id":30878,"date":"2019-01-18T22:40:11","date_gmt":"2019-01-19T01:40:11","guid":{"rendered":"http:\/\/blogdoeloiltoncajuhy.com.br\/site\/?p=30878"},"modified":"2019-01-18T22:40:18","modified_gmt":"2019-01-19T01:40:18","slug":"prefeitura-de-jaguarari-inicia-recadastramento-de-servidores-municipais-da-secretaria-de-educacao","status":"publish","type":"post","link":"https:\/\/blogdoeloiltoncajuhy.com.br\/site\/prefeitura-de-jaguarari-inicia-recadastramento-de-servidores-municipais-da-secretaria-de-educacao\/","title":{"rendered":"Prefeitura de Jaguarari inicia recadastramento de servidores municipais da Secretaria de Educa\u00e7\u00e3o"},"content":{"rendered":"\n<div class=\"wp-block-image\"><figure class=\"aligncenter is-resized\"><img fetchpriority=\"high\" decoding=\"async\" src=\"https:\/\/i1.wp.com\/blogdoeloiltoncajuhy.com.br\/site\/wp-content\/uploads\/2019\/01\/JaguarariRecadastrament02.jpeg?fit=590%2C605\" alt=\"\" class=\"wp-image-30879\" width=\"357\" height=\"367\" srcset=\"https:\/\/i0.wp.com\/blogdoeloiltoncajuhy.com.br\/site\/wp-content\/uploads\/2019\/01\/JaguarariRecadastrament02.jpeg?w=1249&amp;ssl=1 1249w, https:\/\/i0.wp.com\/blogdoeloiltoncajuhy.com.br\/site\/wp-content\/uploads\/2019\/01\/JaguarariRecadastrament02.jpeg?resize=293%2C300&amp;ssl=1 293w, https:\/\/i0.wp.com\/blogdoeloiltoncajuhy.com.br\/site\/wp-content\/uploads\/2019\/01\/JaguarariRecadastrament02.jpeg?resize=768%2C787&amp;ssl=1 768w, https:\/\/i0.wp.com\/blogdoeloiltoncajuhy.com.br\/site\/wp-content\/uploads\/2019\/01\/JaguarariRecadastrament02.jpeg?resize=999%2C1024&amp;ssl=1 999w, https:\/\/i0.wp.com\/blogdoeloiltoncajuhy.com.br\/site\/wp-content\/uploads\/2019\/01\/JaguarariRecadastrament02.jpeg?resize=244%2C250&amp;ssl=1 244w, https:\/\/i0.wp.com\/blogdoeloiltoncajuhy.com.br\/site\/wp-content\/uploads\/2019\/01\/JaguarariRecadastrament02.jpeg?resize=48%2C48&amp;ssl=1 48w\" sizes=\"(max-width: 357px) 100vw, 357px\" \/><\/figure><\/div>\n\n\n\n<p>A Prefeitura de Jaguarari realiza a partir desta segunda-feira, 21 de janeiro, o recadastramento dos servidores p\u00fablicos municipais efetivos que estejam lotados na Secretaria de Educa\u00e7\u00e3o, inclusive para servidores que se encontram afastados por qualquer motivo (licen\u00e7a m\u00e9dica, licen\u00e7a maternidade, licen\u00e7a sem vencimentos).<\/p>\n\n\n\n<p>A atualiza\u00e7\u00e3o dos dados cadastrais dos servidores acontecer\u00e1 at\u00e9 o dia 25 de janeiro, sempre em dias \u00fateis, de segunda-feira a sexta-feira, das 8:h \u00e0s 17h30 na sede Secretaria de Educa\u00e7\u00e3o.<br><\/p>\n\n\n\n<p>O recadastramento \u00e9 obrigat\u00f3rio e deve ser realizado de forma presencial. No ato do recadastramento, o servidor dever\u00e1 comparecer munido dos documentos pessoais acompanhados por xerox.<\/p>\n\n\n\n<p><strong><em>ASCOM \u2013 Prefeitura de Jaguarari<\/em><\/strong><\/p>\n","protected":false},"excerpt":{"rendered":"<p>A Prefeitura de Jaguarari realiza a partir desta segunda-feira, 21 de janeiro, o recadastramento dos servidores p\u00fablicos municipais efetivos que estejam lotados na Secretaria de Educa\u00e7\u00e3o, inclusive para servidores que se encontram afastados por qualquer motivo (licen\u00e7a m\u00e9dica, licen\u00e7a maternidade, licen\u00e7a sem vencimentos). A atualiza\u00e7\u00e3o dos dados cadastrais dos servidores acontecer\u00e1 at\u00e9 o dia 25 [&hellip;]<\/p>\n","protected":false},"author":2,"featured_media":30879,"comment_status":"open","ping_status":"open","sticky":false,"template":"","format":"standard","meta":{"_acf_changed":false,"_monsterinsights_skip_tracking":false,"_monsterinsights_sitenote_active":false,"_monsterinsights_sitenote_note":"","_monsterinsights_sitenote_category":0,"_jetpack_memberships_contains_paid_content":false,"footnotes":"","jetpack_publicize_message":"","jetpack_publicize_feature_enabled":true,"jetpack_social_post_already_shared":true,"jetpack_social_options":{"image_generator_settings":{"template":"highway","default_image_id":0,"font":"","enabled":false},"version":2}},"categories":[1,3,11],"tags":[],"class_list":["post-30878","post","type-post","status-publish","format-standard","has-post-thumbnail","hentry","category-noticias","category-politica","category-regional"],"acf":[],"jetpack_publicize_connections":[],"jetpack_featured_media_url":"https:\/\/i0.wp.com\/blogdoeloiltoncajuhy.com.br\/site\/wp-content\/uploads\/2019\/01\/JaguarariRecadastrament02.jpeg?fit=1249%2C1280&ssl=1","jetpack_sharing_enabled":true,"publishpress_future_workflow_manual_trigger":{"enabledWorkflows":[]},"_links":{"self":[{"href":"https:\/\/blogdoeloiltoncajuhy.com.br\/site\/wp-json\/wp\/v2\/posts\/30878","targetHints":{"allow":["GET"]}}],"collection":[{"href":"https:\/\/blogdoeloiltoncajuhy.com.br\/site\/wp-json\/wp\/v2\/posts"}],"about":[{"href":"https:\/\/blogdoeloiltoncajuhy.com.br\/site\/wp-json\/wp\/v2\/types\/post"}],"author":[{"embeddable":true,"href":"https:\/\/blogdoeloiltoncajuhy.com.br\/site\/wp-json\/wp\/v2\/users\/2"}],"replies":[{"embeddable":true,"href":"https:\/\/blogdoeloiltoncajuhy.com.br\/site\/wp-json\/wp\/v2\/comments?post=30878"}],"version-history":[{"count":1,"href":"https:\/\/blogdoeloiltoncajuhy.com.br\/site\/wp-json\/wp\/v2\/posts\/30878\/revisions"}],"predecessor-version":[{"id":30880,"href":"https:\/\/blogdoeloiltoncajuhy.com.br\/site\/wp-json\/wp\/v2\/posts\/30878\/revisions\/30880"}],"wp:featuredmedia":[{"embeddable":true,"href":"https:\/\/blogdoeloiltoncajuhy.com.br\/site\/wp-json\/wp\/v2\/media\/30879"}],"wp:attachment":[{"href":"https:\/\/blogdoeloiltoncajuhy.com.br\/site\/wp-json\/wp\/v2\/media?parent=30878"}],"wp:term":[{"taxonomy":"category","embeddable":true,"href":"https:\/\/blogdoeloiltoncajuhy.com.br\/site\/wp-json\/wp\/v2\/categories?post=30878"},{"taxonomy":"post_tag","embeddable":true,"href":"https:\/\/blogdoeloiltoncajuhy.com.br\/site\/wp-json\/wp\/v2\/tags?post=30878"}],"curies":[{"name":"wp","href":"https:\/\/api.w.org\/{rel}","templated":true}]}}