{"id":30860,"date":"2019-01-18T09:39:55","date_gmt":"2019-01-18T12:39:55","guid":{"rendered":"http:\/\/blogdoeloiltoncajuhy.com.br\/site\/?p=30860"},"modified":"2019-01-18T09:45:50","modified_gmt":"2019-01-18T12:45:50","slug":"marciano-cantor-sertanejo-morre-aos-67-anos","status":"publish","type":"post","link":"https:\/\/blogdoeloiltoncajuhy.com.br\/site\/marciano-cantor-sertanejo-morre-aos-67-anos\/","title":{"rendered":"Marciano, cantor sertanejo, morre aos 67 anos"},"content":{"rendered":"\n<h5 class=\"wp-block-heading\" style=\"text-align:center\"><em>&#8216;Nesse momento, agradecemos o carinho de todos e pedimos ora\u00e7\u00f5es \u00e0 fam\u00edlia&#8217;, informou comunicado. Cantor fez dupla com Jo\u00e3o Mineiro, que morreu em 2012<\/em><\/h5>\n\n\n\n<p><strong>Por G1<\/strong><\/p>\n\n\n\n<div class=\"wp-block-image\"><figure class=\"aligncenter\"><img data-recalc-dims=\"1\" fetchpriority=\"high\" decoding=\"async\" width=\"800\" height=\"502\" src=\"https:\/\/i0.wp.com\/blogdoeloiltoncajuhy.com.br\/site\/wp-content\/uploads\/2019\/01\/marciano01.jpg?resize=800%2C502\" alt=\"\" class=\"wp-image-30861\" srcset=\"https:\/\/i0.wp.com\/blogdoeloiltoncajuhy.com.br\/site\/wp-content\/uploads\/2019\/01\/marciano01.jpg?resize=1024%2C642&amp;ssl=1 1024w, https:\/\/i0.wp.com\/blogdoeloiltoncajuhy.com.br\/site\/wp-content\/uploads\/2019\/01\/marciano01.jpg?resize=300%2C188&amp;ssl=1 300w, https:\/\/i0.wp.com\/blogdoeloiltoncajuhy.com.br\/site\/wp-content\/uploads\/2019\/01\/marciano01.jpg?resize=768%2C481&amp;ssl=1 768w, https:\/\/i0.wp.com\/blogdoeloiltoncajuhy.com.br\/site\/wp-content\/uploads\/2019\/01\/marciano01.jpg?resize=250%2C157&amp;ssl=1 250w, https:\/\/i0.wp.com\/blogdoeloiltoncajuhy.com.br\/site\/wp-content\/uploads\/2019\/01\/marciano01.jpg?w=1344&amp;ssl=1 1344w\" sizes=\"(max-width: 800px) 100vw, 800px\" \/><figcaption><em>Marciano n\u00e3o conteve as l\u00e1grimas na Arena da Festa do Pe\u00e3o de Barretos \u2014 Foto: \u00c9rico Andrade\/G1<\/em><\/figcaption><\/figure><\/div>\n\n\n\n<p>O cantor sertanejo <strong>Marciano<\/strong>, que marcou a hist\u00f3ria da m\u00fasica sertaneja ao lado de <strong>Jo\u00e3o Mineiro<\/strong>, morreu aos 67 anos, em sua casa em S\u00e3o Caetano do Sul, S\u00e3o Paulo. A informa\u00e7\u00e3o foi confirmada na rede social do cantor:<\/p>\n\n\n\n<p><em>&#8220;\u00c9 com imenso pesar que, em nota, confirmamos o falecimento do cantor Marciano, o Inimit\u00e1vel. Em breve, divulgaremos mais informa\u00e7\u00f5es. Nesse momento, agradecemos o carinho de todos e pedimos ora\u00e7\u00f5es \u00e0 fam\u00edlia&#8221;.<\/em><\/p>\n\n\n\n<p>Segundo uma amiga da fam\u00edlia, o vel\u00f3rio acontecer\u00e1 na C\u00e2mara Municipal de S\u00e3o Caetano do Sul.<\/p>\n\n\n\n<p>O cantor, que nos \u00faltimos anos usava o t\u00edtulo de <em>\u201cO Inimit\u00e1vel\u201d<\/em>, iniciou a carreira na d\u00e9cada de 1970 formando a dupla <strong>Marciano e Jo\u00e3o Mineiro<\/strong>. Juntos, eles fizeram hits como <em>\u201cAinda ontem chorei de saudade\u201d<\/em>, <em>\u201cSe eu n\u00e3o puder te esquecer\u201d<\/em>, entre outras.<\/p>\n\n\n\n<div class=\"wp-block-image\"><figure class=\"aligncenter\"><img data-recalc-dims=\"1\" decoding=\"async\" width=\"679\" height=\"484\" src=\"https:\/\/i0.wp.com\/blogdoeloiltoncajuhy.com.br\/site\/wp-content\/uploads\/2019\/01\/marciano03B.jpg?resize=679%2C484\" alt=\"\" class=\"wp-image-30866\" srcset=\"https:\/\/i0.wp.com\/blogdoeloiltoncajuhy.com.br\/site\/wp-content\/uploads\/2019\/01\/marciano03B.jpg?w=679&amp;ssl=1 679w, https:\/\/i0.wp.com\/blogdoeloiltoncajuhy.com.br\/site\/wp-content\/uploads\/2019\/01\/marciano03B.jpg?resize=300%2C214&amp;ssl=1 300w, https:\/\/i0.wp.com\/blogdoeloiltoncajuhy.com.br\/site\/wp-content\/uploads\/2019\/01\/marciano03B.jpg?resize=250%2C178&amp;ssl=1 250w\" sizes=\"(max-width: 679px) 100vw, 679px\" \/><\/figure><\/div>\n\n\n\n<div class=\"wp-block-image\"><figure class=\"aligncenter\"><img data-recalc-dims=\"1\" decoding=\"async\" width=\"680\" height=\"271\" src=\"https:\/\/i0.wp.com\/blogdoeloiltoncajuhy.com.br\/site\/wp-content\/uploads\/2019\/01\/marciano03A.jpg?resize=680%2C271\" alt=\"\" class=\"wp-image-30864\" srcset=\"https:\/\/i0.wp.com\/blogdoeloiltoncajuhy.com.br\/site\/wp-content\/uploads\/2019\/01\/marciano03A.jpg?w=680&amp;ssl=1 680w, https:\/\/i0.wp.com\/blogdoeloiltoncajuhy.com.br\/site\/wp-content\/uploads\/2019\/01\/marciano03A.jpg?resize=300%2C120&amp;ssl=1 300w, https:\/\/i0.wp.com\/blogdoeloiltoncajuhy.com.br\/site\/wp-content\/uploads\/2019\/01\/marciano03A.jpg?resize=250%2C100&amp;ssl=1 250w\" sizes=\"(max-width: 680px) 100vw, 680px\" \/><\/figure><\/div>\n\n\n\n<div class=\"wp-block-image\"><figure class=\"aligncenter\"><img data-recalc-dims=\"1\" loading=\"lazy\" decoding=\"async\" width=\"800\" height=\"501\" src=\"https:\/\/i0.wp.com\/blogdoeloiltoncajuhy.com.br\/site\/wp-content\/uploads\/2019\/01\/marciano02.jpg?resize=800%2C501\" alt=\"\" class=\"wp-image-30862\" srcset=\"https:\/\/i0.wp.com\/blogdoeloiltoncajuhy.com.br\/site\/wp-content\/uploads\/2019\/01\/marciano02.jpg?w=984&amp;ssl=1 984w, https:\/\/i0.wp.com\/blogdoeloiltoncajuhy.com.br\/site\/wp-content\/uploads\/2019\/01\/marciano02.jpg?resize=300%2C188&amp;ssl=1 300w, https:\/\/i0.wp.com\/blogdoeloiltoncajuhy.com.br\/site\/wp-content\/uploads\/2019\/01\/marciano02.jpg?resize=768%2C481&amp;ssl=1 768w, https:\/\/i0.wp.com\/blogdoeloiltoncajuhy.com.br\/site\/wp-content\/uploads\/2019\/01\/marciano02.jpg?resize=250%2C157&amp;ssl=1 250w\" sizes=\"(max-width: 800px) 100vw, 800px\" \/><figcaption><em>Os cantores sertanejos Milion\u00e1rio e Marciano fazem o 1\u00ba show do projeto &#8216;Lendas&#8217;, em Ituporanga (SC), para mais de 25 mil pessoas. O report\u00f3rio tem como base os sucessos das duplas Milion\u00e1rio e Jos\u00e9 Rico e Jo\u00e3o Mineiro e Marciano, al\u00e9m de can\u00e7\u00f5es in\u00e9ditas \u2014 Foto: Cadu Fernandes\/Divulga\u00e7\u00e3o<\/em><\/figcaption><\/figure><\/div>\n\n\n\n<p>O artista tamb\u00e9m \u00e9 um dos compositores de <em>\u201cFio de cabelo\u201d<\/em>, um dos maiores sucessos da m\u00fasica sertaneja. Com mais de 400 regrava\u00e7\u00f5es, a can\u00e7\u00e3o de 1981 \u00e9 uma das mais lembradas em bares e karaok\u00eas. <em>\u201cQuando a gente canta, o pov\u00e3o canta junto. \u00c9 emocionante\u201d<\/em>.<\/p>\n\n\n\n<p>Ap\u00f3s a morte de Jo\u00e3o Mineiro, em 2012, Jos\u00e9 Marciano iniciou um projeto ao lado de Milion\u00e1rio (ex-dupla de Jos\u00e9 Rico, que morreu em 2015). O projeto dos dois foi chamado de <em>&#8220;Lendas&#8221;<\/em> e rendeu a grava\u00e7\u00e3o de um DVD em 2015, sendo lan\u00e7ado no mercado no ano seguinte.<\/p>\n\n\n\n<p>O cantor Fabiano Martins, filho de Marciano, lamentou a morte do pai. Nos \u00faltimos anos, os dois travaram uma batalha judicial ap\u00f3s uma publica\u00e7\u00e3o no Facebook. Marciano processou Fabiano por danos morais e pedia indeniza\u00e7\u00e3o de R$ 20 mil.<\/p>\n\n\n\n<p><em>&#8220;Todos que me conhecem sabem da p\u00e9ssima rela\u00e7\u00e3o que eu tinha com meu pai, mas estou muito triste com essa not\u00edcia. Por mais que \u00e9ramos afastados, mas era meu pai. Morre um dos maiores cantores sertanejo desse pa\u00eds&#8221;.<\/em><\/p>\n\n\n\n<p><em>&#8220;E \u00e9 com uma imensa tristeza que informo ao meus amigos que meu pai sofreu um infarto fulminante nessa madrugada e foi morar com Deus. Jo\u00e3o Mineiro e Marciano ficar\u00e3o eternizados em nossos cora\u00e7\u00f5es&#8221;<\/em>, disse Fabiano.<\/p>\n\n\n\n<p class=\"has-medium-font-size\"><strong>F\u00e3 do Feminejo<\/strong><br><\/p>\n\n\n\n<p>Em 2017, durante uma apresenta\u00e7\u00e3o em Bras\u00edlia, Marciano afirmou ser f\u00e3 do feminejo, que naquele ano, destacava diversas cantoras como Maiara &amp; Maraisa e Mar\u00edlia Mendon\u00e7a.<\/p>\n\n\n\n<p><em>&#8220;Essas meninas que est\u00e3o \u2018estouradas\u2019 s\u00e3o muito minhas amigas desde antes do sucesso. Conhe\u00e7o Simone e Simaria das turn\u00eas pelo Brasil. E Maiara e Mara\u00edsa iam aos meus shows antes de ficarem famosas. Quando eu as via, dizia que, se elas gravassem o primeiro CD, n\u00e3o ia sobrar para ningu\u00e9m. Hoje sou eu que quero gravar com elas\u201d<\/em>, admitiu em entrevista ao <strong>G1<\/strong> por telefone.<\/p>\n\n\n\n<p>Na \u00e9poca, Marciano tamb\u00e9m reconheceu haver machismo no meio do sertanejo. Ele afirmou que a nova tend\u00eancia entre as cantoras ajuda a manter o g\u00eanero atual. <em>\u201cTinha muita gente que fazia m\u00fasica falando mal das mulheres. O p\u00fablico n\u00e3o quer mais ouvir isso. Para continuar fazendo sucesso, \u00e9 preciso cantar o que o povo quer&#8221;<\/em>, declarou.<\/p>\n\n\n\n<p><em>&#8220;Eu nunca compus nada que denegrisse a mulher. Mulher tem de ser bem tratada\u201d.<\/em><\/p>\n","protected":false},"excerpt":{"rendered":"<p>&#8216;Nesse momento, agradecemos o carinho de todos e pedimos ora\u00e7\u00f5es \u00e0 fam\u00edlia&#8217;, informou comunicado. Cantor fez dupla com Jo\u00e3o Mineiro, que morreu em 2012 Por G1 O cantor sertanejo Marciano, que marcou a hist\u00f3ria da m\u00fasica sertaneja ao lado de Jo\u00e3o Mineiro, morreu aos 67 anos, em sua casa em S\u00e3o Caetano do Sul, S\u00e3o [&hellip;]<\/p>\n","protected":false},"author":2,"featured_media":30866,"comment_status":"open","ping_status":"open","sticky":false,"template":"","format":"standard","meta":{"_acf_changed":false,"_monsterinsights_skip_tracking":false,"_monsterinsights_sitenote_active":false,"_monsterinsights_sitenote_note":"","_monsterinsights_sitenote_category":0,"_jetpack_memberships_contains_paid_content":false,"footnotes":"","jetpack_publicize_message":"","jetpack_publicize_feature_enabled":true,"jetpack_social_post_already_shared":true,"jetpack_social_options":{"image_generator_settings":{"template":"highway","default_image_id":0,"font":"","enabled":false},"version":2}},"categories":[8,1],"tags":[],"class_list":["post-30860","post","type-post","status-publish","format-standard","has-post-thumbnail","hentry","category-cultura","category-noticias"],"acf":[],"jetpack_publicize_connections":[],"jetpack_featured_media_url":"https:\/\/i0.wp.com\/blogdoeloiltoncajuhy.com.br\/site\/wp-content\/uploads\/2019\/01\/marciano03B.jpg?fit=679%2C484&ssl=1","jetpack_sharing_enabled":true,"publishpress_future_workflow_manual_trigger":{"enabledWorkflows":[]},"_links":{"self":[{"href":"https:\/\/blogdoeloiltoncajuhy.com.br\/site\/wp-json\/wp\/v2\/posts\/30860","targetHints":{"allow":["GET"]}}],"collection":[{"href":"https:\/\/blogdoeloiltoncajuhy.com.br\/site\/wp-json\/wp\/v2\/posts"}],"about":[{"href":"https:\/\/blogdoeloiltoncajuhy.com.br\/site\/wp-json\/wp\/v2\/types\/post"}],"author":[{"embeddable":true,"href":"https:\/\/blogdoeloiltoncajuhy.com.br\/site\/wp-json\/wp\/v2\/users\/2"}],"replies":[{"embeddable":true,"href":"https:\/\/blogdoeloiltoncajuhy.com.br\/site\/wp-json\/wp\/v2\/comments?post=30860"}],"version-history":[{"count":2,"href":"https:\/\/blogdoeloiltoncajuhy.com.br\/site\/wp-json\/wp\/v2\/posts\/30860\/revisions"}],"predecessor-version":[{"id":30867,"href":"https:\/\/blogdoeloiltoncajuhy.com.br\/site\/wp-json\/wp\/v2\/posts\/30860\/revisions\/30867"}],"wp:featuredmedia":[{"embeddable":true,"href":"https:\/\/blogdoeloiltoncajuhy.com.br\/site\/wp-json\/wp\/v2\/media\/30866"}],"wp:attachment":[{"href":"https:\/\/blogdoeloiltoncajuhy.com.br\/site\/wp-json\/wp\/v2\/media?parent=30860"}],"wp:term":[{"taxonomy":"category","embeddable":true,"href":"https:\/\/blogdoeloiltoncajuhy.com.br\/site\/wp-json\/wp\/v2\/categories?post=30860"},{"taxonomy":"post_tag","embeddable":true,"href":"https:\/\/blogdoeloiltoncajuhy.com.br\/site\/wp-json\/wp\/v2\/tags?post=30860"}],"curies":[{"name":"wp","href":"https:\/\/api.w.org\/{rel}","templated":true}]}}