{"id":30856,"date":"2019-01-18T09:14:35","date_gmt":"2019-01-18T12:14:35","guid":{"rendered":"http:\/\/blogdoeloiltoncajuhy.com.br\/site\/?p=30856"},"modified":"2019-01-18T09:14:42","modified_gmt":"2019-01-18T12:14:42","slug":"enem-2018-resultado-e-divulgado-pelo-inep-veja-como-consultar-a-nota","status":"publish","type":"post","link":"https:\/\/blogdoeloiltoncajuhy.com.br\/site\/enem-2018-resultado-e-divulgado-pelo-inep-veja-como-consultar-a-nota\/","title":{"rendered":"Enem 2018: resultado \u00e9 divulgado pelo Inep; veja como consultar a nota"},"content":{"rendered":"\n<h5 class=\"wp-block-heading\" style=\"text-align:center\"><em>Resultado dos treineiros s\u00f3 ser\u00e1 divulgado no dia 18 de mar\u00e7o<\/em><\/h5>\n\n\n\n<p><strong>Por Gessyca Rocha e Ana Carolina Moreno, G1<\/strong><\/p>\n\n\n\n<div class=\"wp-block-image\"><figure class=\"aligncenter\"><img data-recalc-dims=\"1\" fetchpriority=\"high\" decoding=\"async\" width=\"800\" height=\"517\" src=\"https:\/\/i0.wp.com\/blogdoeloiltoncajuhy.com.br\/site\/wp-content\/uploads\/2019\/01\/Enem2018ProvaAzul.jpg?resize=800%2C517\" alt=\"\" class=\"wp-image-30857\" srcset=\"https:\/\/i0.wp.com\/blogdoeloiltoncajuhy.com.br\/site\/wp-content\/uploads\/2019\/01\/Enem2018ProvaAzul.jpg?w=984&amp;ssl=1 984w, https:\/\/i0.wp.com\/blogdoeloiltoncajuhy.com.br\/site\/wp-content\/uploads\/2019\/01\/Enem2018ProvaAzul.jpg?resize=300%2C194&amp;ssl=1 300w, https:\/\/i0.wp.com\/blogdoeloiltoncajuhy.com.br\/site\/wp-content\/uploads\/2019\/01\/Enem2018ProvaAzul.jpg?resize=768%2C496&amp;ssl=1 768w, https:\/\/i0.wp.com\/blogdoeloiltoncajuhy.com.br\/site\/wp-content\/uploads\/2019\/01\/Enem2018ProvaAzul.jpg?resize=250%2C162&amp;ssl=1 250w\" sizes=\"(max-width: 800px) 100vw, 800px\" \/><figcaption>Caderno de provas azul do segundo dia de Enem 2018 \u2014 Foto: G1\/G1<\/figcaption><\/figure><\/div>\n\n\n\n<p>As notas do Exame Nacional do Ensino M\u00e9dio (Enem) 2018 foram divulgadas na manh\u00e3 desta sexta-feira (18). Para acessar, os candidatos que fizeram o exame devem entrar na P\u00e1gina do Participante (<strong><em><a href=\"https:\/\/enem.inep.gov.br\/participante\/\"><a href=\"https:\/\/enem.inep.gov.br\/participante\/\">https:\/\/enem.inep.gov.br\/participante\/<\/a><\/a><\/em><\/strong>), incluir o CPF e a senha cadastrada. A nota do Enem s\u00f3 pode ser consultada individualmente.<\/p>\n\n\n\n<p>Inicialmente, o Instituto Nacional de Estudos e Pesquisas Educacionais An\u00edsio Teixeira (Inep) havia divulgado que as notas sairiam a partir das 10h desta sexta. Por\u00e9m, o resultado j\u00e1 estava dispon\u00edvel por volta das 8h20. Ao <strong>G1<\/strong>, o Inep esclareceu que a libera\u00e7\u00e3o das notas costuma ser antecipada para que, at\u00e9 o hor\u00e1rio oficial da divulga\u00e7\u00e3o, o sistema passe por um per\u00edodo considerado de teste, quando pode passar por momentos de sobrecarga.<\/p>\n\n\n\n<p>O objetivo desse teste, segundo o Inep, \u00e9 garantir que, \u00e0s 10h, o acesso de todos os cerca de 4 milh\u00f5es de participantes do Enem esteja est\u00e1vel e n\u00e3o fique sobrecarregado.<\/p>\n\n\n\n<p>De acordo com o Inep, o resultado dos treineiros e o espelho da reda\u00e7\u00e3o estar\u00e3o dispon\u00edveis no dia 18 de mar\u00e7o.<\/p>\n\n\n\n<div class=\"wp-block-image\"><figure class=\"aligncenter\"><img data-recalc-dims=\"1\" decoding=\"async\" width=\"800\" height=\"418\" src=\"https:\/\/i0.wp.com\/blogdoeloiltoncajuhy.com.br\/site\/wp-content\/uploads\/2019\/01\/Enem2018Resultado.jpg?resize=800%2C418\" alt=\"\" class=\"wp-image-30858\" srcset=\"https:\/\/i0.wp.com\/blogdoeloiltoncajuhy.com.br\/site\/wp-content\/uploads\/2019\/01\/Enem2018Resultado.jpg?w=984&amp;ssl=1 984w, https:\/\/i0.wp.com\/blogdoeloiltoncajuhy.com.br\/site\/wp-content\/uploads\/2019\/01\/Enem2018Resultado.jpg?resize=300%2C157&amp;ssl=1 300w, https:\/\/i0.wp.com\/blogdoeloiltoncajuhy.com.br\/site\/wp-content\/uploads\/2019\/01\/Enem2018Resultado.jpg?resize=768%2C401&amp;ssl=1 768w, https:\/\/i0.wp.com\/blogdoeloiltoncajuhy.com.br\/site\/wp-content\/uploads\/2019\/01\/Enem2018Resultado.jpg?resize=250%2C131&amp;ssl=1 250w\" sizes=\"(max-width: 800px) 100vw, 800px\" \/><figcaption>Resultado do Enem 2018 \u2014 Foto: Inep\/Divulga\u00e7\u00e3o<\/figcaption><\/figure><\/div>\n\n\n\n<p class=\"has-medium-font-size\"><strong>Sisu<\/strong><br><\/p>\n\n\n\n<p>Com a nota do Enem 2018, os candidatos podem se inscrever no Sistema de Sele\u00e7\u00e3o Unificada (Sisu) 2019. O prazo come\u00e7a na pr\u00f3xima ter\u00e7a (22) e encerra na sexta-feira (25). A inscri\u00e7\u00e3o \u00e9 feita pelo site do programa: <strong><em><a href=\"http:\/\/sisu.mec.gov.br\/\">http:\/\/sisu.mec.gov.br\/<\/a><\/em><\/strong>.<\/p>\n\n\n\n<p>Neste primeiro semestre, ser\u00e3o ofertadas 235.476 vagas em 129 institui\u00e7\u00f5es de todo o pa\u00eds. No site do Sisu \u00e9 poss\u00edvel escolher duas op\u00e7\u00f5es de curso. Quem teve melhor pontua\u00e7\u00e3o no Enem tem mais chances de conquistar a vaga.<\/p>\n\n\n\n<p class=\"has-medium-font-size\"><strong>Calend\u00e1rio do Sisu 1\u00ba semestre de 2019<\/strong><\/p>\n\n\n\n<ul class=\"wp-block-list\"><li>Inscri\u00e7\u00f5es: 22\/1 a 25\/1<br><\/li><\/ul>\n\n\n\n<ul class=\"wp-block-list\"><li>1\u00aa chamada: 28\/1<br><\/li><\/ul>\n\n\n\n<ul class=\"wp-block-list\"><li>Matr\u00edculas da 1\u00aa chamada: 30\/1 a 4\/2<br><\/li><\/ul>\n\n\n\n<ul class=\"wp-block-list\"><li>Inscri\u00e7\u00e3o na lista de espera: 28\/1 a 4\/2<br><\/li><\/ul>\n\n\n\n<ul class=\"wp-block-list\"><li>Convoca\u00e7\u00f5es de outras chamadas: a partir de 7\/2<br><\/li><\/ul>\n\n\n\n<p>Al\u00e9m do Sisu, as notas do Enem podem ser usadas pelos candidatos no Programa Universidade para Todos (ProUni), Financiamento Estudantil (Fies), e em 37 universidades de Portugal.<\/p>\n\n\n\n<p>De acordo com o Minist\u00e9rio da Educa\u00e7\u00e3o (MEC), o Enem \u00e9 a segunda maior prova do tipo no mundo, s\u00f3 perdendo para o &#8220;gao kao&#8221;, prova de admiss\u00e3o ao ensino superior da China, com 9 milh\u00f5es de candidatos.<\/p>\n","protected":false},"excerpt":{"rendered":"<p>Resultado dos treineiros s\u00f3 ser\u00e1 divulgado no dia 18 de mar\u00e7o Por Gessyca Rocha e Ana Carolina Moreno, G1 As notas do Exame Nacional do Ensino M\u00e9dio (Enem) 2018 foram divulgadas na manh\u00e3 desta sexta-feira (18). Para acessar, os candidatos que fizeram o exame devem entrar na P\u00e1gina do Participante (https:\/\/enem.inep.gov.br\/participante\/), incluir o CPF e [&hellip;]<\/p>\n","protected":false},"author":2,"featured_media":30858,"comment_status":"open","ping_status":"open","sticky":false,"template":"","format":"standard","meta":{"_acf_changed":false,"_monsterinsights_skip_tracking":false,"_monsterinsights_sitenote_active":false,"_monsterinsights_sitenote_note":"","_monsterinsights_sitenote_category":0,"_jetpack_memberships_contains_paid_content":false,"footnotes":"","jetpack_publicize_message":"","jetpack_publicize_feature_enabled":true,"jetpack_social_post_already_shared":true,"jetpack_social_options":{"image_generator_settings":{"template":"highway","default_image_id":0,"font":"","enabled":false},"version":2}},"categories":[14,1],"tags":[],"class_list":["post-30856","post","type-post","status-publish","format-standard","has-post-thumbnail","hentry","category-educacao","category-noticias"],"acf":[],"jetpack_publicize_connections":[],"jetpack_featured_media_url":"https:\/\/i0.wp.com\/blogdoeloiltoncajuhy.com.br\/site\/wp-content\/uploads\/2019\/01\/Enem2018Resultado.jpg?fit=984%2C514&ssl=1","jetpack_sharing_enabled":true,"publishpress_future_workflow_manual_trigger":{"enabledWorkflows":[]},"_links":{"self":[{"href":"https:\/\/blogdoeloiltoncajuhy.com.br\/site\/wp-json\/wp\/v2\/posts\/30856","targetHints":{"allow":["GET"]}}],"collection":[{"href":"https:\/\/blogdoeloiltoncajuhy.com.br\/site\/wp-json\/wp\/v2\/posts"}],"about":[{"href":"https:\/\/blogdoeloiltoncajuhy.com.br\/site\/wp-json\/wp\/v2\/types\/post"}],"author":[{"embeddable":true,"href":"https:\/\/blogdoeloiltoncajuhy.com.br\/site\/wp-json\/wp\/v2\/users\/2"}],"replies":[{"embeddable":true,"href":"https:\/\/blogdoeloiltoncajuhy.com.br\/site\/wp-json\/wp\/v2\/comments?post=30856"}],"version-history":[{"count":1,"href":"https:\/\/blogdoeloiltoncajuhy.com.br\/site\/wp-json\/wp\/v2\/posts\/30856\/revisions"}],"predecessor-version":[{"id":30859,"href":"https:\/\/blogdoeloiltoncajuhy.com.br\/site\/wp-json\/wp\/v2\/posts\/30856\/revisions\/30859"}],"wp:featuredmedia":[{"embeddable":true,"href":"https:\/\/blogdoeloiltoncajuhy.com.br\/site\/wp-json\/wp\/v2\/media\/30858"}],"wp:attachment":[{"href":"https:\/\/blogdoeloiltoncajuhy.com.br\/site\/wp-json\/wp\/v2\/media?parent=30856"}],"wp:term":[{"taxonomy":"category","embeddable":true,"href":"https:\/\/blogdoeloiltoncajuhy.com.br\/site\/wp-json\/wp\/v2\/categories?post=30856"},{"taxonomy":"post_tag","embeddable":true,"href":"https:\/\/blogdoeloiltoncajuhy.com.br\/site\/wp-json\/wp\/v2\/tags?post=30856"}],"curies":[{"name":"wp","href":"https:\/\/api.w.org\/{rel}","templated":true}]}}