{"id":30853,"date":"2019-01-18T09:01:56","date_gmt":"2019-01-18T12:01:56","guid":{"rendered":"http:\/\/blogdoeloiltoncajuhy.com.br\/site\/?p=30853"},"modified":"2019-01-18T09:02:02","modified_gmt":"2019-01-18T12:02:02","slug":"prf-na-bahia-promove-leilao-de-veiculos-apreendidos","status":"publish","type":"post","link":"https:\/\/blogdoeloiltoncajuhy.com.br\/site\/prf-na-bahia-promove-leilao-de-veiculos-apreendidos\/","title":{"rendered":"PRF na Bahia promove leil\u00e3o de ve\u00edculos apreendidos"},"content":{"rendered":"\n<h5 class=\"wp-block-heading\" style=\"text-align:center\"><em>O leil\u00e3o ser\u00e1 realizado nas modalidades presencial e online no dia 15 de fevereiro e disponibilizar\u00e1 cerca de 200 ve\u00edculos<\/em><\/h5>\n\n\n\n<div class=\"wp-block-image\"><figure class=\"aligncenter\"><img data-recalc-dims=\"1\" fetchpriority=\"high\" decoding=\"async\" width=\"800\" height=\"445\" src=\"https:\/\/i0.wp.com\/blogdoeloiltoncajuhy.com.br\/site\/wp-content\/uploads\/2019\/01\/PRF_LeilaoFev2019.jpeg?resize=800%2C445\" alt=\"\" class=\"wp-image-30854\" srcset=\"https:\/\/i0.wp.com\/blogdoeloiltoncajuhy.com.br\/site\/wp-content\/uploads\/2019\/01\/PRF_LeilaoFev2019.jpeg?w=800&amp;ssl=1 800w, https:\/\/i0.wp.com\/blogdoeloiltoncajuhy.com.br\/site\/wp-content\/uploads\/2019\/01\/PRF_LeilaoFev2019.jpeg?resize=300%2C167&amp;ssl=1 300w, https:\/\/i0.wp.com\/blogdoeloiltoncajuhy.com.br\/site\/wp-content\/uploads\/2019\/01\/PRF_LeilaoFev2019.jpeg?resize=768%2C427&amp;ssl=1 768w, https:\/\/i0.wp.com\/blogdoeloiltoncajuhy.com.br\/site\/wp-content\/uploads\/2019\/01\/PRF_LeilaoFev2019.jpeg?resize=250%2C139&amp;ssl=1 250w\" sizes=\"(max-width: 800px) 100vw, 800px\" \/><\/figure><\/div>\n\n\n\n<p>A Pol\u00edcia Rodovi\u00e1ria Federal (SRPRF\/BA), realizar\u00e1 no dia 15 de fevereiro, um leil\u00e3o de ve\u00edculos apreendidos nas rodovias federais da Bahia.<\/p>\n\n\n\n<p>O edital 6\/2018 do tipo maior lance ofertado, visa arremata\u00e7\u00e3o de ve\u00edculos retidos, abandonados, removidos ou recolhidos a qualquer t\u00edtulo, que se encontram h\u00e1 mais de 60 (sessenta) dias nos p\u00e1tios administrados pela Regional do estado da Bahia.<\/p>\n\n\n\n<p>Os interessados poder\u00e3o examinar os lotes entre os dias 13 e 14 de fevereiro, das 08h \u00e0s 12h e de 13h \u00e0s 17h, <strong>nos seguintes endere\u00e7os:<\/strong><\/p>\n\n\n\n<table class=\"wp-block-table\"><tbody><tr><td><strong>LOCAL DO VE\u00cdCULO<\/strong><br><strong>(P\u00c1TIO)<\/strong><\/td><td><strong>ENDERE\u00c7O<\/strong><\/td><\/tr><tr><td>UOP BARREIRAS<\/td><td>BR 242 KM 801 (Sa\u00edda para Bras\u00edlia \u2013 DF) \u2013 Barreiras\/BA<\/td><\/tr><tr><td>P\u00c1TIO CERQUEIRA GUINCHO<\/td><td>BR 242 KM 584 (Sa\u00edda para Salvador \u2013 BA) \u2013 Ibotirama\/BA<\/td><\/tr><tr><td>UOP IBOTIRAMA<\/td><td>BR 242 KM 583 \u2013 Ibotirama\/Bahia<\/td><\/tr><\/tbody><\/table>\n\n\n\n<p>Demais informa\u00e7\u00f5es poder\u00e3o ser obtidas <strong>nos seguintes endere\u00e7os:<\/strong><\/p>\n\n\n\n<p><a href=\"http:\/\/www.batistaregisleiloes.com.br\/externo\/leilao\/15\/leilao-policia-rodoviaria-federal\">http:\/\/www.batistaregisleiloes.com.br\/externo\/leilao\/15\/leilao-policia-rodoviaria-federal<\/a><\/p>\n\n\n\n<p>gestao.patios.ba@prf.gov.br<\/p>\n\n\n\n<p>Endere\u00e7o Sede Administrativa: Rua da Indon\u00e9sia, n\u00ba 500 \u2013 Granjas Rurais Presidente Vargas \u2013 Piraj\u00e1 \u2013 Salvador\/Bahia \u2013 Cep 41230-020.<\/p>\n\n\n\n<p><strong><em>Ag\u00eancia PRF<\/em><\/strong><\/p>\n","protected":false},"excerpt":{"rendered":"<p>O leil\u00e3o ser\u00e1 realizado nas modalidades presencial e online no dia 15 de fevereiro e disponibilizar\u00e1 cerca de 200 ve\u00edculos A Pol\u00edcia Rodovi\u00e1ria Federal (SRPRF\/BA), realizar\u00e1 no dia 15 de fevereiro, um leil\u00e3o de ve\u00edculos apreendidos nas rodovias federais da Bahia. O edital 6\/2018 do tipo maior lance ofertado, visa arremata\u00e7\u00e3o de ve\u00edculos retidos, abandonados, [&hellip;]<\/p>\n","protected":false},"author":2,"featured_media":30854,"comment_status":"open","ping_status":"open","sticky":false,"template":"","format":"standard","meta":{"_acf_changed":false,"_monsterinsights_skip_tracking":false,"_monsterinsights_sitenote_active":false,"_monsterinsights_sitenote_note":"","_monsterinsights_sitenote_category":0,"_jetpack_memberships_contains_paid_content":false,"footnotes":"","jetpack_publicize_message":"","jetpack_publicize_feature_enabled":true,"jetpack_social_post_already_shared":true,"jetpack_social_options":{"image_generator_settings":{"template":"highway","default_image_id":0,"font":"","enabled":false},"version":2}},"categories":[5,1],"tags":[],"class_list":["post-30853","post","type-post","status-publish","format-standard","has-post-thumbnail","hentry","category-cotidiano","category-noticias"],"acf":[],"jetpack_publicize_connections":[],"jetpack_featured_media_url":"https:\/\/i0.wp.com\/blogdoeloiltoncajuhy.com.br\/site\/wp-content\/uploads\/2019\/01\/PRF_LeilaoFev2019.jpeg?fit=800%2C445&ssl=1","jetpack_sharing_enabled":true,"publishpress_future_workflow_manual_trigger":{"enabledWorkflows":[]},"_links":{"self":[{"href":"https:\/\/blogdoeloiltoncajuhy.com.br\/site\/wp-json\/wp\/v2\/posts\/30853","targetHints":{"allow":["GET"]}}],"collection":[{"href":"https:\/\/blogdoeloiltoncajuhy.com.br\/site\/wp-json\/wp\/v2\/posts"}],"about":[{"href":"https:\/\/blogdoeloiltoncajuhy.com.br\/site\/wp-json\/wp\/v2\/types\/post"}],"author":[{"embeddable":true,"href":"https:\/\/blogdoeloiltoncajuhy.com.br\/site\/wp-json\/wp\/v2\/users\/2"}],"replies":[{"embeddable":true,"href":"https:\/\/blogdoeloiltoncajuhy.com.br\/site\/wp-json\/wp\/v2\/comments?post=30853"}],"version-history":[{"count":1,"href":"https:\/\/blogdoeloiltoncajuhy.com.br\/site\/wp-json\/wp\/v2\/posts\/30853\/revisions"}],"predecessor-version":[{"id":30855,"href":"https:\/\/blogdoeloiltoncajuhy.com.br\/site\/wp-json\/wp\/v2\/posts\/30853\/revisions\/30855"}],"wp:featuredmedia":[{"embeddable":true,"href":"https:\/\/blogdoeloiltoncajuhy.com.br\/site\/wp-json\/wp\/v2\/media\/30854"}],"wp:attachment":[{"href":"https:\/\/blogdoeloiltoncajuhy.com.br\/site\/wp-json\/wp\/v2\/media?parent=30853"}],"wp:term":[{"taxonomy":"category","embeddable":true,"href":"https:\/\/blogdoeloiltoncajuhy.com.br\/site\/wp-json\/wp\/v2\/categories?post=30853"},{"taxonomy":"post_tag","embeddable":true,"href":"https:\/\/blogdoeloiltoncajuhy.com.br\/site\/wp-json\/wp\/v2\/tags?post=30853"}],"curies":[{"name":"wp","href":"https:\/\/api.w.org\/{rel}","templated":true}]}}