{"id":30850,"date":"2019-01-18T08:42:17","date_gmt":"2019-01-18T11:42:17","guid":{"rendered":"http:\/\/blogdoeloiltoncajuhy.com.br\/site\/?p=30850"},"modified":"2019-01-18T08:42:22","modified_gmt":"2019-01-18T11:42:22","slug":"nota-de-pesar-do-esporte-clube-bonfinense-pelo-falecimento-de-jeane-bulcao","status":"publish","type":"post","link":"https:\/\/blogdoeloiltoncajuhy.com.br\/site\/nota-de-pesar-do-esporte-clube-bonfinense-pelo-falecimento-de-jeane-bulcao\/","title":{"rendered":"Nota de Pesar do Esporte Clube Bonfinense pelo falecimento de Jeane Bulc\u00e3o"},"content":{"rendered":"\n<div class=\"wp-block-image\"><figure class=\"aligncenter is-resized\"><img data-recalc-dims=\"1\" fetchpriority=\"high\" decoding=\"async\" src=\"https:\/\/i0.wp.com\/blogdoeloiltoncajuhy.com.br\/site\/wp-content\/uploads\/2019\/01\/JeaneBulcao_04.jpg?resize=360%2C360\" alt=\"\" class=\"wp-image-30851\" width=\"360\" height=\"360\" srcset=\"https:\/\/i0.wp.com\/blogdoeloiltoncajuhy.com.br\/site\/wp-content\/uploads\/2019\/01\/JeaneBulcao_04.jpg?w=480&amp;ssl=1 480w, https:\/\/i0.wp.com\/blogdoeloiltoncajuhy.com.br\/site\/wp-content\/uploads\/2019\/01\/JeaneBulcao_04.jpg?resize=150%2C150&amp;ssl=1 150w, https:\/\/i0.wp.com\/blogdoeloiltoncajuhy.com.br\/site\/wp-content\/uploads\/2019\/01\/JeaneBulcao_04.jpg?resize=300%2C300&amp;ssl=1 300w, https:\/\/i0.wp.com\/blogdoeloiltoncajuhy.com.br\/site\/wp-content\/uploads\/2019\/01\/JeaneBulcao_04.jpg?resize=250%2C250&amp;ssl=1 250w, https:\/\/i0.wp.com\/blogdoeloiltoncajuhy.com.br\/site\/wp-content\/uploads\/2019\/01\/JeaneBulcao_04.jpg?resize=48%2C48&amp;ssl=1 48w\" sizes=\"(max-width: 360px) 100vw, 360px\" \/><\/figure><\/div>\n\n\n\n<p>\u00c9 com todo pesar que vimos trazer a triste not\u00edcia do falecimento da <strong>Diretora do Esporte Clube Bonfinense<\/strong>, <strong>Jeane Alves Bulc\u00e3o<\/strong>, ocorrido em 16\/01\/2019.<\/p>\n\n\n\n<p>Ficar\u00e1 para n\u00f3s, o seu bom exemplo, a sua persist\u00eancia e luta pela vida! As pessoas s\u00e3o insubstitu\u00edveis em sua exist\u00eancia e, quando s\u00e3o especiais, al\u00e9m da falta que fazem \u00e0queles que as amam, deixam o mundo mais pobre.<\/p>\n\n\n\n<p>N\u00e3o temos palavras para expressar tamanho sentimento. Diante deste momento de dor, pedimos a Deus que conforte o cora\u00e7\u00e3o dos familiares e amigos.<br><\/p>\n\n\n\n<p>Que a luz e o amor divino pairem sobre a alma de quem sofre esta imensur\u00e1vel perda<\/p>\n\n\n\n<p><strong><em>PABLO FABIANO<br> Presidente ECB<\/em><\/strong><\/p>\n","protected":false},"excerpt":{"rendered":"<p>\u00c9 com todo pesar que vimos trazer a triste not\u00edcia do falecimento da Diretora do Esporte Clube Bonfinense, Jeane Alves Bulc\u00e3o, ocorrido em 16\/01\/2019. Ficar\u00e1 para n\u00f3s, o seu bom exemplo, a sua persist\u00eancia e luta pela vida! As pessoas s\u00e3o insubstitu\u00edveis em sua exist\u00eancia e, quando s\u00e3o especiais, al\u00e9m da falta que fazem \u00e0queles [&hellip;]<\/p>\n","protected":false},"author":2,"featured_media":30851,"comment_status":"open","ping_status":"open","sticky":false,"template":"","format":"standard","meta":{"_acf_changed":false,"_monsterinsights_skip_tracking":false,"_monsterinsights_sitenote_active":false,"_monsterinsights_sitenote_note":"","_monsterinsights_sitenote_category":0,"_jetpack_memberships_contains_paid_content":false,"footnotes":"","jetpack_publicize_message":"","jetpack_publicize_feature_enabled":true,"jetpack_social_post_already_shared":true,"jetpack_social_options":{"image_generator_settings":{"template":"highway","default_image_id":0,"font":"","enabled":false},"version":2}},"categories":[1,4],"tags":[],"class_list":["post-30850","post","type-post","status-publish","format-standard","has-post-thumbnail","hentry","category-noticias","category-local"],"acf":[],"jetpack_publicize_connections":[],"jetpack_featured_media_url":"https:\/\/i0.wp.com\/blogdoeloiltoncajuhy.com.br\/site\/wp-content\/uploads\/2019\/01\/JeaneBulcao_04.jpg?fit=480%2C480&ssl=1","jetpack_sharing_enabled":true,"publishpress_future_workflow_manual_trigger":{"enabledWorkflows":[]},"_links":{"self":[{"href":"https:\/\/blogdoeloiltoncajuhy.com.br\/site\/wp-json\/wp\/v2\/posts\/30850","targetHints":{"allow":["GET"]}}],"collection":[{"href":"https:\/\/blogdoeloiltoncajuhy.com.br\/site\/wp-json\/wp\/v2\/posts"}],"about":[{"href":"https:\/\/blogdoeloiltoncajuhy.com.br\/site\/wp-json\/wp\/v2\/types\/post"}],"author":[{"embeddable":true,"href":"https:\/\/blogdoeloiltoncajuhy.com.br\/site\/wp-json\/wp\/v2\/users\/2"}],"replies":[{"embeddable":true,"href":"https:\/\/blogdoeloiltoncajuhy.com.br\/site\/wp-json\/wp\/v2\/comments?post=30850"}],"version-history":[{"count":1,"href":"https:\/\/blogdoeloiltoncajuhy.com.br\/site\/wp-json\/wp\/v2\/posts\/30850\/revisions"}],"predecessor-version":[{"id":30852,"href":"https:\/\/blogdoeloiltoncajuhy.com.br\/site\/wp-json\/wp\/v2\/posts\/30850\/revisions\/30852"}],"wp:featuredmedia":[{"embeddable":true,"href":"https:\/\/blogdoeloiltoncajuhy.com.br\/site\/wp-json\/wp\/v2\/media\/30851"}],"wp:attachment":[{"href":"https:\/\/blogdoeloiltoncajuhy.com.br\/site\/wp-json\/wp\/v2\/media?parent=30850"}],"wp:term":[{"taxonomy":"category","embeddable":true,"href":"https:\/\/blogdoeloiltoncajuhy.com.br\/site\/wp-json\/wp\/v2\/categories?post=30850"},{"taxonomy":"post_tag","embeddable":true,"href":"https:\/\/blogdoeloiltoncajuhy.com.br\/site\/wp-json\/wp\/v2\/tags?post=30850"}],"curies":[{"name":"wp","href":"https:\/\/api.w.org\/{rel}","templated":true}]}}