{"id":30837,"date":"2019-01-17T11:57:34","date_gmt":"2019-01-17T14:57:34","guid":{"rendered":"http:\/\/blogdoeloiltoncajuhy.com.br\/site\/?p=30837"},"modified":"2019-01-17T11:57:41","modified_gmt":"2019-01-17T14:57:41","slug":"prefeitura-comeca-a-cobrar-licenca-de-funcionamento-das-operadoras-que-tem-torres-de-telefonia-em-senhor-do-bonfim","status":"publish","type":"post","link":"https:\/\/blogdoeloiltoncajuhy.com.br\/site\/prefeitura-comeca-a-cobrar-licenca-de-funcionamento-das-operadoras-que-tem-torres-de-telefonia-em-senhor-do-bonfim\/","title":{"rendered":"Prefeitura come\u00e7a a cobrar licen\u00e7a de funcionamento das operadoras que tem torres de telefonia em Senhor do Bonfim"},"content":{"rendered":"\n<div class=\"wp-block-image\"><figure class=\"aligncenter\"><img data-recalc-dims=\"1\" fetchpriority=\"high\" decoding=\"async\" width=\"800\" height=\"390\" src=\"https:\/\/i0.wp.com\/blogdoeloiltoncajuhy.com.br\/site\/wp-content\/uploads\/2019\/01\/PMSB_torres-bonfim.png?resize=800%2C390\" alt=\"\" class=\"wp-image-30838\" srcset=\"https:\/\/i0.wp.com\/blogdoeloiltoncajuhy.com.br\/site\/wp-content\/uploads\/2019\/01\/PMSB_torres-bonfim.png?resize=1024%2C499&amp;ssl=1 1024w, https:\/\/i0.wp.com\/blogdoeloiltoncajuhy.com.br\/site\/wp-content\/uploads\/2019\/01\/PMSB_torres-bonfim.png?resize=300%2C146&amp;ssl=1 300w, https:\/\/i0.wp.com\/blogdoeloiltoncajuhy.com.br\/site\/wp-content\/uploads\/2019\/01\/PMSB_torres-bonfim.png?resize=768%2C374&amp;ssl=1 768w, https:\/\/i0.wp.com\/blogdoeloiltoncajuhy.com.br\/site\/wp-content\/uploads\/2019\/01\/PMSB_torres-bonfim.png?resize=250%2C122&amp;ssl=1 250w, https:\/\/i0.wp.com\/blogdoeloiltoncajuhy.com.br\/site\/wp-content\/uploads\/2019\/01\/PMSB_torres-bonfim.png?w=1164&amp;ssl=1 1164w\" sizes=\"(max-width: 800px) 100vw, 800px\" \/><\/figure><\/div>\n\n\n\n<p>A Prefeitura de Senhor do Bonfim come\u00e7ou a cobrar licen\u00e7a de funcionamento das operadoras de telecomunica\u00e7\u00e3o que t\u00eam torres de celular instaladas no munic\u00edpio.<\/p>\n\n\n\n<p>A cobran\u00e7a est\u00e1 sendo realizada por uma empresa especializada contratada por meio de licita\u00e7\u00e3o p\u00fablica. A previs\u00e3o \u00e9 que o munic\u00edpio recupere cerca de R$ 1,5 milh\u00e3o.<\/p>\n\n\n\n<p>De acordo o secret\u00e1rio de Planejamento e Finan\u00e7as, Benito Brasileiro, a cobran\u00e7a decorre por falta de pagamento, pelo menos nos \u00faltimos cinco anos, do Alvar\u00e1 para Funcionamento. J\u00e1 o Licenciamento Ambiental nunca foi pago pelas operadoras.<\/p>\n\n\n\n<p><em>\u201cOs recursos p\u00fablicos arrecadados ser\u00e3o investidos em obras e servi\u00e7os importantes que garantam o desenvolvimento de Bonfim e o bem-estar de nossa gente\u201d<\/em>, destacou Benito Brasileiro.<\/p>\n\n\n\n<p>At\u00e9 o momento, o munic\u00edpio j\u00e1 recebeu cerca de R$ 584 mil da operadora Vivo, e aproximadamente R$ 350 mil da Oi. As operadoras Claro e Tim tamb\u00e9m foram acionadas judicialmente. As duas devem, juntas, quase R$ 800 mil de tributos vencidos.<\/p>\n\n\n\n<p><em>\u201cN\u00e3o vamos ser omissos em rela\u00e7\u00e3o a essas operadoras. Quando os clientes dessas empresas deixam de pagar suas contas por 15, 30 dias, eles t\u00eam seus servi\u00e7os cortados. Ent\u00e3o \u00e9 inadmiss\u00edvel que essas operadoras n\u00e3o paguem o que devem ao munic\u00edpio\u201d<\/em>, ressaltou Benito.<\/p>\n\n\n\n<p>O valor cobrado anualmente pela taxa de Fiscaliza\u00e7\u00e3o de Licen\u00e7a para Funcionamento \u00e9 de R$ 9.900 e o Licenciamento Ambiental est\u00e1 tributado em R$ 9 mil. O alvar\u00e1 obtido no \u00e2mbito municipal \u00e9 tempor\u00e1rio, v\u00e1lido por um ano.<\/p>\n\n\n\n<p class=\"has-medium-font-size\"><strong>Instala\u00e7\u00e3o das esta\u00e7\u00f5es foi regulamentada em 2001<\/strong><\/p>\n\n\n\n<p>A lei 5.801 de 14 de setembro de 2001, disciplina a instala\u00e7\u00e3o das esta\u00e7\u00f5es de radiocomunica\u00e7\u00e3o dos servi\u00e7os de telecomunica\u00e7\u00f5es. Significa que, al\u00e9m da autoriza\u00e7\u00e3o da Anatel, as operadoras de telefonia m\u00f3vel devem ter, tamb\u00e9m, alvar\u00e1 do governo municipal.<\/p>\n\n\n\n<p><strong><em>ASCOM &#8211; Prefeitura Municipal de Senhor do Bonfim &#8211; BA<\/em><\/strong><\/p>\n","protected":false},"excerpt":{"rendered":"<p>A Prefeitura de Senhor do Bonfim come\u00e7ou a cobrar licen\u00e7a de funcionamento das operadoras de telecomunica\u00e7\u00e3o que t\u00eam torres de celular instaladas no munic\u00edpio. A cobran\u00e7a est\u00e1 sendo realizada por uma empresa especializada contratada por meio de licita\u00e7\u00e3o p\u00fablica. A previs\u00e3o \u00e9 que o munic\u00edpio recupere cerca de R$ 1,5 milh\u00e3o. De acordo o secret\u00e1rio [&hellip;]<\/p>\n","protected":false},"author":2,"featured_media":30838,"comment_status":"open","ping_status":"open","sticky":false,"template":"","format":"standard","meta":{"_acf_changed":false,"_monsterinsights_skip_tracking":false,"_monsterinsights_sitenote_active":false,"_monsterinsights_sitenote_note":"","_monsterinsights_sitenote_category":0,"_jetpack_memberships_contains_paid_content":false,"footnotes":"","jetpack_publicize_message":"","jetpack_publicize_feature_enabled":true,"jetpack_social_post_already_shared":true,"jetpack_social_options":{"image_generator_settings":{"template":"highway","default_image_id":0,"font":"","enabled":false},"version":2}},"categories":[1,3,4],"tags":[],"class_list":["post-30837","post","type-post","status-publish","format-standard","has-post-thumbnail","hentry","category-noticias","category-politica","category-local"],"acf":[],"jetpack_publicize_connections":[],"jetpack_featured_media_url":"https:\/\/i0.wp.com\/blogdoeloiltoncajuhy.com.br\/site\/wp-content\/uploads\/2019\/01\/PMSB_torres-bonfim.png?fit=1164%2C567&ssl=1","jetpack_sharing_enabled":true,"publishpress_future_workflow_manual_trigger":{"enabledWorkflows":[]},"_links":{"self":[{"href":"https:\/\/blogdoeloiltoncajuhy.com.br\/site\/wp-json\/wp\/v2\/posts\/30837","targetHints":{"allow":["GET"]}}],"collection":[{"href":"https:\/\/blogdoeloiltoncajuhy.com.br\/site\/wp-json\/wp\/v2\/posts"}],"about":[{"href":"https:\/\/blogdoeloiltoncajuhy.com.br\/site\/wp-json\/wp\/v2\/types\/post"}],"author":[{"embeddable":true,"href":"https:\/\/blogdoeloiltoncajuhy.com.br\/site\/wp-json\/wp\/v2\/users\/2"}],"replies":[{"embeddable":true,"href":"https:\/\/blogdoeloiltoncajuhy.com.br\/site\/wp-json\/wp\/v2\/comments?post=30837"}],"version-history":[{"count":1,"href":"https:\/\/blogdoeloiltoncajuhy.com.br\/site\/wp-json\/wp\/v2\/posts\/30837\/revisions"}],"predecessor-version":[{"id":30839,"href":"https:\/\/blogdoeloiltoncajuhy.com.br\/site\/wp-json\/wp\/v2\/posts\/30837\/revisions\/30839"}],"wp:featuredmedia":[{"embeddable":true,"href":"https:\/\/blogdoeloiltoncajuhy.com.br\/site\/wp-json\/wp\/v2\/media\/30838"}],"wp:attachment":[{"href":"https:\/\/blogdoeloiltoncajuhy.com.br\/site\/wp-json\/wp\/v2\/media?parent=30837"}],"wp:term":[{"taxonomy":"category","embeddable":true,"href":"https:\/\/blogdoeloiltoncajuhy.com.br\/site\/wp-json\/wp\/v2\/categories?post=30837"},{"taxonomy":"post_tag","embeddable":true,"href":"https:\/\/blogdoeloiltoncajuhy.com.br\/site\/wp-json\/wp\/v2\/tags?post=30837"}],"curies":[{"name":"wp","href":"https:\/\/api.w.org\/{rel}","templated":true}]}}