{"id":30830,"date":"2019-01-17T11:34:23","date_gmt":"2019-01-17T14:34:23","guid":{"rendered":"http:\/\/blogdoeloiltoncajuhy.com.br\/site\/?p=30830"},"modified":"2019-01-17T11:36:30","modified_gmt":"2019-01-17T14:36:30","slug":"bonfim-gamboa-de-luto-pelo-falecimento-de-jeane-bulcao","status":"publish","type":"post","link":"https:\/\/blogdoeloiltoncajuhy.com.br\/site\/bonfim-gamboa-de-luto-pelo-falecimento-de-jeane-bulcao\/","title":{"rendered":"BONFIM: Gamboa de luto pelo falecimento de Jeane Bulc\u00e3o"},"content":{"rendered":"\n<div class=\"wp-block-image\"><figure class=\"aligncenter is-resized\"><img data-recalc-dims=\"1\" fetchpriority=\"high\" decoding=\"async\" src=\"https:\/\/i0.wp.com\/blogdoeloiltoncajuhy.com.br\/site\/wp-content\/uploads\/2019\/01\/JeaneBulcao_01.jpg?resize=270%2C480\" alt=\"\" class=\"wp-image-30831\" width=\"270\" height=\"480\" srcset=\"https:\/\/i0.wp.com\/blogdoeloiltoncajuhy.com.br\/site\/wp-content\/uploads\/2019\/01\/JeaneBulcao_01.jpg?w=360&amp;ssl=1 360w, https:\/\/i0.wp.com\/blogdoeloiltoncajuhy.com.br\/site\/wp-content\/uploads\/2019\/01\/JeaneBulcao_01.jpg?resize=169%2C300&amp;ssl=1 169w, https:\/\/i0.wp.com\/blogdoeloiltoncajuhy.com.br\/site\/wp-content\/uploads\/2019\/01\/JeaneBulcao_01.jpg?resize=141%2C250&amp;ssl=1 141w\" sizes=\"(max-width: 270px) 100vw, 270px\" \/><figcaption><em>Foto: Redes sociais<\/em><\/figcaption><\/figure><\/div>\n\n\n\n<p>Faleceu por volta das 23h desta quarta-feira (16), a bonfinense Jeane Bulc\u00e3o, de 39 anos de idade. Ela estava internada no Hospital Portugu\u00eas, em Salvador, lutando contra um c\u00e2ncer h\u00e1 mais de um ano.<\/p>\n\n\n\n<p>Jeane era funcion\u00e1ria da Vale Rede Ferrovi\u00e1ria (VL!), lutava Karat\u00ea e era filiada \u00e0 Associa\u00e7\u00e3o Cultural dos Espadeiros Bonfinenses (ACESB). Moradora da Grande Gamboa, era filha do ex-jogador Doda. Sua morte causou grande como\u00e7\u00e3o no bairro e entre amigos.<br><\/p>\n\n\n\n<p>Seu corpo ser\u00e1 velado na resid\u00eancia de familiares na Grande Gamboa e o sepultamento est\u00e1 marcado para logo mais as 16h30.<\/p>\n\n\n\n<div class=\"wp-block-image\"><figure class=\"aligncenter is-resized\"><img data-recalc-dims=\"1\" decoding=\"async\" src=\"https:\/\/i0.wp.com\/blogdoeloiltoncajuhy.com.br\/site\/wp-content\/uploads\/2019\/01\/JeaneBulcao_03.jpg?resize=337%2C410\" alt=\"\" class=\"wp-image-30833\" width=\"337\" height=\"410\" srcset=\"https:\/\/i0.wp.com\/blogdoeloiltoncajuhy.com.br\/site\/wp-content\/uploads\/2019\/01\/JeaneBulcao_03.jpg?w=552&amp;ssl=1 552w, https:\/\/i0.wp.com\/blogdoeloiltoncajuhy.com.br\/site\/wp-content\/uploads\/2019\/01\/JeaneBulcao_03.jpg?resize=247%2C300&amp;ssl=1 247w, https:\/\/i0.wp.com\/blogdoeloiltoncajuhy.com.br\/site\/wp-content\/uploads\/2019\/01\/JeaneBulcao_03.jpg?resize=206%2C250&amp;ssl=1 206w\" sizes=\"(max-width: 337px) 100vw, 337px\" \/><figcaption><em>Foto: Redes sociais<\/em><\/figcaption><\/figure><\/div>\n\n\n\n<div class=\"wp-block-image\"><figure class=\"aligncenter is-resized\"><img data-recalc-dims=\"1\" decoding=\"async\" src=\"https:\/\/i0.wp.com\/blogdoeloiltoncajuhy.com.br\/site\/wp-content\/uploads\/2019\/01\/JeaneBulcao_02.png?resize=480%2C384\" alt=\"\" class=\"wp-image-30832\" width=\"480\" height=\"384\" srcset=\"https:\/\/i0.wp.com\/blogdoeloiltoncajuhy.com.br\/site\/wp-content\/uploads\/2019\/01\/JeaneBulcao_02.png?w=960&amp;ssl=1 960w, https:\/\/i0.wp.com\/blogdoeloiltoncajuhy.com.br\/site\/wp-content\/uploads\/2019\/01\/JeaneBulcao_02.png?resize=300%2C240&amp;ssl=1 300w, https:\/\/i0.wp.com\/blogdoeloiltoncajuhy.com.br\/site\/wp-content\/uploads\/2019\/01\/JeaneBulcao_02.png?resize=768%2C614&amp;ssl=1 768w, https:\/\/i0.wp.com\/blogdoeloiltoncajuhy.com.br\/site\/wp-content\/uploads\/2019\/01\/JeaneBulcao_02.png?resize=250%2C200&amp;ssl=1 250w\" sizes=\"(max-width: 480px) 100vw, 480px\" \/><figcaption><em>Homenagem da P\u00e1gina Minha Cidade<\/em><\/figcaption><\/figure><\/div>\n\n\n\n<p><strong><em>BLOG DO ELOILTON CAJUHY<\/em><\/strong><\/p>\n","protected":false},"excerpt":{"rendered":"<p>Faleceu por volta das 23h desta quarta-feira (16), a bonfinense Jeane Bulc\u00e3o, de 39 anos de idade. Ela estava internada no Hospital Portugu\u00eas, em Salvador, lutando contra um c\u00e2ncer h\u00e1 mais de um ano. Jeane era funcion\u00e1ria da Vale Rede Ferrovi\u00e1ria (VL!), lutava Karat\u00ea e era filiada \u00e0 Associa\u00e7\u00e3o Cultural dos Espadeiros Bonfinenses (ACESB). Moradora [&hellip;]<\/p>\n","protected":false},"author":2,"featured_media":30833,"comment_status":"open","ping_status":"open","sticky":false,"template":"","format":"standard","meta":{"_acf_changed":false,"_monsterinsights_skip_tracking":false,"_monsterinsights_sitenote_active":false,"_monsterinsights_sitenote_note":"","_monsterinsights_sitenote_category":0,"_jetpack_memberships_contains_paid_content":false,"footnotes":"","jetpack_publicize_message":"","jetpack_publicize_feature_enabled":true,"jetpack_social_post_already_shared":true,"jetpack_social_options":{"image_generator_settings":{"template":"highway","default_image_id":0,"font":"","enabled":false},"version":2}},"categories":[1,4],"tags":[],"class_list":["post-30830","post","type-post","status-publish","format-standard","has-post-thumbnail","hentry","category-noticias","category-local"],"acf":[],"jetpack_publicize_connections":[],"jetpack_featured_media_url":"https:\/\/i0.wp.com\/blogdoeloiltoncajuhy.com.br\/site\/wp-content\/uploads\/2019\/01\/JeaneBulcao_03.jpg?fit=552%2C671&ssl=1","jetpack_sharing_enabled":true,"publishpress_future_workflow_manual_trigger":{"enabledWorkflows":[]},"_links":{"self":[{"href":"https:\/\/blogdoeloiltoncajuhy.com.br\/site\/wp-json\/wp\/v2\/posts\/30830","targetHints":{"allow":["GET"]}}],"collection":[{"href":"https:\/\/blogdoeloiltoncajuhy.com.br\/site\/wp-json\/wp\/v2\/posts"}],"about":[{"href":"https:\/\/blogdoeloiltoncajuhy.com.br\/site\/wp-json\/wp\/v2\/types\/post"}],"author":[{"embeddable":true,"href":"https:\/\/blogdoeloiltoncajuhy.com.br\/site\/wp-json\/wp\/v2\/users\/2"}],"replies":[{"embeddable":true,"href":"https:\/\/blogdoeloiltoncajuhy.com.br\/site\/wp-json\/wp\/v2\/comments?post=30830"}],"version-history":[{"count":2,"href":"https:\/\/blogdoeloiltoncajuhy.com.br\/site\/wp-json\/wp\/v2\/posts\/30830\/revisions"}],"predecessor-version":[{"id":30836,"href":"https:\/\/blogdoeloiltoncajuhy.com.br\/site\/wp-json\/wp\/v2\/posts\/30830\/revisions\/30836"}],"wp:featuredmedia":[{"embeddable":true,"href":"https:\/\/blogdoeloiltoncajuhy.com.br\/site\/wp-json\/wp\/v2\/media\/30833"}],"wp:attachment":[{"href":"https:\/\/blogdoeloiltoncajuhy.com.br\/site\/wp-json\/wp\/v2\/media?parent=30830"}],"wp:term":[{"taxonomy":"category","embeddable":true,"href":"https:\/\/blogdoeloiltoncajuhy.com.br\/site\/wp-json\/wp\/v2\/categories?post=30830"},{"taxonomy":"post_tag","embeddable":true,"href":"https:\/\/blogdoeloiltoncajuhy.com.br\/site\/wp-json\/wp\/v2\/tags?post=30830"}],"curies":[{"name":"wp","href":"https:\/\/api.w.org\/{rel}","templated":true}]}}