{"id":30827,"date":"2019-01-17T10:04:06","date_gmt":"2019-01-17T13:04:06","guid":{"rendered":"http:\/\/blogdoeloiltoncajuhy.com.br\/site\/?p=30827"},"modified":"2019-01-17T10:04:12","modified_gmt":"2019-01-17T13:04:12","slug":"mineiros-esmagados-por-rocha-em-pindobacu-foram-achados-apos-familiares-estranharem-sumico","status":"publish","type":"post","link":"https:\/\/blogdoeloiltoncajuhy.com.br\/site\/mineiros-esmagados-por-rocha-em-pindobacu-foram-achados-apos-familiares-estranharem-sumico\/","title":{"rendered":"Mineiros esmagados por rocha em Pindoba\u00e7u foram achados ap\u00f3s familiares estranharem sumi\u00e7o"},"content":{"rendered":"\n<h5 class=\"wp-block-heading\" style=\"text-align:center\"><em>Acidente aconteceu na ter\u00e7a-feira (15), mas homens s\u00f3 foram resgatados durante a madrugada desta quarta-feira (16)<\/em><\/h5>\n\n\n\n<div class=\"wp-block-image\"><figure class=\"aligncenter\"><img data-recalc-dims=\"1\" fetchpriority=\"high\" decoding=\"async\" width=\"800\" height=\"492\" src=\"https:\/\/i0.wp.com\/blogdoeloiltoncajuhy.com.br\/site\/wp-content\/uploads\/2019\/01\/mina-pinboba%C3%A7u.jpeg?resize=800%2C492\" alt=\"\" class=\"wp-image-30828\" srcset=\"https:\/\/i0.wp.com\/blogdoeloiltoncajuhy.com.br\/site\/wp-content\/uploads\/2019\/01\/mina-pinboba%C3%A7u.jpeg?w=984&amp;ssl=1 984w, https:\/\/i0.wp.com\/blogdoeloiltoncajuhy.com.br\/site\/wp-content\/uploads\/2019\/01\/mina-pinboba%C3%A7u.jpeg?resize=300%2C184&amp;ssl=1 300w, https:\/\/i0.wp.com\/blogdoeloiltoncajuhy.com.br\/site\/wp-content\/uploads\/2019\/01\/mina-pinboba%C3%A7u.jpeg?resize=768%2C472&amp;ssl=1 768w, https:\/\/i0.wp.com\/blogdoeloiltoncajuhy.com.br\/site\/wp-content\/uploads\/2019\/01\/mina-pinboba%C3%A7u.jpeg?resize=250%2C154&amp;ssl=1 250w\" sizes=\"(max-width: 800px) 100vw, 800px\" \/><figcaption>Acidente aconteceu em mina no munic\u00edpio de Pindoba\u00e7u \u2014 Foto: Jo\u00e3o Barbosa\/TV S\u00e3o Francisco<\/figcaption><\/figure><\/div>\n\n\n\n<p>Os dois homens que morreram em um acidente dentro de uma mina, no distrito de Carna\u00edba, no munic\u00edpio de Pindoba\u00e7u, s\u00f3 foram encontrados depois que familiares perceberam a aus\u00eancia deles em casa. O resgate ocorreu na madrugada desta quarta-feira (16).<\/p>\n\n\n\n<p>Segundo a Cooperativa Mineral da Bahia, respons\u00e1vel pelo trabalho no local, o acidente aconteceu na ter\u00e7a-feira (15). Os familiares de <strong>Jo\u00e3o Bosco Ribeiro<\/strong>, 47 anos, e <strong>Manoel de Jesus Santos<\/strong>, 56 anos, desconfiaram da demora dos homens e procuraram a empresa.<\/p>\n\n\n\n<p>As v\u00edtimas atuavam na explora\u00e7\u00e3o de esmeraldas. No entanto, conforme o diretor administrativo da entidade, Aurino Souza, quando o acidente ocorreu, os dois homens estavam em uma \u00e1rea j\u00e1 desativada da mina.<\/p>\n\n\n\n<p>Ainda de acordo com Souza, os homens estavam em uma cavidade de cerca de 100 metros de profundidade, quando uma rocha grande se soltou e caiu sobre eles. O Servi\u00e7o de Atendimento M\u00f3vel de Urg\u00eancia (Samu) chegou a ser acionado e enviou uma equipe at\u00e9 a mina, mas os dois trabalhadores n\u00e3o resistiram e morreram no local.<\/p>\n\n\n\n<p>Por meio de nota, a Ag\u00eancia Nacional de Minera\u00e7\u00e3o (ANM) informou que solicitou relat\u00f3rio da Cooperativa Mineral da Bahia sobre o acidente e abrir\u00e1 procedimento administrativo para apurar o caso.<\/p>\n\n\n\n<p>Os corpos foram levados para o Departamento de Pol\u00edcia T\u00e9cnica (DPT) de Senhor do Bonfim. Equipes do \u00f3rg\u00e3o estiveram no local, nesta quarta-feira, para realiza\u00e7\u00e3o da per\u00edcia. O caso ser\u00e1 investigado pela Pol\u00edcia Civil.<\/p>\n\n\n\n<div class=\"wp-block-image\"><figure class=\"aligncenter is-resized\"><img data-recalc-dims=\"1\" decoding=\"async\" src=\"https:\/\/i0.wp.com\/blogdoeloiltoncajuhy.com.br\/site\/wp-content\/uploads\/2019\/01\/homens-soterrados-serra-carnaiba.jpg?resize=410%2C410\" alt=\"\" class=\"wp-image-30812\" width=\"410\" height=\"410\" srcset=\"https:\/\/i0.wp.com\/blogdoeloiltoncajuhy.com.br\/site\/wp-content\/uploads\/2019\/01\/homens-soterrados-serra-carnaiba.jpg?resize=1024%2C1024&amp;ssl=1 1024w, https:\/\/i0.wp.com\/blogdoeloiltoncajuhy.com.br\/site\/wp-content\/uploads\/2019\/01\/homens-soterrados-serra-carnaiba.jpg?resize=150%2C150&amp;ssl=1 150w, https:\/\/i0.wp.com\/blogdoeloiltoncajuhy.com.br\/site\/wp-content\/uploads\/2019\/01\/homens-soterrados-serra-carnaiba.jpg?resize=300%2C300&amp;ssl=1 300w, https:\/\/i0.wp.com\/blogdoeloiltoncajuhy.com.br\/site\/wp-content\/uploads\/2019\/01\/homens-soterrados-serra-carnaiba.jpg?resize=768%2C768&amp;ssl=1 768w, https:\/\/i0.wp.com\/blogdoeloiltoncajuhy.com.br\/site\/wp-content\/uploads\/2019\/01\/homens-soterrados-serra-carnaiba.jpg?resize=250%2C250&amp;ssl=1 250w, https:\/\/i0.wp.com\/blogdoeloiltoncajuhy.com.br\/site\/wp-content\/uploads\/2019\/01\/homens-soterrados-serra-carnaiba.jpg?resize=48%2C48&amp;ssl=1 48w, https:\/\/i0.wp.com\/blogdoeloiltoncajuhy.com.br\/site\/wp-content\/uploads\/2019\/01\/homens-soterrados-serra-carnaiba.jpg?w=1280&amp;ssl=1 1280w\" sizes=\"(max-width: 410px) 100vw, 410px\" \/><\/figure><\/div>\n\n\n\n<p><strong><em>Por G1 BA<\/em><\/strong><\/p>\n","protected":false},"excerpt":{"rendered":"<p>Acidente aconteceu na ter\u00e7a-feira (15), mas homens s\u00f3 foram resgatados durante a madrugada desta quarta-feira (16) Os dois homens que morreram em um acidente dentro de uma mina, no distrito de Carna\u00edba, no munic\u00edpio de Pindoba\u00e7u, s\u00f3 foram encontrados depois que familiares perceberam a aus\u00eancia deles em casa. O resgate ocorreu na madrugada desta quarta-feira [&hellip;]<\/p>\n","protected":false},"author":2,"featured_media":30828,"comment_status":"open","ping_status":"open","sticky":false,"template":"","format":"standard","meta":{"_acf_changed":false,"_monsterinsights_skip_tracking":false,"_monsterinsights_sitenote_active":false,"_monsterinsights_sitenote_note":"","_monsterinsights_sitenote_category":0,"_jetpack_memberships_contains_paid_content":false,"footnotes":"","jetpack_publicize_message":"","jetpack_publicize_feature_enabled":true,"jetpack_social_post_already_shared":true,"jetpack_social_options":{"image_generator_settings":{"template":"highway","default_image_id":0,"font":"","enabled":false},"version":2}},"categories":[5,1,11],"tags":[],"class_list":["post-30827","post","type-post","status-publish","format-standard","has-post-thumbnail","hentry","category-cotidiano","category-noticias","category-regional"],"acf":[],"jetpack_publicize_connections":[],"jetpack_featured_media_url":"https:\/\/i0.wp.com\/blogdoeloiltoncajuhy.com.br\/site\/wp-content\/uploads\/2019\/01\/mina-pinboba%C3%A7u.jpeg?fit=984%2C605&ssl=1","jetpack_sharing_enabled":true,"publishpress_future_workflow_manual_trigger":{"enabledWorkflows":[]},"_links":{"self":[{"href":"https:\/\/blogdoeloiltoncajuhy.com.br\/site\/wp-json\/wp\/v2\/posts\/30827","targetHints":{"allow":["GET"]}}],"collection":[{"href":"https:\/\/blogdoeloiltoncajuhy.com.br\/site\/wp-json\/wp\/v2\/posts"}],"about":[{"href":"https:\/\/blogdoeloiltoncajuhy.com.br\/site\/wp-json\/wp\/v2\/types\/post"}],"author":[{"embeddable":true,"href":"https:\/\/blogdoeloiltoncajuhy.com.br\/site\/wp-json\/wp\/v2\/users\/2"}],"replies":[{"embeddable":true,"href":"https:\/\/blogdoeloiltoncajuhy.com.br\/site\/wp-json\/wp\/v2\/comments?post=30827"}],"version-history":[{"count":1,"href":"https:\/\/blogdoeloiltoncajuhy.com.br\/site\/wp-json\/wp\/v2\/posts\/30827\/revisions"}],"predecessor-version":[{"id":30829,"href":"https:\/\/blogdoeloiltoncajuhy.com.br\/site\/wp-json\/wp\/v2\/posts\/30827\/revisions\/30829"}],"wp:featuredmedia":[{"embeddable":true,"href":"https:\/\/blogdoeloiltoncajuhy.com.br\/site\/wp-json\/wp\/v2\/media\/30828"}],"wp:attachment":[{"href":"https:\/\/blogdoeloiltoncajuhy.com.br\/site\/wp-json\/wp\/v2\/media?parent=30827"}],"wp:term":[{"taxonomy":"category","embeddable":true,"href":"https:\/\/blogdoeloiltoncajuhy.com.br\/site\/wp-json\/wp\/v2\/categories?post=30827"},{"taxonomy":"post_tag","embeddable":true,"href":"https:\/\/blogdoeloiltoncajuhy.com.br\/site\/wp-json\/wp\/v2\/tags?post=30827"}],"curies":[{"name":"wp","href":"https:\/\/api.w.org\/{rel}","templated":true}]}}