{"id":30825,"date":"2019-01-16T16:41:31","date_gmt":"2019-01-16T19:41:31","guid":{"rendered":"http:\/\/blogdoeloiltoncajuhy.com.br\/site\/?p=30825"},"modified":"2019-01-16T16:41:37","modified_gmt":"2019-01-16T19:41:37","slug":"senhor-do-bonfim-celebra-seu-padroeiro-nesta-quinta-feira-17","status":"publish","type":"post","link":"https:\/\/blogdoeloiltoncajuhy.com.br\/site\/senhor-do-bonfim-celebra-seu-padroeiro-nesta-quinta-feira-17\/","title":{"rendered":"Senhor do Bonfim celebra seu padroeiro nesta quinta-feira (17)"},"content":{"rendered":"\n<div class=\"wp-block-image\"><figure class=\"aligncenter is-resized\"><img data-recalc-dims=\"1\" fetchpriority=\"high\" decoding=\"async\" src=\"https:\/\/i0.wp.com\/blogdoeloiltoncajuhy.com.br\/site\/wp-content\/uploads\/2019\/01\/FestaSenhorBonfim2019_01.jpg?resize=320%2C450\" alt=\"\" class=\"wp-image-30442\" width=\"320\" height=\"450\" srcset=\"https:\/\/i0.wp.com\/blogdoeloiltoncajuhy.com.br\/site\/wp-content\/uploads\/2019\/01\/FestaSenhorBonfim2019_01.jpg?w=426&amp;ssl=1 426w, https:\/\/i0.wp.com\/blogdoeloiltoncajuhy.com.br\/site\/wp-content\/uploads\/2019\/01\/FestaSenhorBonfim2019_01.jpg?resize=213%2C300&amp;ssl=1 213w, https:\/\/i0.wp.com\/blogdoeloiltoncajuhy.com.br\/site\/wp-content\/uploads\/2019\/01\/FestaSenhorBonfim2019_01.jpg?resize=178%2C250&amp;ssl=1 178w\" sizes=\"(max-width: 320px) 100vw, 320px\" \/><\/figure><\/div>\n\n\n\n<p>Com o tema, <strong>&#8220;Senhor do Bonfim, Fonte de Todas as Virtudes&#8221;<\/strong>, nossa cidade estar\u00e1 celebrando seu padroeiro nesta quinta-feira, 17. A data \u00e9 comemorada com feriado municipal e uma extensa programa\u00e7\u00e3o elaborada pela Igreja Cat\u00f3lica de Senhor do Bonfim.<\/p>\n\n\n\n<p><strong>Confira a programa\u00e7\u00e3o:<\/strong><\/p>\n\n\n\n<ul class=\"wp-block-list\"><li>06h &#8211; ALVORADA FESTIVA, COM REPIQUE DOS SINOS, QUEIMA DE FOGOS E HINO AO SENHOR DO BONFIM;<\/li><\/ul>\n\n\n\n<ul class=\"wp-block-list\"><li>08h &#8211; CELEBRA\u00c7\u00c3O DO BATISMO;<br><\/li><\/ul>\n\n\n\n<ul class=\"wp-block-list\"><li>10h &#8211; MISSA SOLENE PRESIDIDA POR DOM AJILTON OLIVEIRA LINO &#8211; BISPO DIOCESANO DE TEIXEIRA DE FREITAS;<br><\/li><\/ul>\n\n\n\n<ul class=\"wp-block-list\"><li>12h &#8211; REPIQUE FESTIVO DOS SINOS E QUEIMA DE FOGOS;<br><\/li><\/ul>\n\n\n\n<ul class=\"wp-block-list\"><li>16h30 &#8211; CELEBRA\u00c7\u00c3O EUCAR\u00cdSTICA, EM FRENTE \u00c0 CATEDRAL, PRESIDIDA PELO PADRE JARBAS GON\u00c7ALVES DOS SANTOS &#8211; ADMINISTRADOR DIOCESANO E P\u00c1ROCO DA CATEDRAL.<br><\/li><\/ul>\n\n\n\n<p>Haver\u00e1, ainda, a b\u00ean\u00e7\u00e3o do Sant\u00edssimo Sacramento. Logo ap\u00f3s, sorteio de 38 pr\u00eamios da Campanha Show de Pr\u00eamios. Colabore e ajude na reforma na Catedral.<\/p>\n\n\n\n<p><strong><em>BLOG DO ELOILTON CAJUHY<\/em><\/strong><\/p>\n","protected":false},"excerpt":{"rendered":"<p>Com o tema, &#8220;Senhor do Bonfim, Fonte de Todas as Virtudes&#8221;, nossa cidade estar\u00e1 celebrando seu padroeiro nesta quinta-feira, 17. A data \u00e9 comemorada com feriado municipal e uma extensa programa\u00e7\u00e3o elaborada pela Igreja Cat\u00f3lica de Senhor do Bonfim. Confira a programa\u00e7\u00e3o: 06h &#8211; ALVORADA FESTIVA, COM REPIQUE DOS SINOS, QUEIMA DE FOGOS E HINO [&hellip;]<\/p>\n","protected":false},"author":2,"featured_media":0,"comment_status":"open","ping_status":"open","sticky":false,"template":"","format":"standard","meta":{"_acf_changed":false,"_monsterinsights_skip_tracking":false,"_monsterinsights_sitenote_active":false,"_monsterinsights_sitenote_note":"","_monsterinsights_sitenote_category":0,"_jetpack_memberships_contains_paid_content":false,"footnotes":"","jetpack_publicize_message":"","jetpack_publicize_feature_enabled":true,"jetpack_social_post_already_shared":true,"jetpack_social_options":{"image_generator_settings":{"template":"highway","default_image_id":0,"font":"","enabled":false},"version":2}},"categories":[1,4],"tags":[],"class_list":["post-30825","post","type-post","status-publish","format-standard","hentry","category-noticias","category-local"],"acf":[],"jetpack_publicize_connections":[],"jetpack_featured_media_url":"","jetpack_sharing_enabled":true,"publishpress_future_workflow_manual_trigger":{"enabledWorkflows":[]},"_links":{"self":[{"href":"https:\/\/blogdoeloiltoncajuhy.com.br\/site\/wp-json\/wp\/v2\/posts\/30825","targetHints":{"allow":["GET"]}}],"collection":[{"href":"https:\/\/blogdoeloiltoncajuhy.com.br\/site\/wp-json\/wp\/v2\/posts"}],"about":[{"href":"https:\/\/blogdoeloiltoncajuhy.com.br\/site\/wp-json\/wp\/v2\/types\/post"}],"author":[{"embeddable":true,"href":"https:\/\/blogdoeloiltoncajuhy.com.br\/site\/wp-json\/wp\/v2\/users\/2"}],"replies":[{"embeddable":true,"href":"https:\/\/blogdoeloiltoncajuhy.com.br\/site\/wp-json\/wp\/v2\/comments?post=30825"}],"version-history":[{"count":1,"href":"https:\/\/blogdoeloiltoncajuhy.com.br\/site\/wp-json\/wp\/v2\/posts\/30825\/revisions"}],"predecessor-version":[{"id":30826,"href":"https:\/\/blogdoeloiltoncajuhy.com.br\/site\/wp-json\/wp\/v2\/posts\/30825\/revisions\/30826"}],"wp:attachment":[{"href":"https:\/\/blogdoeloiltoncajuhy.com.br\/site\/wp-json\/wp\/v2\/media?parent=30825"}],"wp:term":[{"taxonomy":"category","embeddable":true,"href":"https:\/\/blogdoeloiltoncajuhy.com.br\/site\/wp-json\/wp\/v2\/categories?post=30825"},{"taxonomy":"post_tag","embeddable":true,"href":"https:\/\/blogdoeloiltoncajuhy.com.br\/site\/wp-json\/wp\/v2\/tags?post=30825"}],"curies":[{"name":"wp","href":"https:\/\/api.w.org\/{rel}","templated":true}]}}