{"id":30819,"date":"2019-01-16T15:52:39","date_gmt":"2019-01-16T18:52:39","guid":{"rendered":"http:\/\/blogdoeloiltoncajuhy.com.br\/site\/?p=30819"},"modified":"2019-01-16T15:52:45","modified_gmt":"2019-01-16T18:52:45","slug":"homem-natural-de-senhor-do-bonfim-sofre-avc-em-goias-e-procura-familia","status":"publish","type":"post","link":"https:\/\/blogdoeloiltoncajuhy.com.br\/site\/homem-natural-de-senhor-do-bonfim-sofre-avc-em-goias-e-procura-familia\/","title":{"rendered":"Homem natural de Senhor do Bonfim sofre AVC em Goi\u00e1s e procura fam\u00edlia"},"content":{"rendered":"\n<div class=\"wp-block-image\"><figure class=\"aligncenter is-resized\"><img data-recalc-dims=\"1\" fetchpriority=\"high\" decoding=\"async\" src=\"https:\/\/i0.wp.com\/blogdoeloiltoncajuhy.com.br\/site\/wp-content\/uploads\/2019\/01\/JoseBatista.jpeg?resize=288%2C512\" alt=\"\" class=\"wp-image-30820\" width=\"288\" height=\"512\" srcset=\"https:\/\/i0.wp.com\/blogdoeloiltoncajuhy.com.br\/site\/wp-content\/uploads\/2019\/01\/JoseBatista.jpeg?resize=576%2C1024&amp;ssl=1 576w, https:\/\/i0.wp.com\/blogdoeloiltoncajuhy.com.br\/site\/wp-content\/uploads\/2019\/01\/JoseBatista.jpeg?resize=169%2C300&amp;ssl=1 169w, https:\/\/i0.wp.com\/blogdoeloiltoncajuhy.com.br\/site\/wp-content\/uploads\/2019\/01\/JoseBatista.jpeg?resize=141%2C250&amp;ssl=1 141w, https:\/\/i0.wp.com\/blogdoeloiltoncajuhy.com.br\/site\/wp-content\/uploads\/2019\/01\/JoseBatista.jpeg?w=581&amp;ssl=1 581w\" sizes=\"(max-width: 288px) 100vw, 288px\" \/><figcaption><em>Jos\u00e9 Batista est\u00e1 em Abadia de Goi\u00e1s-GO, e sua fam\u00edlia \u00e9 procurada<\/em><\/figcaption><\/figure><\/div>\n\n\n\n<p>Um homem natural de Senhor do Bonfim est\u00e1 na cidade de Abadia de Goi\u00e1s, no Estado de Goi\u00e1s, e a fam\u00edlia dele \u00e9 procurada. Segundo relato de uma senhora que est\u00e1 cuidando dele, <strong>Jos\u00e9 Batista da Silva<\/strong>, morava em uma casa alugada e sofreu um Acidente Vascular Cerebral (AVC). Desde ent\u00e3o, a propriet\u00e1ria do im\u00f3vel cuida dele.<\/p>\n\n\n\n<p>Sem ter condi\u00e7\u00f5es de continuar cuidando de Jos\u00e9 Batista, ela apela para que a fam\u00edlia dele v\u00e1 busc\u00e1-lo. Como ele n\u00e3o est\u00e1 falando, e por n\u00e3o saber maiores detalhes sobre o homem, ela entrou em contato com a R\u00e1dio Cara\u00edba pedindo aux\u00edlio para localizar sua fam\u00edlia em Senhor do Bonfim.<\/p>\n\n\n\n<p>Na carteira de identidade de Jos\u00e9 Batista, consta que seus pais se chamam <strong>Severino Batista da Silva<\/strong> e <strong>Edite Maria da Silva<\/strong>. Qualquer informa\u00e7\u00e3o que possa ajudar na localiza\u00e7\u00e3o da fam\u00edlia de Jos\u00e9 Batista, deve ser passada para a R\u00e1dio Cara\u00edba, no fone (74) 3541 4618, no WhatsApp (74) 991116 0545, ou pelo n\u00famero (62) 99941-3272, tamb\u00e9m WhatsApp.<\/p>\n\n\n\n<p><strong><em>BLOG DO ELOILTON CAJUHY<\/em><\/strong><\/p>\n","protected":false},"excerpt":{"rendered":"<p>Um homem natural de Senhor do Bonfim est\u00e1 na cidade de Abadia de Goi\u00e1s, no Estado de Goi\u00e1s, e a fam\u00edlia dele \u00e9 procurada. Segundo relato de uma senhora que est\u00e1 cuidando dele, Jos\u00e9 Batista da Silva, morava em uma casa alugada e sofreu um Acidente Vascular Cerebral (AVC). Desde ent\u00e3o, a propriet\u00e1ria do im\u00f3vel [&hellip;]<\/p>\n","protected":false},"author":2,"featured_media":30820,"comment_status":"open","ping_status":"open","sticky":false,"template":"","format":"standard","meta":{"_acf_changed":false,"_monsterinsights_skip_tracking":false,"_monsterinsights_sitenote_active":false,"_monsterinsights_sitenote_note":"","_monsterinsights_sitenote_category":0,"_jetpack_memberships_contains_paid_content":false,"footnotes":"","jetpack_publicize_message":"","jetpack_publicize_feature_enabled":true,"jetpack_social_post_already_shared":true,"jetpack_social_options":{"image_generator_settings":{"template":"highway","default_image_id":0,"font":"","enabled":false},"version":2}},"categories":[5,1,4],"tags":[],"class_list":["post-30819","post","type-post","status-publish","format-standard","has-post-thumbnail","hentry","category-cotidiano","category-noticias","category-local"],"acf":[],"jetpack_publicize_connections":[],"jetpack_featured_media_url":"https:\/\/i0.wp.com\/blogdoeloiltoncajuhy.com.br\/site\/wp-content\/uploads\/2019\/01\/JoseBatista.jpeg?fit=581%2C1032&ssl=1","jetpack_sharing_enabled":true,"publishpress_future_workflow_manual_trigger":{"enabledWorkflows":[]},"_links":{"self":[{"href":"https:\/\/blogdoeloiltoncajuhy.com.br\/site\/wp-json\/wp\/v2\/posts\/30819","targetHints":{"allow":["GET"]}}],"collection":[{"href":"https:\/\/blogdoeloiltoncajuhy.com.br\/site\/wp-json\/wp\/v2\/posts"}],"about":[{"href":"https:\/\/blogdoeloiltoncajuhy.com.br\/site\/wp-json\/wp\/v2\/types\/post"}],"author":[{"embeddable":true,"href":"https:\/\/blogdoeloiltoncajuhy.com.br\/site\/wp-json\/wp\/v2\/users\/2"}],"replies":[{"embeddable":true,"href":"https:\/\/blogdoeloiltoncajuhy.com.br\/site\/wp-json\/wp\/v2\/comments?post=30819"}],"version-history":[{"count":1,"href":"https:\/\/blogdoeloiltoncajuhy.com.br\/site\/wp-json\/wp\/v2\/posts\/30819\/revisions"}],"predecessor-version":[{"id":30821,"href":"https:\/\/blogdoeloiltoncajuhy.com.br\/site\/wp-json\/wp\/v2\/posts\/30819\/revisions\/30821"}],"wp:featuredmedia":[{"embeddable":true,"href":"https:\/\/blogdoeloiltoncajuhy.com.br\/site\/wp-json\/wp\/v2\/media\/30820"}],"wp:attachment":[{"href":"https:\/\/blogdoeloiltoncajuhy.com.br\/site\/wp-json\/wp\/v2\/media?parent=30819"}],"wp:term":[{"taxonomy":"category","embeddable":true,"href":"https:\/\/blogdoeloiltoncajuhy.com.br\/site\/wp-json\/wp\/v2\/categories?post=30819"},{"taxonomy":"post_tag","embeddable":true,"href":"https:\/\/blogdoeloiltoncajuhy.com.br\/site\/wp-json\/wp\/v2\/tags?post=30819"}],"curies":[{"name":"wp","href":"https:\/\/api.w.org\/{rel}","templated":true}]}}