{"id":30816,"date":"2019-01-16T12:42:26","date_gmt":"2019-01-16T15:42:26","guid":{"rendered":"http:\/\/blogdoeloiltoncajuhy.com.br\/site\/?p=30816"},"modified":"2019-01-16T12:42:32","modified_gmt":"2019-01-16T15:42:32","slug":"esportes-martelo-batido-juazeirense-encara-o-vasco-no-adauto-moraes-pela-copa-do-brasil","status":"publish","type":"post","link":"https:\/\/blogdoeloiltoncajuhy.com.br\/site\/esportes-martelo-batido-juazeirense-encara-o-vasco-no-adauto-moraes-pela-copa-do-brasil\/","title":{"rendered":"ESPORTES: Martelo batido! Juazeirense encara o Vasco no Adauto Moraes pela Copa do Brasil"},"content":{"rendered":"\n<div class=\"wp-block-image\"><figure class=\"aligncenter is-resized\"><img data-recalc-dims=\"1\" fetchpriority=\"high\" decoding=\"async\" src=\"https:\/\/i0.wp.com\/blogdoeloiltoncajuhy.com.br\/site\/wp-content\/uploads\/2019\/01\/estadio-adauto-moraes_jan2019.jpg?resize=487%2C359\" alt=\"\" class=\"wp-image-30817\" width=\"487\" height=\"359\" srcset=\"https:\/\/i0.wp.com\/blogdoeloiltoncajuhy.com.br\/site\/wp-content\/uploads\/2019\/01\/estadio-adauto-moraes_jan2019.jpg?w=380&amp;ssl=1 380w, https:\/\/i0.wp.com\/blogdoeloiltoncajuhy.com.br\/site\/wp-content\/uploads\/2019\/01\/estadio-adauto-moraes_jan2019.jpg?resize=300%2C221&amp;ssl=1 300w, https:\/\/i0.wp.com\/blogdoeloiltoncajuhy.com.br\/site\/wp-content\/uploads\/2019\/01\/estadio-adauto-moraes_jan2019.jpg?resize=250%2C184&amp;ssl=1 250w\" sizes=\"(max-width: 487px) 100vw, 487px\" \/><figcaption><em>Foto: Glauber Guerra \/ Bahia Not\u00edcias<\/em><\/figcaption><\/figure><\/div>\n\n\n\n<p>Fim da novela. Ap\u00f3s muita discuss\u00e3o e rumores, o jogo entre Juazeirense e Vasco, pela Copa do Brasil, ser\u00e1 no Est\u00e1dio Adauto Moraes, em Juazeiro. A decis\u00e3o foi revelada na manh\u00e3 desta quarta-feira (16) pelo deputado estadual Roberto Carlos (PDT), presidente da agremia\u00e7\u00e3o.<\/p>\n\n\n\n<p>A partida entre Juazeirense e Vasco, pela primeira fase do torneio nacional, est\u00e1 marcada para o dia 6 de fevereiro, uma quarta-feira, \u00e0s 21h30. O clube baiano recebeu propostas para vender o mando de campo e, dentre as op\u00e7\u00f5es, o jogo seria realizado em Bras\u00edlia ou Cuiab\u00e1. Segundo o presidente, o valor de uma das ofertas foi de R$ 400 mil.<\/p>\n\n\n\n<p>A agenda de 2019 da Juazeirense tem, al\u00e9m da Copa do Brasil, a disputa do Campeonato Baiano, S\u00e9rie D do Brasileiro e a seletiva da Copa do Nordeste de 2020. A estreia na nova temporada ser\u00e1 pela competi\u00e7\u00e3o estadual, no pr\u00f3ximo domingo (20), contra o Atl\u00e9tico de Alagoinhas, tamb\u00e9m no Adauto Moraes.<\/p>\n\n\n\n<p><strong><em>Bahia Not\u00edcias<\/em><\/strong><\/p>\n","protected":false},"excerpt":{"rendered":"<p>Fim da novela. Ap\u00f3s muita discuss\u00e3o e rumores, o jogo entre Juazeirense e Vasco, pela Copa do Brasil, ser\u00e1 no Est\u00e1dio Adauto Moraes, em Juazeiro. A decis\u00e3o foi revelada na manh\u00e3 desta quarta-feira (16) pelo deputado estadual Roberto Carlos (PDT), presidente da agremia\u00e7\u00e3o. A partida entre Juazeirense e Vasco, pela primeira fase do torneio nacional, [&hellip;]<\/p>\n","protected":false},"author":2,"featured_media":30817,"comment_status":"open","ping_status":"open","sticky":false,"template":"","format":"standard","meta":{"_acf_changed":false,"_monsterinsights_skip_tracking":false,"_monsterinsights_sitenote_active":false,"_monsterinsights_sitenote_note":"","_monsterinsights_sitenote_category":0,"_jetpack_memberships_contains_paid_content":false,"footnotes":"","jetpack_publicize_message":"","jetpack_publicize_feature_enabled":true,"jetpack_social_post_already_shared":true,"jetpack_social_options":{"image_generator_settings":{"template":"highway","default_image_id":0,"font":"","enabled":false},"version":2}},"categories":[6,1],"tags":[],"class_list":["post-30816","post","type-post","status-publish","format-standard","has-post-thumbnail","hentry","category-esportes","category-noticias"],"acf":[],"jetpack_publicize_connections":[],"jetpack_featured_media_url":"https:\/\/i0.wp.com\/blogdoeloiltoncajuhy.com.br\/site\/wp-content\/uploads\/2019\/01\/estadio-adauto-moraes_jan2019.jpg?fit=380%2C280&ssl=1","jetpack_sharing_enabled":true,"publishpress_future_workflow_manual_trigger":{"enabledWorkflows":[]},"_links":{"self":[{"href":"https:\/\/blogdoeloiltoncajuhy.com.br\/site\/wp-json\/wp\/v2\/posts\/30816","targetHints":{"allow":["GET"]}}],"collection":[{"href":"https:\/\/blogdoeloiltoncajuhy.com.br\/site\/wp-json\/wp\/v2\/posts"}],"about":[{"href":"https:\/\/blogdoeloiltoncajuhy.com.br\/site\/wp-json\/wp\/v2\/types\/post"}],"author":[{"embeddable":true,"href":"https:\/\/blogdoeloiltoncajuhy.com.br\/site\/wp-json\/wp\/v2\/users\/2"}],"replies":[{"embeddable":true,"href":"https:\/\/blogdoeloiltoncajuhy.com.br\/site\/wp-json\/wp\/v2\/comments?post=30816"}],"version-history":[{"count":1,"href":"https:\/\/blogdoeloiltoncajuhy.com.br\/site\/wp-json\/wp\/v2\/posts\/30816\/revisions"}],"predecessor-version":[{"id":30818,"href":"https:\/\/blogdoeloiltoncajuhy.com.br\/site\/wp-json\/wp\/v2\/posts\/30816\/revisions\/30818"}],"wp:featuredmedia":[{"embeddable":true,"href":"https:\/\/blogdoeloiltoncajuhy.com.br\/site\/wp-json\/wp\/v2\/media\/30817"}],"wp:attachment":[{"href":"https:\/\/blogdoeloiltoncajuhy.com.br\/site\/wp-json\/wp\/v2\/media?parent=30816"}],"wp:term":[{"taxonomy":"category","embeddable":true,"href":"https:\/\/blogdoeloiltoncajuhy.com.br\/site\/wp-json\/wp\/v2\/categories?post=30816"},{"taxonomy":"post_tag","embeddable":true,"href":"https:\/\/blogdoeloiltoncajuhy.com.br\/site\/wp-json\/wp\/v2\/tags?post=30816"}],"curies":[{"name":"wp","href":"https:\/\/api.w.org\/{rel}","templated":true}]}}