{"id":30811,"date":"2019-01-16T09:56:47","date_gmt":"2019-01-16T12:56:47","guid":{"rendered":"http:\/\/blogdoeloiltoncajuhy.com.br\/site\/?p=30811"},"modified":"2019-01-16T09:56:54","modified_gmt":"2019-01-16T12:56:54","slug":"pindobacu-identificadas-vitimas-de-desmoronamento-na-serra-da-carnaiba","status":"publish","type":"post","link":"https:\/\/blogdoeloiltoncajuhy.com.br\/site\/pindobacu-identificadas-vitimas-de-desmoronamento-na-serra-da-carnaiba\/","title":{"rendered":"Pindoba\u00e7u: Identificadas v\u00edtimas de desmoronamento na Serra da Carna\u00edba"},"content":{"rendered":"\n<div class=\"wp-block-image\"><figure class=\"aligncenter is-resized\"><img data-recalc-dims=\"1\" fetchpriority=\"high\" decoding=\"async\" src=\"https:\/\/i0.wp.com\/blogdoeloiltoncajuhy.com.br\/site\/wp-content\/uploads\/2019\/01\/homens-soterrados-serra-carnaiba.jpg?resize=512%2C512\" alt=\"\" class=\"wp-image-30812\" width=\"512\" height=\"512\" srcset=\"https:\/\/i0.wp.com\/blogdoeloiltoncajuhy.com.br\/site\/wp-content\/uploads\/2019\/01\/homens-soterrados-serra-carnaiba.jpg?resize=1024%2C1024&amp;ssl=1 1024w, https:\/\/i0.wp.com\/blogdoeloiltoncajuhy.com.br\/site\/wp-content\/uploads\/2019\/01\/homens-soterrados-serra-carnaiba.jpg?resize=150%2C150&amp;ssl=1 150w, https:\/\/i0.wp.com\/blogdoeloiltoncajuhy.com.br\/site\/wp-content\/uploads\/2019\/01\/homens-soterrados-serra-carnaiba.jpg?resize=300%2C300&amp;ssl=1 300w, https:\/\/i0.wp.com\/blogdoeloiltoncajuhy.com.br\/site\/wp-content\/uploads\/2019\/01\/homens-soterrados-serra-carnaiba.jpg?resize=768%2C768&amp;ssl=1 768w, https:\/\/i0.wp.com\/blogdoeloiltoncajuhy.com.br\/site\/wp-content\/uploads\/2019\/01\/homens-soterrados-serra-carnaiba.jpg?resize=250%2C250&amp;ssl=1 250w, https:\/\/i0.wp.com\/blogdoeloiltoncajuhy.com.br\/site\/wp-content\/uploads\/2019\/01\/homens-soterrados-serra-carnaiba.jpg?resize=48%2C48&amp;ssl=1 48w, https:\/\/i0.wp.com\/blogdoeloiltoncajuhy.com.br\/site\/wp-content\/uploads\/2019\/01\/homens-soterrados-serra-carnaiba.jpg?w=1280&amp;ssl=1 1280w\" sizes=\"(max-width: 512px) 100vw, 512px\" \/><\/figure><\/div>\n\n\n\n<p>Foram identificadas como <strong>Manoel<\/strong> e <strong>Jo\u00e3o Bosco Ribeiro de Souza<\/strong>, as v\u00edtimas do desmoronamento ocorrido na noite desta ter\u00e7a-feira (15), em uma mina de esmeraldas na localidade de Trecho Velho, na Serra da Carna\u00edba, em Pindoba\u00e7u.<\/p>\n\n\n\n<p>Segundo informa\u00e7\u00f5es do <strong>BLOG DO NETTO MARAVILHA<\/strong>, os corpos foram retirados do local e aguardam levantamento cadav\u00e9rico pela Pol\u00edcia T\u00e9cnica de Senhor do Bonfim. A trag\u00e9dia deixou consternado o munic\u00edpio de Pindoba\u00e7u.<\/p>\n\n\n\n<p><strong><em>BLOG DO ELOILTON CAJUHY<\/em><\/strong><\/p>\n","protected":false},"excerpt":{"rendered":"<p>Foram identificadas como Manoel e Jo\u00e3o Bosco Ribeiro de Souza, as v\u00edtimas do desmoronamento ocorrido na noite desta ter\u00e7a-feira (15), em uma mina de esmeraldas na localidade de Trecho Velho, na Serra da Carna\u00edba, em Pindoba\u00e7u. Segundo informa\u00e7\u00f5es do BLOG DO NETTO MARAVILHA, os corpos foram retirados do local e aguardam levantamento cadav\u00e9rico pela Pol\u00edcia [&hellip;]<\/p>\n","protected":false},"author":2,"featured_media":30812,"comment_status":"open","ping_status":"open","sticky":false,"template":"","format":"standard","meta":{"_acf_changed":false,"_monsterinsights_skip_tracking":false,"_monsterinsights_sitenote_active":false,"_monsterinsights_sitenote_note":"","_monsterinsights_sitenote_category":0,"_jetpack_memberships_contains_paid_content":false,"footnotes":"","jetpack_publicize_message":"","jetpack_publicize_feature_enabled":true,"jetpack_social_post_already_shared":true,"jetpack_social_options":{"image_generator_settings":{"template":"highway","default_image_id":0,"font":"","enabled":false},"version":2}},"categories":[5,1,11],"tags":[],"class_list":["post-30811","post","type-post","status-publish","format-standard","has-post-thumbnail","hentry","category-cotidiano","category-noticias","category-regional"],"acf":[],"jetpack_publicize_connections":[],"jetpack_featured_media_url":"https:\/\/i0.wp.com\/blogdoeloiltoncajuhy.com.br\/site\/wp-content\/uploads\/2019\/01\/homens-soterrados-serra-carnaiba.jpg?fit=1280%2C1280&ssl=1","jetpack_sharing_enabled":true,"publishpress_future_workflow_manual_trigger":{"enabledWorkflows":[]},"_links":{"self":[{"href":"https:\/\/blogdoeloiltoncajuhy.com.br\/site\/wp-json\/wp\/v2\/posts\/30811","targetHints":{"allow":["GET"]}}],"collection":[{"href":"https:\/\/blogdoeloiltoncajuhy.com.br\/site\/wp-json\/wp\/v2\/posts"}],"about":[{"href":"https:\/\/blogdoeloiltoncajuhy.com.br\/site\/wp-json\/wp\/v2\/types\/post"}],"author":[{"embeddable":true,"href":"https:\/\/blogdoeloiltoncajuhy.com.br\/site\/wp-json\/wp\/v2\/users\/2"}],"replies":[{"embeddable":true,"href":"https:\/\/blogdoeloiltoncajuhy.com.br\/site\/wp-json\/wp\/v2\/comments?post=30811"}],"version-history":[{"count":1,"href":"https:\/\/blogdoeloiltoncajuhy.com.br\/site\/wp-json\/wp\/v2\/posts\/30811\/revisions"}],"predecessor-version":[{"id":30813,"href":"https:\/\/blogdoeloiltoncajuhy.com.br\/site\/wp-json\/wp\/v2\/posts\/30811\/revisions\/30813"}],"wp:featuredmedia":[{"embeddable":true,"href":"https:\/\/blogdoeloiltoncajuhy.com.br\/site\/wp-json\/wp\/v2\/media\/30812"}],"wp:attachment":[{"href":"https:\/\/blogdoeloiltoncajuhy.com.br\/site\/wp-json\/wp\/v2\/media?parent=30811"}],"wp:term":[{"taxonomy":"category","embeddable":true,"href":"https:\/\/blogdoeloiltoncajuhy.com.br\/site\/wp-json\/wp\/v2\/categories?post=30811"},{"taxonomy":"post_tag","embeddable":true,"href":"https:\/\/blogdoeloiltoncajuhy.com.br\/site\/wp-json\/wp\/v2\/tags?post=30811"}],"curies":[{"name":"wp","href":"https:\/\/api.w.org\/{rel}","templated":true}]}}