{"id":30808,"date":"2019-01-16T09:41:30","date_gmt":"2019-01-16T12:41:30","guid":{"rendered":"http:\/\/blogdoeloiltoncajuhy.com.br\/site\/?p=30808"},"modified":"2019-01-16T09:41:36","modified_gmt":"2019-01-16T12:41:36","slug":"6-cuidados-com-os-olhos-das-criancas-no-verao","status":"publish","type":"post","link":"https:\/\/blogdoeloiltoncajuhy.com.br\/site\/6-cuidados-com-os-olhos-das-criancas-no-verao\/","title":{"rendered":"6 cuidados com os olhos das crian\u00e7as no ver\u00e3o"},"content":{"rendered":"\n<div class=\"wp-block-image\"><figure class=\"aligncenter is-resized\"><img data-recalc-dims=\"1\" fetchpriority=\"high\" decoding=\"async\" src=\"https:\/\/i0.wp.com\/blogdoeloiltoncajuhy.com.br\/site\/wp-content\/uploads\/2019\/01\/olhos-criancas.jpg?resize=512%2C342\" alt=\"\" class=\"wp-image-30809\" width=\"512\" height=\"342\" srcset=\"https:\/\/i0.wp.com\/blogdoeloiltoncajuhy.com.br\/site\/wp-content\/uploads\/2019\/01\/olhos-criancas.jpg?resize=1024%2C684&amp;ssl=1 1024w, https:\/\/i0.wp.com\/blogdoeloiltoncajuhy.com.br\/site\/wp-content\/uploads\/2019\/01\/olhos-criancas.jpg?resize=300%2C200&amp;ssl=1 300w, https:\/\/i0.wp.com\/blogdoeloiltoncajuhy.com.br\/site\/wp-content\/uploads\/2019\/01\/olhos-criancas.jpg?resize=768%2C513&amp;ssl=1 768w, https:\/\/i0.wp.com\/blogdoeloiltoncajuhy.com.br\/site\/wp-content\/uploads\/2019\/01\/olhos-criancas.jpg?resize=250%2C167&amp;ssl=1 250w, https:\/\/i0.wp.com\/blogdoeloiltoncajuhy.com.br\/site\/wp-content\/uploads\/2019\/01\/olhos-criancas.jpg?w=1200&amp;ssl=1 1200w\" sizes=\"(max-width: 512px) 100vw, 512px\" \/><\/figure><\/div>\n\n\n\n<p>As f\u00e9rias escolares e o ver\u00e3o chegaram. \u00c9poca perfeita para curtir piscina, praia, cachoeiras, brincadeiras aqu\u00e1ticas ou ao ar livre. Entretanto, \u00e9 tamb\u00e9m um per\u00edodo em que os pais devem redobrar a aten\u00e7\u00e3o com a sa\u00fade das crian\u00e7as. Isso porque o ver\u00e3o propicia o desenvolvimento de algumas doen\u00e7as oculares e outras condi\u00e7\u00f5es que podem afetar os olhos.<\/p>\n\n\n\n<p>Segundo a <strong>oftalmopediatra Dr\u00aa Marcela Barreira<\/strong>, especialista em estrabismo e Chefe do Servi\u00e7o de Neuroftalmologia do Banco de Olhos de Sorocaba-SP, \u00e1guas contaminadas, cloro, protetores solares e o sol podem desencadear quadros de irrita\u00e7\u00e3o, conjuntivite al\u00e9rgica ou infeciosa.<\/p>\n\n\n\n<p>Com a ajuda da especialista, elaboramos uma lista com 6 cuidados que os pais devem adotar para proteger os olhos das crian\u00e7as durante o ver\u00e3o. <\/p>\n\n\n\n<p><strong>Confira:<\/strong><\/p>\n\n\n\n<p><strong>1.Protetor solar:<\/strong> Esses produtos cont\u00eam diversas subst\u00e2ncias que podem causar irrita\u00e7\u00e3o, especialmente na regi\u00e3o dos olhos. Como as crian\u00e7as ficam mais tempo dentro da \u00e1gua, o ideal \u00e9 usar produtos pr\u00f3prios para a regi\u00e3o da face, voltados para o p\u00fablico infantil. Jamais passe protetor nas p\u00e1lpebras superiores. Lembre-se de aplicar o produto 30 minutos antes da exposi\u00e7\u00e3o ao sol e reaplicar a cada duas horas.<br><\/p>\n\n\n\n<p><strong>2.\u00d3culos de sol:<\/strong> Os raios solares UVA e UVB ficam mais incidentes no ver\u00e3o. Por isso, o ideal \u00e9 investir em \u00f3culos com lentes protetoras para crian\u00e7as maiores, j\u00e1 que nos pequenos pode ser mais dif\u00edcil a aceita\u00e7\u00e3o. Al\u00e9m dos \u00f3culos, reforce a prote\u00e7\u00e3o com bon\u00e9s ou chap\u00e9us.<br><\/p>\n\n\n\n<p><strong>3.\u00d3culos de nata\u00e7\u00e3o:<\/strong> Quando a crian\u00e7a gosta de nadar abrindo os olhos embaixo da \u00e1gua, o ideal \u00e9 investir em \u00f3culos de nata\u00e7\u00e3o para evitar irrita\u00e7\u00e3o devido ao cloro ou \u00e1gua do mar. O uso dos \u00f3culos tamb\u00e9m protege os olhos da conjuntivite, j\u00e1 que o principal meio de transmiss\u00e3o da doen\u00e7a no ver\u00e3o \u00e9 a \u00e1gua de piscinas contaminadas.<br><\/p>\n\n\n\n<p><strong>4.\u00c1gua limpa sempre \u00e0 m\u00e3o:<\/strong> O ideal \u00e9 ter uma garrafa com \u00e1gua doce por perto, principalmente na praia, para lavar os olhos da crian\u00e7a depois do banho de mar. A \u00e1gua tamb\u00e9m serve para lavar os olhos em caso de contato com areia, que pode causar irrita\u00e7\u00e3o e\/ou alergia.<br><\/p>\n\n\n\n<p><strong>5.Olho seco:<\/strong> Ambientes com ar-condicionado, associados ao sol, cloro, \u00e1gua do mar ou de cachoeiras podem levar ao ressecamento dos olhos. Pe\u00e7a ao oftalmopediatra a prescri\u00e7\u00e3o de um col\u00edrio lubrificante, caso a crian\u00e7a apresente ressecamento ocular ou ainda vermelhid\u00e3o nos olhos no final do dia.<br><\/p>\n\n\n\n<p><strong>6.Aten\u00e7\u00e3o os brinquedos:<\/strong> Existem alguns tipos de brinquedos usados em piscinas ou praias que podem causar acidentes graves. Alguns s\u00e3o parecidos com \u201carmas\u201d, que espirram \u00e1gua. Se o jato for muito forte, e atingir o olho da crian\u00e7a, pode levar a uma emerg\u00eancia m\u00e9dica. Portanto, evite comprar esse tipo de produto para seu filho e fique atento se h\u00e1 outras crian\u00e7as usando esse brinquedo por perto.<\/p>\n\n\n\n<p class=\"has-medium-font-size\"><strong>Sinais de alerta<\/strong><br><\/p>\n\n\n\n<p><em>\u201cDepois de um dia inteiro na praia ou piscina, \u00e9 comum as crian\u00e7as ficarem com os olhos vermelhos. Por\u00e9m, no dia seguinte devem estar normais. Quando a vermelhid\u00e3o n\u00e3o passar e surgirem outros sintomas como coceira, irrita\u00e7\u00e3o e ac\u00famulo de secre\u00e7\u00e3o, o ideal \u00e9 procurar um oftalmopediatra. Estas podem ser manifesta\u00e7\u00f5es da conjuntivite, que pode ser irritativa ou infecciosa\u201d<\/em>, conclui Dr\u00aa Marcela.<\/p>\n\n\n\n<p><strong><em>Leda Sangiorgio<\/em><\/strong><br><em>Assessoria de Imprensa<br>(11) 98902-0053<br>leda@agenciahealth.com.br<\/em><\/p>\n","protected":false},"excerpt":{"rendered":"<p>As f\u00e9rias escolares e o ver\u00e3o chegaram. \u00c9poca perfeita para curtir piscina, praia, cachoeiras, brincadeiras aqu\u00e1ticas ou ao ar livre. Entretanto, \u00e9 tamb\u00e9m um per\u00edodo em que os pais devem redobrar a aten\u00e7\u00e3o com a sa\u00fade das crian\u00e7as. Isso porque o ver\u00e3o propicia o desenvolvimento de algumas doen\u00e7as oculares e outras condi\u00e7\u00f5es que podem afetar [&hellip;]<\/p>\n","protected":false},"author":2,"featured_media":30809,"comment_status":"open","ping_status":"open","sticky":false,"template":"","format":"standard","meta":{"_acf_changed":false,"_monsterinsights_skip_tracking":false,"_monsterinsights_sitenote_active":false,"_monsterinsights_sitenote_note":"","_monsterinsights_sitenote_category":0,"_jetpack_memberships_contains_paid_content":false,"footnotes":"","jetpack_publicize_message":"","jetpack_publicize_feature_enabled":true,"jetpack_social_post_already_shared":true,"jetpack_social_options":{"image_generator_settings":{"template":"highway","default_image_id":0,"font":"","enabled":false},"version":2}},"categories":[1,7],"tags":[],"class_list":["post-30808","post","type-post","status-publish","format-standard","has-post-thumbnail","hentry","category-noticias","category-saude"],"acf":[],"jetpack_publicize_connections":[],"jetpack_featured_media_url":"https:\/\/i0.wp.com\/blogdoeloiltoncajuhy.com.br\/site\/wp-content\/uploads\/2019\/01\/olhos-criancas.jpg?fit=1200%2C801&ssl=1","jetpack_sharing_enabled":true,"publishpress_future_workflow_manual_trigger":{"enabledWorkflows":[]},"_links":{"self":[{"href":"https:\/\/blogdoeloiltoncajuhy.com.br\/site\/wp-json\/wp\/v2\/posts\/30808","targetHints":{"allow":["GET"]}}],"collection":[{"href":"https:\/\/blogdoeloiltoncajuhy.com.br\/site\/wp-json\/wp\/v2\/posts"}],"about":[{"href":"https:\/\/blogdoeloiltoncajuhy.com.br\/site\/wp-json\/wp\/v2\/types\/post"}],"author":[{"embeddable":true,"href":"https:\/\/blogdoeloiltoncajuhy.com.br\/site\/wp-json\/wp\/v2\/users\/2"}],"replies":[{"embeddable":true,"href":"https:\/\/blogdoeloiltoncajuhy.com.br\/site\/wp-json\/wp\/v2\/comments?post=30808"}],"version-history":[{"count":1,"href":"https:\/\/blogdoeloiltoncajuhy.com.br\/site\/wp-json\/wp\/v2\/posts\/30808\/revisions"}],"predecessor-version":[{"id":30810,"href":"https:\/\/blogdoeloiltoncajuhy.com.br\/site\/wp-json\/wp\/v2\/posts\/30808\/revisions\/30810"}],"wp:featuredmedia":[{"embeddable":true,"href":"https:\/\/blogdoeloiltoncajuhy.com.br\/site\/wp-json\/wp\/v2\/media\/30809"}],"wp:attachment":[{"href":"https:\/\/blogdoeloiltoncajuhy.com.br\/site\/wp-json\/wp\/v2\/media?parent=30808"}],"wp:term":[{"taxonomy":"category","embeddable":true,"href":"https:\/\/blogdoeloiltoncajuhy.com.br\/site\/wp-json\/wp\/v2\/categories?post=30808"},{"taxonomy":"post_tag","embeddable":true,"href":"https:\/\/blogdoeloiltoncajuhy.com.br\/site\/wp-json\/wp\/v2\/tags?post=30808"}],"curies":[{"name":"wp","href":"https:\/\/api.w.org\/{rel}","templated":true}]}}