{"id":30800,"date":"2019-01-15T16:40:32","date_gmt":"2019-01-15T19:40:32","guid":{"rendered":"http:\/\/blogdoeloiltoncajuhy.com.br\/site\/?p=30800"},"modified":"2019-01-15T17:00:47","modified_gmt":"2019-01-15T20:00:47","slug":"ultima-novena-da-festa-do-senhor-do-bonfim-acontece-nesta-quarta-feira-16-confira","status":"publish","type":"post","link":"https:\/\/blogdoeloiltoncajuhy.com.br\/site\/ultima-novena-da-festa-do-senhor-do-bonfim-acontece-nesta-quarta-feira-16-confira\/","title":{"rendered":"\u00daltima novena da Festa do Senhor do Bonfim acontece nesta quarta-feira (16); confira"},"content":{"rendered":"\n<div class=\"wp-block-image\"><figure class=\"aligncenter is-resized\"><img data-recalc-dims=\"1\" fetchpriority=\"high\" decoding=\"async\" src=\"https:\/\/i0.wp.com\/blogdoeloiltoncajuhy.com.br\/site\/wp-content\/uploads\/2019\/01\/FestaSenhorBonfim2019_01.jpg?resize=320%2C450\" alt=\"\" class=\"wp-image-30442\" width=\"320\" height=\"450\" srcset=\"https:\/\/i0.wp.com\/blogdoeloiltoncajuhy.com.br\/site\/wp-content\/uploads\/2019\/01\/FestaSenhorBonfim2019_01.jpg?w=426&amp;ssl=1 426w, https:\/\/i0.wp.com\/blogdoeloiltoncajuhy.com.br\/site\/wp-content\/uploads\/2019\/01\/FestaSenhorBonfim2019_01.jpg?resize=213%2C300&amp;ssl=1 213w, https:\/\/i0.wp.com\/blogdoeloiltoncajuhy.com.br\/site\/wp-content\/uploads\/2019\/01\/FestaSenhorBonfim2019_01.jpg?resize=178%2C250&amp;ssl=1 178w\" sizes=\"(max-width: 320px) 100vw, 320px\" \/><\/figure><\/div>\n\n\n\n<p>A Festa em comemora\u00e7\u00e3o ao Padroeiro Senhor do Bonfim, ter\u00e1 nesta quarta-feira (16), a \u00faltima novena. Com o tema &#8220;Senhor do Bonfim, Fonte de Todas as Virtudes&#8221;, a programa\u00e7\u00e3o teve in\u00edcio no \u00faltimo dia 07.<\/p>\n\n\n\n<p>Nesta quarta, o nono e \u00faltimo noven\u00e1rio ter\u00e1 o tema: <em>&#8220;A virtude da temperan\u00e7a&#8221;<\/em>, e ter\u00e1 como pregador o <strong>Padre Ronaldo Cardoso de Oliveira<\/strong>, da Diocese de Teixeira de Freitas.<\/p>\n\n\n\n<p><strong>Confira a programa\u00e7\u00e3o:<\/strong><\/p>\n\n\n\n<div class=\"wp-block-image\"><figure class=\"aligncenter\"><img data-recalc-dims=\"1\" decoding=\"async\" width=\"420\" height=\"161\" src=\"https:\/\/i0.wp.com\/blogdoeloiltoncajuhy.com.br\/site\/wp-content\/uploads\/2019\/01\/FestaSenhorBonfimQuarta.png?resize=420%2C161\" alt=\"\" class=\"wp-image-30801\" srcset=\"https:\/\/i0.wp.com\/blogdoeloiltoncajuhy.com.br\/site\/wp-content\/uploads\/2019\/01\/FestaSenhorBonfimQuarta.png?w=420&amp;ssl=1 420w, https:\/\/i0.wp.com\/blogdoeloiltoncajuhy.com.br\/site\/wp-content\/uploads\/2019\/01\/FestaSenhorBonfimQuarta.png?resize=300%2C115&amp;ssl=1 300w, https:\/\/i0.wp.com\/blogdoeloiltoncajuhy.com.br\/site\/wp-content\/uploads\/2019\/01\/FestaSenhorBonfimQuarta.png?resize=250%2C96&amp;ssl=1 250w\" sizes=\"(max-width: 420px) 100vw, 420px\" \/><\/figure><\/div>\n\n\n\n<p>\n\nAs atra\u00e7\u00f5es culturais da noite ser\u00e3o o <strong>Reisado das Crian\u00e7as e Adolescentes do Servi\u00e7o de Conviv\u00eancia e Fortalecimento de V\u00ednculos<\/strong> do CRAS do Alto da Maravilha, e o cantor <strong>Francimar<\/strong>.\n\n<\/p>\n\n\n\n<p>O encerramento da festa ser\u00e1 na quinta-feira (17), com alvorada festiva, missa solene e prociss\u00e3o com a imagem do Senhor do Bonfim percorrendo algumas ruas da cidade.<br><\/p>\n\n\n\n<p>Todas as noites, no entorno da Catedral Diocesana, ocorre a Quermesse, com vendas de tortas, salgados, cachorro-quente, mingau, caldos, refrigerantes, sucos e atra\u00e7\u00f5es culturais com artistas da terra.<\/p>\n\n\n\n<div class=\"wp-block-image\"><figure class=\"aligncenter is-resized\"><img data-recalc-dims=\"1\" decoding=\"async\" src=\"https:\/\/i0.wp.com\/blogdoeloiltoncajuhy.com.br\/site\/wp-content\/uploads\/2019\/01\/FestaSenhorBonfimMiguel.jpg?resize=480%2C360\" alt=\"\" class=\"wp-image-30802\" width=\"480\" height=\"360\" srcset=\"https:\/\/i0.wp.com\/blogdoeloiltoncajuhy.com.br\/site\/wp-content\/uploads\/2019\/01\/FestaSenhorBonfimMiguel.jpg?w=640&amp;ssl=1 640w, https:\/\/i0.wp.com\/blogdoeloiltoncajuhy.com.br\/site\/wp-content\/uploads\/2019\/01\/FestaSenhorBonfimMiguel.jpg?resize=300%2C225&amp;ssl=1 300w, https:\/\/i0.wp.com\/blogdoeloiltoncajuhy.com.br\/site\/wp-content\/uploads\/2019\/01\/FestaSenhorBonfimMiguel.jpg?resize=250%2C188&amp;ssl=1 250w\" sizes=\"(max-width: 480px) 100vw, 480px\" \/><figcaption><em>Foto: Pascom de Bonfim<\/em><\/figcaption><\/figure><\/div>\n\n\n\n<p>No dia festa, haver\u00e1 o Show de Pr\u00eamios, logo ap\u00f3s a prociss\u00e3o. Os bilhetes est\u00e3o sendo vendidos a 10 reais, e ter\u00e1 a renda destinada \u00e0 reforma da Catedral.<\/p>\n\n\n\n<p>A Igreja agradece a todos que, celebrando e rogando ao Senhor do Bonfim, renovam sua f\u00e9, esperan\u00e7a e caridade, e que, atrav\u00e9s de todos os esfor\u00e7os, alcan\u00e7am as virtudes necess\u00e1rias. <\/p>\n\n\n\n<p><strong><em>BLOG DO ELOILTON CAJUHY<\/em><\/strong><\/p>\n","protected":false},"excerpt":{"rendered":"<p>A Festa em comemora\u00e7\u00e3o ao Padroeiro Senhor do Bonfim, ter\u00e1 nesta quarta-feira (16), a \u00faltima novena. Com o tema &#8220;Senhor do Bonfim, Fonte de Todas as Virtudes&#8221;, a programa\u00e7\u00e3o teve in\u00edcio no \u00faltimo dia 07. Nesta quarta, o nono e \u00faltimo noven\u00e1rio ter\u00e1 o tema: &#8220;A virtude da temperan\u00e7a&#8221;, e ter\u00e1 como pregador o Padre [&hellip;]<\/p>\n","protected":false},"author":2,"featured_media":30802,"comment_status":"open","ping_status":"open","sticky":false,"template":"","format":"standard","meta":{"_acf_changed":false,"_monsterinsights_skip_tracking":false,"_monsterinsights_sitenote_active":false,"_monsterinsights_sitenote_note":"","_monsterinsights_sitenote_category":0,"_jetpack_memberships_contains_paid_content":false,"footnotes":"","jetpack_publicize_message":"","jetpack_publicize_feature_enabled":true,"jetpack_social_post_already_shared":true,"jetpack_social_options":{"image_generator_settings":{"template":"highway","default_image_id":0,"font":"","enabled":false},"version":2}},"categories":[1,4],"tags":[],"class_list":["post-30800","post","type-post","status-publish","format-standard","has-post-thumbnail","hentry","category-noticias","category-local"],"acf":[],"jetpack_publicize_connections":[],"jetpack_featured_media_url":"https:\/\/i0.wp.com\/blogdoeloiltoncajuhy.com.br\/site\/wp-content\/uploads\/2019\/01\/FestaSenhorBonfimMiguel.jpg?fit=640%2C480&ssl=1","jetpack_sharing_enabled":true,"publishpress_future_workflow_manual_trigger":{"enabledWorkflows":[]},"_links":{"self":[{"href":"https:\/\/blogdoeloiltoncajuhy.com.br\/site\/wp-json\/wp\/v2\/posts\/30800","targetHints":{"allow":["GET"]}}],"collection":[{"href":"https:\/\/blogdoeloiltoncajuhy.com.br\/site\/wp-json\/wp\/v2\/posts"}],"about":[{"href":"https:\/\/blogdoeloiltoncajuhy.com.br\/site\/wp-json\/wp\/v2\/types\/post"}],"author":[{"embeddable":true,"href":"https:\/\/blogdoeloiltoncajuhy.com.br\/site\/wp-json\/wp\/v2\/users\/2"}],"replies":[{"embeddable":true,"href":"https:\/\/blogdoeloiltoncajuhy.com.br\/site\/wp-json\/wp\/v2\/comments?post=30800"}],"version-history":[{"count":4,"href":"https:\/\/blogdoeloiltoncajuhy.com.br\/site\/wp-json\/wp\/v2\/posts\/30800\/revisions"}],"predecessor-version":[{"id":30807,"href":"https:\/\/blogdoeloiltoncajuhy.com.br\/site\/wp-json\/wp\/v2\/posts\/30800\/revisions\/30807"}],"wp:featuredmedia":[{"embeddable":true,"href":"https:\/\/blogdoeloiltoncajuhy.com.br\/site\/wp-json\/wp\/v2\/media\/30802"}],"wp:attachment":[{"href":"https:\/\/blogdoeloiltoncajuhy.com.br\/site\/wp-json\/wp\/v2\/media?parent=30800"}],"wp:term":[{"taxonomy":"category","embeddable":true,"href":"https:\/\/blogdoeloiltoncajuhy.com.br\/site\/wp-json\/wp\/v2\/categories?post=30800"},{"taxonomy":"post_tag","embeddable":true,"href":"https:\/\/blogdoeloiltoncajuhy.com.br\/site\/wp-json\/wp\/v2\/tags?post=30800"}],"curies":[{"name":"wp","href":"https:\/\/api.w.org\/{rel}","templated":true}]}}