{"id":30797,"date":"2019-01-15T16:04:21","date_gmt":"2019-01-15T19:04:21","guid":{"rendered":"http:\/\/blogdoeloiltoncajuhy.com.br\/site\/?p=30797"},"modified":"2019-01-15T16:04:35","modified_gmt":"2019-01-15T19:04:35","slug":"prefeitura-de-jaguarari-reforca-o-setor-de-infraestrutura-do-municipio-com-o-retorno-da-cacamba-do-pac","status":"publish","type":"post","link":"https:\/\/blogdoeloiltoncajuhy.com.br\/site\/prefeitura-de-jaguarari-reforca-o-setor-de-infraestrutura-do-municipio-com-o-retorno-da-cacamba-do-pac\/","title":{"rendered":"Prefeitura de Jaguarari refor\u00e7a o setor de infraestrutura do munic\u00edpio com o retorno da ca\u00e7amba do PAC"},"content":{"rendered":"\n<div class=\"wp-block-image\"><figure class=\"aligncenter is-resized\"><img data-recalc-dims=\"1\" fetchpriority=\"high\" decoding=\"async\" src=\"https:\/\/i0.wp.com\/blogdoeloiltoncajuhy.com.br\/site\/wp-content\/uploads\/2019\/01\/JaguarariCa%C3%A7ambaPAC.jpeg?resize=382%2C382\" alt=\"\" class=\"wp-image-30798\" width=\"382\" height=\"382\" srcset=\"https:\/\/i0.wp.com\/blogdoeloiltoncajuhy.com.br\/site\/wp-content\/uploads\/2019\/01\/JaguarariCa%C3%A7ambaPAC.jpeg?resize=1024%2C1024&amp;ssl=1 1024w, https:\/\/i0.wp.com\/blogdoeloiltoncajuhy.com.br\/site\/wp-content\/uploads\/2019\/01\/JaguarariCa%C3%A7ambaPAC.jpeg?resize=150%2C150&amp;ssl=1 150w, https:\/\/i0.wp.com\/blogdoeloiltoncajuhy.com.br\/site\/wp-content\/uploads\/2019\/01\/JaguarariCa%C3%A7ambaPAC.jpeg?resize=300%2C300&amp;ssl=1 300w, https:\/\/i0.wp.com\/blogdoeloiltoncajuhy.com.br\/site\/wp-content\/uploads\/2019\/01\/JaguarariCa%C3%A7ambaPAC.jpeg?resize=768%2C768&amp;ssl=1 768w, https:\/\/i0.wp.com\/blogdoeloiltoncajuhy.com.br\/site\/wp-content\/uploads\/2019\/01\/JaguarariCa%C3%A7ambaPAC.jpeg?resize=250%2C250&amp;ssl=1 250w, https:\/\/i0.wp.com\/blogdoeloiltoncajuhy.com.br\/site\/wp-content\/uploads\/2019\/01\/JaguarariCa%C3%A7ambaPAC.jpeg?resize=48%2C48&amp;ssl=1 48w, https:\/\/i0.wp.com\/blogdoeloiltoncajuhy.com.br\/site\/wp-content\/uploads\/2019\/01\/JaguarariCa%C3%A7ambaPAC.jpeg?w=1280&amp;ssl=1 1280w\" sizes=\"(max-width: 382px) 100vw, 382px\" \/><\/figure><\/div>\n\n\n\n<p>Nesta ter\u00e7a-feira (15), a popula\u00e7\u00e3o de Jaguarari voltou a ter a sua disposi\u00e7\u00e3o a ca\u00e7amba do PAC, que passou cerca de 8 meses parada durante a gest\u00e3o anterior. Ap\u00f3s o retorno do prefeito Everton Rocha, o equipamento foi recuperado e, desde a manh\u00e3 desta ter\u00e7a-feira, est\u00e1 auxiliando na manuten\u00e7\u00e3o e recupera\u00e7\u00e3o da estrada da localidade de Macambira. O trabalho n\u00e3o para! O governo municipal intensifica o trabalho de recupera\u00e7\u00e3o das estradas vicinais por todo o munic\u00edpio.<\/p>\n\n\n\n<p><strong><em>ASCOM \u2013 Prefeitura de Jaguarari<\/em><\/strong><\/p>\n","protected":false},"excerpt":{"rendered":"<p>Nesta ter\u00e7a-feira (15), a popula\u00e7\u00e3o de Jaguarari voltou a ter a sua disposi\u00e7\u00e3o a ca\u00e7amba do PAC, que passou cerca de 8 meses parada durante a gest\u00e3o anterior. Ap\u00f3s o retorno do prefeito Everton Rocha, o equipamento foi recuperado e, desde a manh\u00e3 desta ter\u00e7a-feira, est\u00e1 auxiliando na manuten\u00e7\u00e3o e recupera\u00e7\u00e3o da estrada da localidade [&hellip;]<\/p>\n","protected":false},"author":2,"featured_media":30798,"comment_status":"open","ping_status":"open","sticky":false,"template":"","format":"standard","meta":{"_acf_changed":false,"_monsterinsights_skip_tracking":false,"_monsterinsights_sitenote_active":false,"_monsterinsights_sitenote_note":"","_monsterinsights_sitenote_category":0,"_jetpack_memberships_contains_paid_content":false,"footnotes":"","jetpack_publicize_message":"","jetpack_publicize_feature_enabled":true,"jetpack_social_post_already_shared":true,"jetpack_social_options":{"image_generator_settings":{"template":"highway","default_image_id":0,"font":"","enabled":false},"version":2}},"categories":[1,3,11],"tags":[],"class_list":["post-30797","post","type-post","status-publish","format-standard","has-post-thumbnail","hentry","category-noticias","category-politica","category-regional"],"acf":[],"jetpack_publicize_connections":[],"jetpack_featured_media_url":"https:\/\/i0.wp.com\/blogdoeloiltoncajuhy.com.br\/site\/wp-content\/uploads\/2019\/01\/JaguarariCa%C3%A7ambaPAC.jpeg?fit=1280%2C1280&ssl=1","jetpack_sharing_enabled":true,"publishpress_future_workflow_manual_trigger":{"enabledWorkflows":[]},"_links":{"self":[{"href":"https:\/\/blogdoeloiltoncajuhy.com.br\/site\/wp-json\/wp\/v2\/posts\/30797","targetHints":{"allow":["GET"]}}],"collection":[{"href":"https:\/\/blogdoeloiltoncajuhy.com.br\/site\/wp-json\/wp\/v2\/posts"}],"about":[{"href":"https:\/\/blogdoeloiltoncajuhy.com.br\/site\/wp-json\/wp\/v2\/types\/post"}],"author":[{"embeddable":true,"href":"https:\/\/blogdoeloiltoncajuhy.com.br\/site\/wp-json\/wp\/v2\/users\/2"}],"replies":[{"embeddable":true,"href":"https:\/\/blogdoeloiltoncajuhy.com.br\/site\/wp-json\/wp\/v2\/comments?post=30797"}],"version-history":[{"count":1,"href":"https:\/\/blogdoeloiltoncajuhy.com.br\/site\/wp-json\/wp\/v2\/posts\/30797\/revisions"}],"predecessor-version":[{"id":30799,"href":"https:\/\/blogdoeloiltoncajuhy.com.br\/site\/wp-json\/wp\/v2\/posts\/30797\/revisions\/30799"}],"wp:featuredmedia":[{"embeddable":true,"href":"https:\/\/blogdoeloiltoncajuhy.com.br\/site\/wp-json\/wp\/v2\/media\/30798"}],"wp:attachment":[{"href":"https:\/\/blogdoeloiltoncajuhy.com.br\/site\/wp-json\/wp\/v2\/media?parent=30797"}],"wp:term":[{"taxonomy":"category","embeddable":true,"href":"https:\/\/blogdoeloiltoncajuhy.com.br\/site\/wp-json\/wp\/v2\/categories?post=30797"},{"taxonomy":"post_tag","embeddable":true,"href":"https:\/\/blogdoeloiltoncajuhy.com.br\/site\/wp-json\/wp\/v2\/tags?post=30797"}],"curies":[{"name":"wp","href":"https:\/\/api.w.org\/{rel}","templated":true}]}}