{"id":30789,"date":"2019-01-15T10:39:33","date_gmt":"2019-01-15T13:39:33","guid":{"rendered":"http:\/\/blogdoeloiltoncajuhy.com.br\/site\/?p=30789"},"modified":"2019-01-15T10:39:40","modified_gmt":"2019-01-15T13:39:40","slug":"vereador-cleiton-vieira-participa-de-reuniao-com-tecnicos-da-embasa-na-comunidade-de-lagoa-do-boi","status":"publish","type":"post","link":"https:\/\/blogdoeloiltoncajuhy.com.br\/site\/vereador-cleiton-vieira-participa-de-reuniao-com-tecnicos-da-embasa-na-comunidade-de-lagoa-do-boi\/","title":{"rendered":"Vereador Cleiton Vieira participa de reuni\u00e3o com t\u00e9cnicos da Embasa na comunidade de Lagoa do Boi"},"content":{"rendered":"\n<div class=\"wp-block-image\"><figure class=\"aligncenter is-resized\"><img data-recalc-dims=\"1\" fetchpriority=\"high\" decoding=\"async\" src=\"https:\/\/i0.wp.com\/blogdoeloiltoncajuhy.com.br\/site\/wp-content\/uploads\/2019\/01\/CleitoVieira_LagoaBoi.jpg?resize=512%2C384\" alt=\"\" class=\"wp-image-30790\" width=\"512\" height=\"384\" srcset=\"https:\/\/i0.wp.com\/blogdoeloiltoncajuhy.com.br\/site\/wp-content\/uploads\/2019\/01\/CleitoVieira_LagoaBoi.jpg?resize=1024%2C768&amp;ssl=1 1024w, https:\/\/i0.wp.com\/blogdoeloiltoncajuhy.com.br\/site\/wp-content\/uploads\/2019\/01\/CleitoVieira_LagoaBoi.jpg?resize=300%2C225&amp;ssl=1 300w, https:\/\/i0.wp.com\/blogdoeloiltoncajuhy.com.br\/site\/wp-content\/uploads\/2019\/01\/CleitoVieira_LagoaBoi.jpg?resize=768%2C576&amp;ssl=1 768w, https:\/\/i0.wp.com\/blogdoeloiltoncajuhy.com.br\/site\/wp-content\/uploads\/2019\/01\/CleitoVieira_LagoaBoi.jpg?resize=250%2C188&amp;ssl=1 250w, https:\/\/i0.wp.com\/blogdoeloiltoncajuhy.com.br\/site\/wp-content\/uploads\/2019\/01\/CleitoVieira_LagoaBoi.jpg?w=1032&amp;ssl=1 1032w\" sizes=\"(max-width: 512px) 100vw, 512px\" \/><\/figure><\/div>\n\n\n\n<p>O vereador Cleiton Vieira, acompanhado de t\u00e9cnicos da Empresa Baiana de \u00c1guas e Saneamento (Embasa), participou, no \u00faltimo domingo, 13, de uma reuni\u00e3o com moradores das comunidades de Lagoa do Boi, na zona rural de Senhor do Bonfim.<\/p>\n\n\n\n<p>Eles foram orientados sobre a obra de extens\u00e3o de rede e o in\u00edcio da opera\u00e7\u00e3o do sistema de abastecimento que vai levar \u00e1gua tratada para a localidade. A obra foi uma conquista do vereador Cleiton Vieira, atrav\u00e9s do Deputado Estadual Bob\u00f4, que solicitou ao Governo do Estado, por meio da Embasa.<\/p>\n\n\n\n<p>Para o senhor Oleg\u00e1rio, morador de Lagoa do Boi, a reuni\u00e3o foi importante para ter mais informa\u00e7\u00f5es sobre o abastecimento e destaca que ter \u00e1gua tratada com regularidade vai melhorar a qualidade de vida da comunidade. <\/p>\n\n\n\n<p><em>\u201cEstamos ansiosos para chegar logo a \u00e1gua. Hoje temos que comprar o que vamos beber. Com certeza, ser\u00e1 um benef\u00edcio para todos que moram aqui na comunidade, estou muito feliz porque vou sair desse sofrimento\u201d<\/em>, afirma.<\/p>\n\n\n\n<p>Cleiton Vieira comemorou a solu\u00e7\u00e3o para a luta de anos da comunidade. <em>\u201cN\u00f3s estamos muito felizes. As fam\u00edlias de Lagoa do Boi, agora, v\u00e3o ter uma \u00e1gua tratada o que traz mais sa\u00fade e qualidade de vida. E o deputado Bob\u00f4 teve papel fundamental na libera\u00e7\u00e3o desses recursos. S\u00f3 temos a agradecer a ele, ao Diretor Regional da Embasa, Raimundo Nonato, e o t\u00e9cnico em Saneamento da empresa, Jos\u00e9 Nunes. E para mim, \u00e9 uma alegria imensa estar aqui com meus amigos que trouxeram essa reivindica\u00e7\u00e3o, e hoje estamos comemorando mais essa vit\u00f3ria\u201d<\/em>, destacou.<\/p>\n\n\n\n<p><em><strong>ASCOM \u2013 Cleiton Vieira<\/strong><\/em><\/p>\n","protected":false},"excerpt":{"rendered":"<p>O vereador Cleiton Vieira, acompanhado de t\u00e9cnicos da Empresa Baiana de \u00c1guas e Saneamento (Embasa), participou, no \u00faltimo domingo, 13, de uma reuni\u00e3o com moradores das comunidades de Lagoa do Boi, na zona rural de Senhor do Bonfim. Eles foram orientados sobre a obra de extens\u00e3o de rede e o in\u00edcio da opera\u00e7\u00e3o do sistema [&hellip;]<\/p>\n","protected":false},"author":2,"featured_media":30790,"comment_status":"open","ping_status":"open","sticky":false,"template":"","format":"standard","meta":{"_acf_changed":false,"_monsterinsights_skip_tracking":false,"_monsterinsights_sitenote_active":false,"_monsterinsights_sitenote_note":"","_monsterinsights_sitenote_category":0,"_jetpack_memberships_contains_paid_content":false,"footnotes":"","jetpack_publicize_message":"","jetpack_publicize_feature_enabled":true,"jetpack_social_post_already_shared":true,"jetpack_social_options":{"image_generator_settings":{"template":"highway","default_image_id":0,"font":"","enabled":false},"version":2}},"categories":[1,3,4],"tags":[],"class_list":["post-30789","post","type-post","status-publish","format-standard","has-post-thumbnail","hentry","category-noticias","category-politica","category-local"],"acf":[],"jetpack_publicize_connections":[],"jetpack_featured_media_url":"https:\/\/i0.wp.com\/blogdoeloiltoncajuhy.com.br\/site\/wp-content\/uploads\/2019\/01\/CleitoVieira_LagoaBoi.jpg?fit=1032%2C774&ssl=1","jetpack_sharing_enabled":true,"publishpress_future_workflow_manual_trigger":{"enabledWorkflows":[]},"_links":{"self":[{"href":"https:\/\/blogdoeloiltoncajuhy.com.br\/site\/wp-json\/wp\/v2\/posts\/30789","targetHints":{"allow":["GET"]}}],"collection":[{"href":"https:\/\/blogdoeloiltoncajuhy.com.br\/site\/wp-json\/wp\/v2\/posts"}],"about":[{"href":"https:\/\/blogdoeloiltoncajuhy.com.br\/site\/wp-json\/wp\/v2\/types\/post"}],"author":[{"embeddable":true,"href":"https:\/\/blogdoeloiltoncajuhy.com.br\/site\/wp-json\/wp\/v2\/users\/2"}],"replies":[{"embeddable":true,"href":"https:\/\/blogdoeloiltoncajuhy.com.br\/site\/wp-json\/wp\/v2\/comments?post=30789"}],"version-history":[{"count":1,"href":"https:\/\/blogdoeloiltoncajuhy.com.br\/site\/wp-json\/wp\/v2\/posts\/30789\/revisions"}],"predecessor-version":[{"id":30791,"href":"https:\/\/blogdoeloiltoncajuhy.com.br\/site\/wp-json\/wp\/v2\/posts\/30789\/revisions\/30791"}],"wp:featuredmedia":[{"embeddable":true,"href":"https:\/\/blogdoeloiltoncajuhy.com.br\/site\/wp-json\/wp\/v2\/media\/30790"}],"wp:attachment":[{"href":"https:\/\/blogdoeloiltoncajuhy.com.br\/site\/wp-json\/wp\/v2\/media?parent=30789"}],"wp:term":[{"taxonomy":"category","embeddable":true,"href":"https:\/\/blogdoeloiltoncajuhy.com.br\/site\/wp-json\/wp\/v2\/categories?post=30789"},{"taxonomy":"post_tag","embeddable":true,"href":"https:\/\/blogdoeloiltoncajuhy.com.br\/site\/wp-json\/wp\/v2\/tags?post=30789"}],"curies":[{"name":"wp","href":"https:\/\/api.w.org\/{rel}","templated":true}]}}