{"id":30779,"date":"2019-01-14T22:48:51","date_gmt":"2019-01-15T01:48:51","guid":{"rendered":"http:\/\/blogdoeloiltoncajuhy.com.br\/site\/?p=30779"},"modified":"2019-01-14T22:48:58","modified_gmt":"2019-01-15T01:48:58","slug":"programacao-da-novena-do-senhor-do-bonfim-para-esta-terca-feira-15","status":"publish","type":"post","link":"https:\/\/blogdoeloiltoncajuhy.com.br\/site\/programacao-da-novena-do-senhor-do-bonfim-para-esta-terca-feira-15\/","title":{"rendered":"Programa\u00e7\u00e3o da novena do Senhor do Bonfim para esta ter\u00e7a-feira (15)"},"content":{"rendered":"\n<div class=\"wp-block-image\"><figure class=\"aligncenter is-resized\"><img data-recalc-dims=\"1\" fetchpriority=\"high\" decoding=\"async\" src=\"https:\/\/i0.wp.com\/blogdoeloiltoncajuhy.com.br\/site\/wp-content\/uploads\/2019\/01\/PadreJarbas.jpg?resize=308%2C320\" alt=\"\" class=\"wp-image-30780\" width=\"308\" height=\"320\" srcset=\"https:\/\/i0.wp.com\/blogdoeloiltoncajuhy.com.br\/site\/wp-content\/uploads\/2019\/01\/PadreJarbas.jpg?w=615&amp;ssl=1 615w, https:\/\/i0.wp.com\/blogdoeloiltoncajuhy.com.br\/site\/wp-content\/uploads\/2019\/01\/PadreJarbas.jpg?resize=288%2C300&amp;ssl=1 288w, https:\/\/i0.wp.com\/blogdoeloiltoncajuhy.com.br\/site\/wp-content\/uploads\/2019\/01\/PadreJarbas.jpg?resize=240%2C250&amp;ssl=1 240w\" sizes=\"(max-width: 308px) 100vw, 308px\" \/><figcaption><em>Foto: Pascom de Bonfim<\/em><\/figcaption><\/figure><\/div>\n\n\n\n<p>A Par\u00f3quia do Senhor do Bonfim realiza nesta ter\u00e7a-feira (15), o oitavo noven\u00e1rio preparat\u00f3rio para a grande festa do padroeiro de nossa cidade. <\/p>\n\n\n\n<p>Todas as noites ap\u00f3s a novena, tem quermesse e show musical em frente \u00e0 Catedral Diocesana. Nesta ter\u00e7a, tem apresenta\u00e7\u00e3o do <strong>Terno de Reis das Ciganas<\/strong> do Grupo da Terceira Idade e do sanfoneiro Nivaldo do Acordeon.<\/p>\n\n\n\n<p>A Festa deste ano, traz o tema: <strong>\u201cSenhor do Bonfim, fonte de todas as virtudes\u201d<\/strong>.<\/p>\n\n\n\n<p>A novena desta ter\u00e7a-feira, ter\u00e1 o tema <strong>\u201cA virtude da Esperan\u00e7a\u201d<\/strong>, e ter\u00e1 como pregador o Padre Renato Minho Figueiredo Filho, da Arquidiocese de S\u00e3o Salvador. <strong>Confira a programa\u00e7\u00e3o:<\/strong><\/p>\n\n\n\n<div class=\"wp-block-image\"><figure class=\"aligncenter\"><img data-recalc-dims=\"1\" decoding=\"async\" width=\"427\" height=\"184\" src=\"https:\/\/i0.wp.com\/blogdoeloiltoncajuhy.com.br\/site\/wp-content\/uploads\/2019\/01\/FestaSenhorBonfim2019_ter%C3%A7a.jpg?resize=427%2C184\" alt=\"\" class=\"wp-image-30781\" srcset=\"https:\/\/i0.wp.com\/blogdoeloiltoncajuhy.com.br\/site\/wp-content\/uploads\/2019\/01\/FestaSenhorBonfim2019_ter%C3%A7a.jpg?w=427&amp;ssl=1 427w, https:\/\/i0.wp.com\/blogdoeloiltoncajuhy.com.br\/site\/wp-content\/uploads\/2019\/01\/FestaSenhorBonfim2019_ter%C3%A7a.jpg?resize=300%2C129&amp;ssl=1 300w, https:\/\/i0.wp.com\/blogdoeloiltoncajuhy.com.br\/site\/wp-content\/uploads\/2019\/01\/FestaSenhorBonfim2019_ter%C3%A7a.jpg?resize=250%2C108&amp;ssl=1 250w\" sizes=\"(max-width: 427px) 100vw, 427px\" \/><\/figure><\/div>\n\n\n\n<p>No dia 17 de janeiro, Festa do Senhor do Bonfim, feriado municipal, haver\u00e1 missa e prociss\u00e3o. Em seguida, o sorteio da campanha Show de Pr\u00eamios, cuja renda ser\u00e1 destinada \u00e0 reforma da Catedral.<\/p>\n\n\n\n<div class=\"wp-block-image\"><figure class=\"aligncenter is-resized\"><img data-recalc-dims=\"1\" decoding=\"async\" src=\"https:\/\/i0.wp.com\/blogdoeloiltoncajuhy.com.br\/site\/wp-content\/uploads\/2019\/01\/FestaSenhorBonfim2019_01.jpg?resize=213%2C300\" alt=\"\" class=\"wp-image-30442\" width=\"213\" height=\"300\" srcset=\"https:\/\/i0.wp.com\/blogdoeloiltoncajuhy.com.br\/site\/wp-content\/uploads\/2019\/01\/FestaSenhorBonfim2019_01.jpg?w=426&amp;ssl=1 426w, https:\/\/i0.wp.com\/blogdoeloiltoncajuhy.com.br\/site\/wp-content\/uploads\/2019\/01\/FestaSenhorBonfim2019_01.jpg?resize=213%2C300&amp;ssl=1 213w, https:\/\/i0.wp.com\/blogdoeloiltoncajuhy.com.br\/site\/wp-content\/uploads\/2019\/01\/FestaSenhorBonfim2019_01.jpg?resize=178%2C250&amp;ssl=1 178w\" sizes=\"(max-width: 213px) 100vw, 213px\" \/><\/figure><\/div>\n\n\n\n<p><strong>BLOG DO ELOILTON CAJUHY<\/strong><\/p>\n","protected":false},"excerpt":{"rendered":"<p>A Par\u00f3quia do Senhor do Bonfim realiza nesta ter\u00e7a-feira (15), o oitavo noven\u00e1rio preparat\u00f3rio para a grande festa do padroeiro de nossa cidade. Todas as noites ap\u00f3s a novena, tem quermesse e show musical em frente \u00e0 Catedral Diocesana. Nesta ter\u00e7a, tem apresenta\u00e7\u00e3o do Terno de Reis das Ciganas do Grupo da Terceira Idade e [&hellip;]<\/p>\n","protected":false},"author":2,"featured_media":30781,"comment_status":"open","ping_status":"open","sticky":false,"template":"","format":"standard","meta":{"_acf_changed":false,"_monsterinsights_skip_tracking":false,"_monsterinsights_sitenote_active":false,"_monsterinsights_sitenote_note":"","_monsterinsights_sitenote_category":0,"_jetpack_memberships_contains_paid_content":false,"footnotes":"","jetpack_publicize_message":"","jetpack_publicize_feature_enabled":true,"jetpack_social_post_already_shared":true,"jetpack_social_options":{"image_generator_settings":{"template":"highway","default_image_id":0,"font":"","enabled":false},"version":2}},"categories":[1,4],"tags":[],"class_list":["post-30779","post","type-post","status-publish","format-standard","has-post-thumbnail","hentry","category-noticias","category-local"],"acf":[],"jetpack_publicize_connections":[],"jetpack_featured_media_url":"https:\/\/i0.wp.com\/blogdoeloiltoncajuhy.com.br\/site\/wp-content\/uploads\/2019\/01\/FestaSenhorBonfim2019_ter%C3%A7a.jpg?fit=427%2C184&ssl=1","jetpack_sharing_enabled":true,"publishpress_future_workflow_manual_trigger":{"enabledWorkflows":[]},"_links":{"self":[{"href":"https:\/\/blogdoeloiltoncajuhy.com.br\/site\/wp-json\/wp\/v2\/posts\/30779","targetHints":{"allow":["GET"]}}],"collection":[{"href":"https:\/\/blogdoeloiltoncajuhy.com.br\/site\/wp-json\/wp\/v2\/posts"}],"about":[{"href":"https:\/\/blogdoeloiltoncajuhy.com.br\/site\/wp-json\/wp\/v2\/types\/post"}],"author":[{"embeddable":true,"href":"https:\/\/blogdoeloiltoncajuhy.com.br\/site\/wp-json\/wp\/v2\/users\/2"}],"replies":[{"embeddable":true,"href":"https:\/\/blogdoeloiltoncajuhy.com.br\/site\/wp-json\/wp\/v2\/comments?post=30779"}],"version-history":[{"count":1,"href":"https:\/\/blogdoeloiltoncajuhy.com.br\/site\/wp-json\/wp\/v2\/posts\/30779\/revisions"}],"predecessor-version":[{"id":30782,"href":"https:\/\/blogdoeloiltoncajuhy.com.br\/site\/wp-json\/wp\/v2\/posts\/30779\/revisions\/30782"}],"wp:featuredmedia":[{"embeddable":true,"href":"https:\/\/blogdoeloiltoncajuhy.com.br\/site\/wp-json\/wp\/v2\/media\/30781"}],"wp:attachment":[{"href":"https:\/\/blogdoeloiltoncajuhy.com.br\/site\/wp-json\/wp\/v2\/media?parent=30779"}],"wp:term":[{"taxonomy":"category","embeddable":true,"href":"https:\/\/blogdoeloiltoncajuhy.com.br\/site\/wp-json\/wp\/v2\/categories?post=30779"},{"taxonomy":"post_tag","embeddable":true,"href":"https:\/\/blogdoeloiltoncajuhy.com.br\/site\/wp-json\/wp\/v2\/tags?post=30779"}],"curies":[{"name":"wp","href":"https:\/\/api.w.org\/{rel}","templated":true}]}}