{"id":30774,"date":"2019-01-14T22:19:44","date_gmt":"2019-01-15T01:19:44","guid":{"rendered":"http:\/\/blogdoeloiltoncajuhy.com.br\/site\/?p=30774"},"modified":"2019-01-14T22:19:50","modified_gmt":"2019-01-15T01:19:50","slug":"policia-civil-de-senhor-do-bonfim-apreende-menor-acusado-de-dois-homicidios","status":"publish","type":"post","link":"https:\/\/blogdoeloiltoncajuhy.com.br\/site\/policia-civil-de-senhor-do-bonfim-apreende-menor-acusado-de-dois-homicidios\/","title":{"rendered":"Pol\u00edcia Civil de Senhor do Bonfim apreende menor acusado de dois homic\u00eddios"},"content":{"rendered":"\n<div class=\"wp-block-image\"><figure class=\"aligncenter is-resized\"><img data-recalc-dims=\"1\" fetchpriority=\"high\" decoding=\"async\" src=\"https:\/\/i0.wp.com\/blogdoeloiltoncajuhy.com.br\/site\/wp-content\/uploads\/2019\/01\/arma-policia-civil-bonfim.jpg?resize=480%2C360\" alt=\"\" class=\"wp-image-30775\" width=\"480\" height=\"360\" srcset=\"https:\/\/i0.wp.com\/blogdoeloiltoncajuhy.com.br\/site\/wp-content\/uploads\/2019\/01\/arma-policia-civil-bonfim.jpg?w=960&amp;ssl=1 960w, https:\/\/i0.wp.com\/blogdoeloiltoncajuhy.com.br\/site\/wp-content\/uploads\/2019\/01\/arma-policia-civil-bonfim.jpg?resize=300%2C225&amp;ssl=1 300w, https:\/\/i0.wp.com\/blogdoeloiltoncajuhy.com.br\/site\/wp-content\/uploads\/2019\/01\/arma-policia-civil-bonfim.jpg?resize=768%2C576&amp;ssl=1 768w, https:\/\/i0.wp.com\/blogdoeloiltoncajuhy.com.br\/site\/wp-content\/uploads\/2019\/01\/arma-policia-civil-bonfim.jpg?resize=250%2C188&amp;ssl=1 250w\" sizes=\"(max-width: 480px) 100vw, 480px\" \/><figcaption><em>Foto: Divulga\u00e7\u00e3o \/ Pol\u00edcia Civil \/ Senhor do Bonfim-BA<\/em><\/figcaption><\/figure><\/div>\n\n\n\n<p>A Pol\u00edcia Civil de Senhor do Bonfim, ap\u00f3s intensas investiga\u00e7\u00f5es, apreendeu, por volta das 16h40 desta segunda-feira (14), um adolescente de 16 anos, acusado de dois homic\u00eddios em nossa cidade.<\/p>\n\n\n\n<p>Ele \u00e9 acusado de atingir a tiros, no dia 19 de agosto de 2018, <strong><em>Paulo Bruno Ferreira Alves<\/em><\/strong>, o <strong><em>&#8220;Zigue&#8221;<\/em><\/strong>, e um menor, fato ocorrido no Bairro Barbosa Santos. Paulo Bruno n\u00e3o resistiu e morreu. Durante depoimento na 1\u00aa Delegacia Territorial de Senhor do Bonfim, o menor, al\u00e9m de confessar esses crimes, tamb\u00e9m confessou ter matado <strong>Danilo Pereira da Silva<\/strong>, no dia 04 de janeiro deste ano, nas proximidades do Parque Tropical Torres, nas Casas Populares.<\/p>\n\n\n\n<p>A pris\u00e3o do menor se deu ap\u00f3s policiais civis do SI da 1\u00aa Delegacia Territorial de Senhor do Bonfim\/19\u00aa COORPIN, cumprirem mandado de interna\u00e7\u00e3o e busca e apreens\u00e3o, expedido pela Justi\u00e7a.<\/p>\n\n\n\n<p>Ainda durante a apreens\u00e3o, o adolescente apresentou aos policiais civis, um revolver calibre .38, municiado, utilizado na morte Danilo Pereira. O menor encontra-se recolhido no Complexo Policial de Senhor do Bonfim-Ba, e ser\u00e1 apresentado ao Poder Judici\u00e1rio e ao Minist\u00e9rio P\u00fablico.<\/p>\n\n\n\n<p><strong><em>BLOG DO ELOILTON CAJUHY<br><\/em><\/strong><em>Fonte: 19\u00aa Coorpin \/ Senhor do Bonfim<\/em><\/p>\n","protected":false},"excerpt":{"rendered":"<p>A Pol\u00edcia Civil de Senhor do Bonfim, ap\u00f3s intensas investiga\u00e7\u00f5es, apreendeu, por volta das 16h40 desta segunda-feira (14), um adolescente de 16 anos, acusado de dois homic\u00eddios em nossa cidade. Ele \u00e9 acusado de atingir a tiros, no dia 19 de agosto de 2018, Paulo Bruno Ferreira Alves, o &#8220;Zigue&#8221;, e um menor, fato ocorrido [&hellip;]<\/p>\n","protected":false},"author":2,"featured_media":30775,"comment_status":"open","ping_status":"open","sticky":false,"template":"","format":"standard","meta":{"_acf_changed":false,"_monsterinsights_skip_tracking":false,"_monsterinsights_sitenote_active":false,"_monsterinsights_sitenote_note":"","_monsterinsights_sitenote_category":0,"_jetpack_memberships_contains_paid_content":false,"footnotes":"","jetpack_publicize_message":"","jetpack_publicize_feature_enabled":true,"jetpack_social_post_already_shared":true,"jetpack_social_options":{"image_generator_settings":{"template":"highway","default_image_id":0,"font":"","enabled":false},"version":2}},"categories":[5,1,4],"tags":[],"class_list":["post-30774","post","type-post","status-publish","format-standard","has-post-thumbnail","hentry","category-cotidiano","category-noticias","category-local"],"acf":[],"jetpack_publicize_connections":[],"jetpack_featured_media_url":"https:\/\/i0.wp.com\/blogdoeloiltoncajuhy.com.br\/site\/wp-content\/uploads\/2019\/01\/arma-policia-civil-bonfim.jpg?fit=960%2C720&ssl=1","jetpack_sharing_enabled":true,"publishpress_future_workflow_manual_trigger":{"enabledWorkflows":[]},"_links":{"self":[{"href":"https:\/\/blogdoeloiltoncajuhy.com.br\/site\/wp-json\/wp\/v2\/posts\/30774","targetHints":{"allow":["GET"]}}],"collection":[{"href":"https:\/\/blogdoeloiltoncajuhy.com.br\/site\/wp-json\/wp\/v2\/posts"}],"about":[{"href":"https:\/\/blogdoeloiltoncajuhy.com.br\/site\/wp-json\/wp\/v2\/types\/post"}],"author":[{"embeddable":true,"href":"https:\/\/blogdoeloiltoncajuhy.com.br\/site\/wp-json\/wp\/v2\/users\/2"}],"replies":[{"embeddable":true,"href":"https:\/\/blogdoeloiltoncajuhy.com.br\/site\/wp-json\/wp\/v2\/comments?post=30774"}],"version-history":[{"count":1,"href":"https:\/\/blogdoeloiltoncajuhy.com.br\/site\/wp-json\/wp\/v2\/posts\/30774\/revisions"}],"predecessor-version":[{"id":30776,"href":"https:\/\/blogdoeloiltoncajuhy.com.br\/site\/wp-json\/wp\/v2\/posts\/30774\/revisions\/30776"}],"wp:featuredmedia":[{"embeddable":true,"href":"https:\/\/blogdoeloiltoncajuhy.com.br\/site\/wp-json\/wp\/v2\/media\/30775"}],"wp:attachment":[{"href":"https:\/\/blogdoeloiltoncajuhy.com.br\/site\/wp-json\/wp\/v2\/media?parent=30774"}],"wp:term":[{"taxonomy":"category","embeddable":true,"href":"https:\/\/blogdoeloiltoncajuhy.com.br\/site\/wp-json\/wp\/v2\/categories?post=30774"},{"taxonomy":"post_tag","embeddable":true,"href":"https:\/\/blogdoeloiltoncajuhy.com.br\/site\/wp-json\/wp\/v2\/tags?post=30774"}],"curies":[{"name":"wp","href":"https:\/\/api.w.org\/{rel}","templated":true}]}}