{"id":30755,"date":"2019-01-14T21:23:04","date_gmt":"2019-01-15T00:23:04","guid":{"rendered":"http:\/\/blogdoeloiltoncajuhy.com.br\/site\/?p=30755"},"modified":"2019-01-14T21:23:09","modified_gmt":"2019-01-15T00:23:09","slug":"trator-adquirido-pela-prefeitura-de-jaguarari-chega-ao-municipio-e-iniciara-a-recuperacao-das-estradas-em-situacao-mais-critica","status":"publish","type":"post","link":"https:\/\/blogdoeloiltoncajuhy.com.br\/site\/trator-adquirido-pela-prefeitura-de-jaguarari-chega-ao-municipio-e-iniciara-a-recuperacao-das-estradas-em-situacao-mais-critica\/","title":{"rendered":"Trator adquirido pela Prefeitura de Jaguarari chega ao munic\u00edpio e iniciar\u00e1 a recupera\u00e7\u00e3o das estradas em situa\u00e7\u00e3o mais critica"},"content":{"rendered":"\n<div class=\"wp-block-image\"><figure class=\"alignleft is-resized\"><img data-recalc-dims=\"1\" fetchpriority=\"high\" decoding=\"async\" src=\"https:\/\/i0.wp.com\/blogdoeloiltoncajuhy.com.br\/site\/wp-content\/uploads\/2019\/01\/JaguarariTrator_03.jpeg?resize=320%2C220\" alt=\"\" class=\"wp-image-30756\" width=\"320\" height=\"220\" srcset=\"https:\/\/i0.wp.com\/blogdoeloiltoncajuhy.com.br\/site\/wp-content\/uploads\/2019\/01\/JaguarariTrator_03.jpeg?resize=1024%2C703&amp;ssl=1 1024w, https:\/\/i0.wp.com\/blogdoeloiltoncajuhy.com.br\/site\/wp-content\/uploads\/2019\/01\/JaguarariTrator_03.jpeg?resize=300%2C206&amp;ssl=1 300w, https:\/\/i0.wp.com\/blogdoeloiltoncajuhy.com.br\/site\/wp-content\/uploads\/2019\/01\/JaguarariTrator_03.jpeg?resize=768%2C527&amp;ssl=1 768w, https:\/\/i0.wp.com\/blogdoeloiltoncajuhy.com.br\/site\/wp-content\/uploads\/2019\/01\/JaguarariTrator_03.jpeg?resize=250%2C172&amp;ssl=1 250w, https:\/\/i0.wp.com\/blogdoeloiltoncajuhy.com.br\/site\/wp-content\/uploads\/2019\/01\/JaguarariTrator_03.jpeg?w=1280&amp;ssl=1 1280w\" sizes=\"(max-width: 320px) 100vw, 320px\" \/><\/figure><\/div>\n\n\n\n<p>Foi realizado na ultima sexta-feira (11), na Pra\u00e7a Alfredo Viana, o ato de entrega do trator de esteira adquirido pela Prefeitura de Jaguarari junto ao Minist\u00e9rio de Desenvolvimento Agr\u00e1rio \u2013 MDA. O trator e seus implementos foram entregues ao prefeito Everton Rocha, \u00e0 Secretaria de Agricultura, Luciana Souza, e aos vereadores Louri da Barrinha e Regis do Joel.<\/p>\n\n\n\n<p>O equipamento rec\u00e9m chegado, ser\u00e1 utilizado para atender as comunidades localizadas nas regi\u00f5es serranas, permitindo que a administra\u00e7\u00e3o municipal realize manuten\u00e7\u00e3o das estradas vicinais facilitando o transporte de ve\u00edculos e o escoamento da produ\u00e7\u00e3o agr\u00edcola do munic\u00edpio.<\/p>\n\n\n\n<div class=\"wp-block-image\"><figure class=\"alignright is-resized\"><img data-recalc-dims=\"1\" decoding=\"async\" src=\"https:\/\/i0.wp.com\/blogdoeloiltoncajuhy.com.br\/site\/wp-content\/uploads\/2019\/01\/JaguarariTrator_04.jpeg?resize=320%2C213\" alt=\"\" class=\"wp-image-30757\" width=\"320\" height=\"213\" srcset=\"https:\/\/i0.wp.com\/blogdoeloiltoncajuhy.com.br\/site\/wp-content\/uploads\/2019\/01\/JaguarariTrator_04.jpeg?resize=300%2C200&amp;ssl=1 300w, https:\/\/i0.wp.com\/blogdoeloiltoncajuhy.com.br\/site\/wp-content\/uploads\/2019\/01\/JaguarariTrator_04.jpeg?resize=768%2C512&amp;ssl=1 768w, https:\/\/i0.wp.com\/blogdoeloiltoncajuhy.com.br\/site\/wp-content\/uploads\/2019\/01\/JaguarariTrator_04.jpeg?resize=1024%2C682&amp;ssl=1 1024w, https:\/\/i0.wp.com\/blogdoeloiltoncajuhy.com.br\/site\/wp-content\/uploads\/2019\/01\/JaguarariTrator_04.jpeg?resize=250%2C167&amp;ssl=1 250w, https:\/\/i0.wp.com\/blogdoeloiltoncajuhy.com.br\/site\/wp-content\/uploads\/2019\/01\/JaguarariTrator_04.jpeg?w=1280&amp;ssl=1 1280w\" sizes=\"(max-width: 320px) 100vw, 320px\" \/><\/figure><\/div>\n\n\n\n<p>O trator esteira atender\u00e1 prioritariamente as comunidades de Serra dos Morgados, Sitio Cov\u00e3o, Betes, Catuni da Grota, Olhos D&#8217;\u00c1gua e Genipapo, conhecidas pela produ\u00e7\u00e3o de frutas, bem como pela dificuldade na manuten\u00e7\u00e3o das estradas por se tratar de terrenos rochosos e acidentados. <\/p>\n\n\n\n<p>A disponibilidade deste equipamento poder\u00e1 contribuir tamb\u00e9m para a abertura e manuten\u00e7\u00e3o de aguadas por todo o munic\u00edpio.<\/p>\n\n\n\n<p><strong><em>ASCOM &#8211; Prefeitura de Jaguarari<\/em><\/strong><\/p>\n","protected":false},"excerpt":{"rendered":"<p>Foi realizado na ultima sexta-feira (11), na Pra\u00e7a Alfredo Viana, o ato de entrega do trator de esteira adquirido pela Prefeitura de Jaguarari junto ao Minist\u00e9rio de Desenvolvimento Agr\u00e1rio \u2013 MDA. O trator e seus implementos foram entregues ao prefeito Everton Rocha, \u00e0 Secretaria de Agricultura, Luciana Souza, e aos vereadores Louri da Barrinha e [&hellip;]<\/p>\n","protected":false},"author":2,"featured_media":30757,"comment_status":"open","ping_status":"open","sticky":false,"template":"","format":"standard","meta":{"_acf_changed":false,"_monsterinsights_skip_tracking":false,"_monsterinsights_sitenote_active":false,"_monsterinsights_sitenote_note":"","_monsterinsights_sitenote_category":0,"_jetpack_memberships_contains_paid_content":false,"footnotes":"","jetpack_publicize_message":"","jetpack_publicize_feature_enabled":true,"jetpack_social_post_already_shared":true,"jetpack_social_options":{"image_generator_settings":{"template":"highway","default_image_id":0,"font":"","enabled":false},"version":2}},"categories":[1,3,11],"tags":[],"class_list":["post-30755","post","type-post","status-publish","format-standard","has-post-thumbnail","hentry","category-noticias","category-politica","category-regional"],"acf":[],"jetpack_publicize_connections":[],"jetpack_featured_media_url":"https:\/\/i0.wp.com\/blogdoeloiltoncajuhy.com.br\/site\/wp-content\/uploads\/2019\/01\/JaguarariTrator_04.jpeg?fit=1280%2C853&ssl=1","jetpack_sharing_enabled":true,"publishpress_future_workflow_manual_trigger":{"enabledWorkflows":[]},"_links":{"self":[{"href":"https:\/\/blogdoeloiltoncajuhy.com.br\/site\/wp-json\/wp\/v2\/posts\/30755","targetHints":{"allow":["GET"]}}],"collection":[{"href":"https:\/\/blogdoeloiltoncajuhy.com.br\/site\/wp-json\/wp\/v2\/posts"}],"about":[{"href":"https:\/\/blogdoeloiltoncajuhy.com.br\/site\/wp-json\/wp\/v2\/types\/post"}],"author":[{"embeddable":true,"href":"https:\/\/blogdoeloiltoncajuhy.com.br\/site\/wp-json\/wp\/v2\/users\/2"}],"replies":[{"embeddable":true,"href":"https:\/\/blogdoeloiltoncajuhy.com.br\/site\/wp-json\/wp\/v2\/comments?post=30755"}],"version-history":[{"count":1,"href":"https:\/\/blogdoeloiltoncajuhy.com.br\/site\/wp-json\/wp\/v2\/posts\/30755\/revisions"}],"predecessor-version":[{"id":30758,"href":"https:\/\/blogdoeloiltoncajuhy.com.br\/site\/wp-json\/wp\/v2\/posts\/30755\/revisions\/30758"}],"wp:featuredmedia":[{"embeddable":true,"href":"https:\/\/blogdoeloiltoncajuhy.com.br\/site\/wp-json\/wp\/v2\/media\/30757"}],"wp:attachment":[{"href":"https:\/\/blogdoeloiltoncajuhy.com.br\/site\/wp-json\/wp\/v2\/media?parent=30755"}],"wp:term":[{"taxonomy":"category","embeddable":true,"href":"https:\/\/blogdoeloiltoncajuhy.com.br\/site\/wp-json\/wp\/v2\/categories?post=30755"},{"taxonomy":"post_tag","embeddable":true,"href":"https:\/\/blogdoeloiltoncajuhy.com.br\/site\/wp-json\/wp\/v2\/tags?post=30755"}],"curies":[{"name":"wp","href":"https:\/\/api.w.org\/{rel}","templated":true}]}}