{"id":30745,"date":"2019-01-14T10:01:15","date_gmt":"2019-01-14T13:01:15","guid":{"rendered":"http:\/\/blogdoeloiltoncajuhy.com.br\/site\/?p=30745"},"modified":"2019-01-14T10:01:21","modified_gmt":"2019-01-14T13:01:21","slug":"homem-armado-com-uma-faca-e-preso-apos-ameacar-varias-pessoas-em-filadelfia","status":"publish","type":"post","link":"https:\/\/blogdoeloiltoncajuhy.com.br\/site\/homem-armado-com-uma-faca-e-preso-apos-ameacar-varias-pessoas-em-filadelfia\/","title":{"rendered":"Homem armado com uma faca \u00e9 preso ap\u00f3s amea\u00e7ar v\u00e1rias pessoas em Filad\u00e9lfia"},"content":{"rendered":"\n<div class=\"wp-block-image\"><figure class=\"aligncenter is-resized\"><img data-recalc-dims=\"1\" fetchpriority=\"high\" decoding=\"async\" src=\"https:\/\/i0.wp.com\/blogdoeloiltoncajuhy.com.br\/site\/wp-content\/uploads\/2018\/03\/policia_500x400.jpg?resize=364%2C273\" alt=\"\" class=\"wp-image-24026\" width=\"364\" height=\"273\" srcset=\"https:\/\/i0.wp.com\/blogdoeloiltoncajuhy.com.br\/site\/wp-content\/uploads\/2018\/03\/policia_500x400.jpg?w=259&amp;ssl=1 259w, https:\/\/i0.wp.com\/blogdoeloiltoncajuhy.com.br\/site\/wp-content\/uploads\/2018\/03\/policia_500x400.jpg?resize=250%2C187&amp;ssl=1 250w\" sizes=\"(max-width: 364px) 100vw, 364px\" \/><\/figure><\/div>\n\n\n\n<p>Por voltas das 14h30 desta sexta-feira (11), policiais militares lotados em Filad\u00e9lfia-BA, foram at\u00e9 o bairro Jacar\u00e9, onde um indiv\u00edduo causava transtornos em um estabelecimento comercial, provocando danos ao im\u00f3vel, al\u00e9m de amea\u00e7ar e tentar agredir, com uma faca, v\u00e1rias pessoas. O motivo seria uma tentativa frustrada de reconcilia\u00e7\u00e3o com sua ex-companheira. Acusado e envolvidos foram conduzidos para Delegacia de Pol\u00edcia, onde foram tomadas as medidas cab\u00edveis.<\/p>\n\n\n\n<p><strong><em>BLOG DO ELOILTON CAJUHY &#8211; Com informa\u00e7\u00f5es do 6\u00ba BPM\/Senhor do Bonfim<\/em><\/strong><\/p>\n","protected":false},"excerpt":{"rendered":"<p>Por voltas das 14h30 desta sexta-feira (11), policiais militares lotados em Filad\u00e9lfia-BA, foram at\u00e9 o bairro Jacar\u00e9, onde um indiv\u00edduo causava transtornos em um estabelecimento comercial, provocando danos ao im\u00f3vel, al\u00e9m de amea\u00e7ar e tentar agredir, com uma faca, v\u00e1rias pessoas. O motivo seria uma tentativa frustrada de reconcilia\u00e7\u00e3o com sua ex-companheira. Acusado e envolvidos [&hellip;]<\/p>\n","protected":false},"author":2,"featured_media":0,"comment_status":"open","ping_status":"open","sticky":false,"template":"","format":"standard","meta":{"_acf_changed":false,"_monsterinsights_skip_tracking":false,"_monsterinsights_sitenote_active":false,"_monsterinsights_sitenote_note":"","_monsterinsights_sitenote_category":0,"_jetpack_memberships_contains_paid_content":false,"footnotes":"","jetpack_publicize_message":"","jetpack_publicize_feature_enabled":true,"jetpack_social_post_already_shared":true,"jetpack_social_options":{"image_generator_settings":{"template":"highway","default_image_id":0,"font":"","enabled":false},"version":2}},"categories":[5,1,11],"tags":[],"class_list":["post-30745","post","type-post","status-publish","format-standard","hentry","category-cotidiano","category-noticias","category-regional"],"acf":[],"jetpack_publicize_connections":[],"jetpack_featured_media_url":"","jetpack_sharing_enabled":true,"publishpress_future_workflow_manual_trigger":{"enabledWorkflows":[]},"_links":{"self":[{"href":"https:\/\/blogdoeloiltoncajuhy.com.br\/site\/wp-json\/wp\/v2\/posts\/30745","targetHints":{"allow":["GET"]}}],"collection":[{"href":"https:\/\/blogdoeloiltoncajuhy.com.br\/site\/wp-json\/wp\/v2\/posts"}],"about":[{"href":"https:\/\/blogdoeloiltoncajuhy.com.br\/site\/wp-json\/wp\/v2\/types\/post"}],"author":[{"embeddable":true,"href":"https:\/\/blogdoeloiltoncajuhy.com.br\/site\/wp-json\/wp\/v2\/users\/2"}],"replies":[{"embeddable":true,"href":"https:\/\/blogdoeloiltoncajuhy.com.br\/site\/wp-json\/wp\/v2\/comments?post=30745"}],"version-history":[{"count":1,"href":"https:\/\/blogdoeloiltoncajuhy.com.br\/site\/wp-json\/wp\/v2\/posts\/30745\/revisions"}],"predecessor-version":[{"id":30746,"href":"https:\/\/blogdoeloiltoncajuhy.com.br\/site\/wp-json\/wp\/v2\/posts\/30745\/revisions\/30746"}],"wp:attachment":[{"href":"https:\/\/blogdoeloiltoncajuhy.com.br\/site\/wp-json\/wp\/v2\/media?parent=30745"}],"wp:term":[{"taxonomy":"category","embeddable":true,"href":"https:\/\/blogdoeloiltoncajuhy.com.br\/site\/wp-json\/wp\/v2\/categories?post=30745"},{"taxonomy":"post_tag","embeddable":true,"href":"https:\/\/blogdoeloiltoncajuhy.com.br\/site\/wp-json\/wp\/v2\/tags?post=30745"}],"curies":[{"name":"wp","href":"https:\/\/api.w.org\/{rel}","templated":true}]}}