{"id":30740,"date":"2019-01-13T18:51:02","date_gmt":"2019-01-13T21:51:02","guid":{"rendered":"http:\/\/blogdoeloiltoncajuhy.com.br\/site\/?p=30740"},"modified":"2019-01-13T18:51:08","modified_gmt":"2019-01-13T21:51:08","slug":"programacao-da-novena-do-senhor-do-bonfim-para-esta-segunda-feira-14","status":"publish","type":"post","link":"https:\/\/blogdoeloiltoncajuhy.com.br\/site\/programacao-da-novena-do-senhor-do-bonfim-para-esta-segunda-feira-14\/","title":{"rendered":"Programa\u00e7\u00e3o da novena do Senhor do Bonfim para esta segunda-feira (14)"},"content":{"rendered":"\n<div class=\"wp-block-image\"><figure class=\"aligncenter is-resized\"><img data-recalc-dims=\"1\" fetchpriority=\"high\" decoding=\"async\" src=\"https:\/\/i0.wp.com\/blogdoeloiltoncajuhy.com.br\/site\/wp-content\/uploads\/2019\/01\/10.01.5.jpg?resize=360%2C480\" alt=\"\" class=\"wp-image-30741\" width=\"360\" height=\"480\" srcset=\"https:\/\/i0.wp.com\/blogdoeloiltoncajuhy.com.br\/site\/wp-content\/uploads\/2019\/01\/10.01.5.jpg?w=480&amp;ssl=1 480w, https:\/\/i0.wp.com\/blogdoeloiltoncajuhy.com.br\/site\/wp-content\/uploads\/2019\/01\/10.01.5.jpg?resize=225%2C300&amp;ssl=1 225w, https:\/\/i0.wp.com\/blogdoeloiltoncajuhy.com.br\/site\/wp-content\/uploads\/2019\/01\/10.01.5.jpg?resize=188%2C250&amp;ssl=1 188w\" sizes=\"(max-width: 360px) 100vw, 360px\" \/><figcaption><em>Foto: Pascom de Bonfim<\/em><\/figcaption><\/figure><\/div>\n\n\n\n<p>A Par\u00f3quia do Senhor do Bonfim realiza nesta segunda-feira (14), o s\u00e9timo noven\u00e1rio preparat\u00f3rio para a grande festa do padroeiro de nossa cidade. Todas as noites ap\u00f3s a novena, tem quermesse e show musical em frente \u00e0 Catedral Diocesana. Nesta segunda quem se apresenta \u00e9 o cantor e compositor bonfinense Jota Carlos.<\/p>\n\n\n\n<p>A Festa deste ano, traz o tema:&nbsp;<strong>\u201cSenhor do Bonfim, fonte de todas as virtudes\u201d.<\/strong><\/p>\n\n\n\n<p>A novena desta segunda, ter\u00e1 o tema <em>&#8220;A virtude da Justi\u00e7a&#8221;,<\/em> e ter\u00e1 como pregador o Padre Francisco Alexandre Nunes de Oliveira, da Par\u00f3quia de Santo Antonio, de Jacobina.\u00a0<strong>Confira a programa\u00e7\u00e3o:<\/strong><\/p>\n\n\n\n<div class=\"wp-block-image\"><figure class=\"aligncenter\"><img data-recalc-dims=\"1\" decoding=\"async\" width=\"443\" height=\"172\" src=\"https:\/\/i0.wp.com\/blogdoeloiltoncajuhy.com.br\/site\/wp-content\/uploads\/2019\/01\/FestaSenhorBonfim2019_segunda.jpg?resize=443%2C172\" alt=\"\" class=\"wp-image-30742\" srcset=\"https:\/\/i0.wp.com\/blogdoeloiltoncajuhy.com.br\/site\/wp-content\/uploads\/2019\/01\/FestaSenhorBonfim2019_segunda.jpg?w=443&amp;ssl=1 443w, https:\/\/i0.wp.com\/blogdoeloiltoncajuhy.com.br\/site\/wp-content\/uploads\/2019\/01\/FestaSenhorBonfim2019_segunda.jpg?resize=300%2C116&amp;ssl=1 300w, https:\/\/i0.wp.com\/blogdoeloiltoncajuhy.com.br\/site\/wp-content\/uploads\/2019\/01\/FestaSenhorBonfim2019_segunda.jpg?resize=250%2C97&amp;ssl=1 250w\" sizes=\"(max-width: 443px) 100vw, 443px\" \/><\/figure><\/div>\n\n\n\n<p>No dia 17 de janeiro, Festa do Senhor do Bonfim, feriado municipal, haver\u00e1 missa e prociss\u00e3o. Em seguida, o sorteio da campanha Show de Pr\u00eamios, cuja renda ser\u00e1 destinada \u00e0 reforma da Catedral.<\/p>\n\n\n\n<div class=\"wp-block-image\"><figure class=\"aligncenter is-resized\"><img data-recalc-dims=\"1\" decoding=\"async\" src=\"https:\/\/i0.wp.com\/blogdoeloiltoncajuhy.com.br\/site\/wp-content\/uploads\/2019\/01\/espa%C3%A7o-2.jpg?resize=425%2C319\" alt=\"\" class=\"wp-image-30743\" width=\"425\" height=\"319\" srcset=\"https:\/\/i0.wp.com\/blogdoeloiltoncajuhy.com.br\/site\/wp-content\/uploads\/2019\/01\/espa%C3%A7o-2.jpg?w=320&amp;ssl=1 320w, https:\/\/i0.wp.com\/blogdoeloiltoncajuhy.com.br\/site\/wp-content\/uploads\/2019\/01\/espa%C3%A7o-2.jpg?resize=300%2C225&amp;ssl=1 300w, https:\/\/i0.wp.com\/blogdoeloiltoncajuhy.com.br\/site\/wp-content\/uploads\/2019\/01\/espa%C3%A7o-2.jpg?resize=250%2C188&amp;ssl=1 250w\" sizes=\"(max-width: 425px) 100vw, 425px\" \/><figcaption><em>Foto: Pascom de Bonfim<\/em><\/figcaption><\/figure><\/div>\n\n\n\n<p><strong><em>BLOG DO ELOILTON CAJUHY<\/em><\/strong><\/p>\n","protected":false},"excerpt":{"rendered":"<p>A Par\u00f3quia do Senhor do Bonfim realiza nesta segunda-feira (14), o s\u00e9timo noven\u00e1rio preparat\u00f3rio para a grande festa do padroeiro de nossa cidade. Todas as noites ap\u00f3s a novena, tem quermesse e show musical em frente \u00e0 Catedral Diocesana. Nesta segunda quem se apresenta \u00e9 o cantor e compositor bonfinense Jota Carlos. A Festa deste [&hellip;]<\/p>\n","protected":false},"author":2,"featured_media":30743,"comment_status":"open","ping_status":"open","sticky":false,"template":"","format":"standard","meta":{"_acf_changed":false,"_monsterinsights_skip_tracking":false,"_monsterinsights_sitenote_active":false,"_monsterinsights_sitenote_note":"","_monsterinsights_sitenote_category":0,"_jetpack_memberships_contains_paid_content":false,"footnotes":"","jetpack_publicize_message":"","jetpack_publicize_feature_enabled":true,"jetpack_social_post_already_shared":true,"jetpack_social_options":{"image_generator_settings":{"template":"highway","default_image_id":0,"font":"","enabled":false},"version":2}},"categories":[1,4],"tags":[],"class_list":["post-30740","post","type-post","status-publish","format-standard","has-post-thumbnail","hentry","category-noticias","category-local"],"acf":[],"jetpack_publicize_connections":[],"jetpack_featured_media_url":"https:\/\/i0.wp.com\/blogdoeloiltoncajuhy.com.br\/site\/wp-content\/uploads\/2019\/01\/espa%C3%A7o-2.jpg?fit=320%2C240&ssl=1","jetpack_sharing_enabled":true,"publishpress_future_workflow_manual_trigger":{"enabledWorkflows":[]},"_links":{"self":[{"href":"https:\/\/blogdoeloiltoncajuhy.com.br\/site\/wp-json\/wp\/v2\/posts\/30740","targetHints":{"allow":["GET"]}}],"collection":[{"href":"https:\/\/blogdoeloiltoncajuhy.com.br\/site\/wp-json\/wp\/v2\/posts"}],"about":[{"href":"https:\/\/blogdoeloiltoncajuhy.com.br\/site\/wp-json\/wp\/v2\/types\/post"}],"author":[{"embeddable":true,"href":"https:\/\/blogdoeloiltoncajuhy.com.br\/site\/wp-json\/wp\/v2\/users\/2"}],"replies":[{"embeddable":true,"href":"https:\/\/blogdoeloiltoncajuhy.com.br\/site\/wp-json\/wp\/v2\/comments?post=30740"}],"version-history":[{"count":1,"href":"https:\/\/blogdoeloiltoncajuhy.com.br\/site\/wp-json\/wp\/v2\/posts\/30740\/revisions"}],"predecessor-version":[{"id":30744,"href":"https:\/\/blogdoeloiltoncajuhy.com.br\/site\/wp-json\/wp\/v2\/posts\/30740\/revisions\/30744"}],"wp:featuredmedia":[{"embeddable":true,"href":"https:\/\/blogdoeloiltoncajuhy.com.br\/site\/wp-json\/wp\/v2\/media\/30743"}],"wp:attachment":[{"href":"https:\/\/blogdoeloiltoncajuhy.com.br\/site\/wp-json\/wp\/v2\/media?parent=30740"}],"wp:term":[{"taxonomy":"category","embeddable":true,"href":"https:\/\/blogdoeloiltoncajuhy.com.br\/site\/wp-json\/wp\/v2\/categories?post=30740"},{"taxonomy":"post_tag","embeddable":true,"href":"https:\/\/blogdoeloiltoncajuhy.com.br\/site\/wp-json\/wp\/v2\/tags?post=30740"}],"curies":[{"name":"wp","href":"https:\/\/api.w.org\/{rel}","templated":true}]}}