{"id":30691,"date":"2019-01-11T17:34:25","date_gmt":"2019-01-11T20:34:25","guid":{"rendered":"http:\/\/blogdoeloiltoncajuhy.com.br\/site\/?p=30691"},"modified":"2019-01-11T17:34:31","modified_gmt":"2019-01-11T20:34:31","slug":"programacao-da-novena-do-senhor-do-bonfim-para-este-sabado-12","status":"publish","type":"post","link":"https:\/\/blogdoeloiltoncajuhy.com.br\/site\/programacao-da-novena-do-senhor-do-bonfim-para-este-sabado-12\/","title":{"rendered":"Programa\u00e7\u00e3o da novena do Senhor do Bonfim para este s\u00e1bado (12)"},"content":{"rendered":"\n<div class=\"wp-block-image\"><figure class=\"aligncenter is-resized\"><img data-recalc-dims=\"1\" fetchpriority=\"high\" decoding=\"async\" src=\"https:\/\/i0.wp.com\/blogdoeloiltoncajuhy.com.br\/site\/wp-content\/uploads\/2019\/01\/FestaSenhorBonfim2019_01.jpg?resize=320%2C450\" alt=\"\" class=\"wp-image-30442\" width=\"320\" height=\"450\" srcset=\"https:\/\/i0.wp.com\/blogdoeloiltoncajuhy.com.br\/site\/wp-content\/uploads\/2019\/01\/FestaSenhorBonfim2019_01.jpg?w=426&amp;ssl=1 426w, https:\/\/i0.wp.com\/blogdoeloiltoncajuhy.com.br\/site\/wp-content\/uploads\/2019\/01\/FestaSenhorBonfim2019_01.jpg?resize=213%2C300&amp;ssl=1 213w, https:\/\/i0.wp.com\/blogdoeloiltoncajuhy.com.br\/site\/wp-content\/uploads\/2019\/01\/FestaSenhorBonfim2019_01.jpg?resize=178%2C250&amp;ssl=1 178w\" sizes=\"(max-width: 320px) 100vw, 320px\" \/><\/figure><\/div>\n\n\n\n<p>A Par\u00f3quia do Senhor do Bonfim realiza neste s\u00e1bado (12), o quinto noven\u00e1rio preparat\u00f3rio para a grande festa do padroeiro de nossa cidade. Todas as noites ap\u00f3s a novena, tem quermesse e show musical em frente \u00e0 Catedral Diocesana. Neste s\u00e1bado, quem se apresenta \u00e9 o cantor Tony Silva.<\/p>\n\n\n\n<p>A Festa deste ano, traz o tema:&nbsp;<strong>\u201cSenhor do Bonfim, fonte de todas as virtudes\u201d.<\/strong><\/p>\n\n\n\n<p>A novena deste s\u00e1bado ter\u00e1 o tema:\u00a0<em>\u201cA virtude da prud\u00eancia\u201d<\/em>.\u00a0<strong>Confira a programa\u00e7\u00e3o:<\/strong><\/p>\n\n\n\n<div class=\"wp-block-image\"><figure class=\"aligncenter is-resized\"><img data-recalc-dims=\"1\" decoding=\"async\" src=\"https:\/\/i0.wp.com\/blogdoeloiltoncajuhy.com.br\/site\/wp-content\/uploads\/2019\/01\/FSB_Sabado_12Jan2019.png?resize=606%2C204\" alt=\"\" class=\"wp-image-30692\" width=\"606\" height=\"204\" srcset=\"https:\/\/i0.wp.com\/blogdoeloiltoncajuhy.com.br\/site\/wp-content\/uploads\/2019\/01\/FSB_Sabado_12Jan2019.png?w=547&amp;ssl=1 547w, https:\/\/i0.wp.com\/blogdoeloiltoncajuhy.com.br\/site\/wp-content\/uploads\/2019\/01\/FSB_Sabado_12Jan2019.png?resize=300%2C101&amp;ssl=1 300w, https:\/\/i0.wp.com\/blogdoeloiltoncajuhy.com.br\/site\/wp-content\/uploads\/2019\/01\/FSB_Sabado_12Jan2019.png?resize=250%2C84&amp;ssl=1 250w\" sizes=\"(max-width: 606px) 100vw, 606px\" \/><\/figure><\/div>\n\n\n\n<p>No dia 17 de janeiro, Festa do Senhor do Bonfim, feriado municipal, haver\u00e1 missa e prociss\u00e3o. Em seguida, o sorteio da campanha Show de Pr\u00eamios, cuja renda ser\u00e1 destinada \u00e0 reforma da Catedral.<\/p>\n\n\n\n<p><strong>BLOG DO ELOILTON CAJUHY<\/strong><\/p>\n","protected":false},"excerpt":{"rendered":"<p>A Par\u00f3quia do Senhor do Bonfim realiza neste s\u00e1bado (12), o quinto noven\u00e1rio preparat\u00f3rio para a grande festa do padroeiro de nossa cidade. Todas as noites ap\u00f3s a novena, tem quermesse e show musical em frente \u00e0 Catedral Diocesana. Neste s\u00e1bado, quem se apresenta \u00e9 o cantor Tony Silva. A Festa deste ano, traz o [&hellip;]<\/p>\n","protected":false},"author":2,"featured_media":30692,"comment_status":"open","ping_status":"open","sticky":false,"template":"","format":"standard","meta":{"_acf_changed":false,"_monsterinsights_skip_tracking":false,"_monsterinsights_sitenote_active":false,"_monsterinsights_sitenote_note":"","_monsterinsights_sitenote_category":0,"_jetpack_memberships_contains_paid_content":false,"footnotes":"","jetpack_publicize_message":"","jetpack_publicize_feature_enabled":true,"jetpack_social_post_already_shared":true,"jetpack_social_options":{"image_generator_settings":{"template":"highway","default_image_id":0,"font":"","enabled":false},"version":2}},"categories":[1,4],"tags":[],"class_list":["post-30691","post","type-post","status-publish","format-standard","has-post-thumbnail","hentry","category-noticias","category-local"],"acf":[],"jetpack_publicize_connections":[],"jetpack_featured_media_url":"https:\/\/i0.wp.com\/blogdoeloiltoncajuhy.com.br\/site\/wp-content\/uploads\/2019\/01\/FSB_Sabado_12Jan2019.png?fit=547%2C184&ssl=1","jetpack_sharing_enabled":true,"publishpress_future_workflow_manual_trigger":{"enabledWorkflows":[]},"_links":{"self":[{"href":"https:\/\/blogdoeloiltoncajuhy.com.br\/site\/wp-json\/wp\/v2\/posts\/30691","targetHints":{"allow":["GET"]}}],"collection":[{"href":"https:\/\/blogdoeloiltoncajuhy.com.br\/site\/wp-json\/wp\/v2\/posts"}],"about":[{"href":"https:\/\/blogdoeloiltoncajuhy.com.br\/site\/wp-json\/wp\/v2\/types\/post"}],"author":[{"embeddable":true,"href":"https:\/\/blogdoeloiltoncajuhy.com.br\/site\/wp-json\/wp\/v2\/users\/2"}],"replies":[{"embeddable":true,"href":"https:\/\/blogdoeloiltoncajuhy.com.br\/site\/wp-json\/wp\/v2\/comments?post=30691"}],"version-history":[{"count":1,"href":"https:\/\/blogdoeloiltoncajuhy.com.br\/site\/wp-json\/wp\/v2\/posts\/30691\/revisions"}],"predecessor-version":[{"id":30693,"href":"https:\/\/blogdoeloiltoncajuhy.com.br\/site\/wp-json\/wp\/v2\/posts\/30691\/revisions\/30693"}],"wp:featuredmedia":[{"embeddable":true,"href":"https:\/\/blogdoeloiltoncajuhy.com.br\/site\/wp-json\/wp\/v2\/media\/30692"}],"wp:attachment":[{"href":"https:\/\/blogdoeloiltoncajuhy.com.br\/site\/wp-json\/wp\/v2\/media?parent=30691"}],"wp:term":[{"taxonomy":"category","embeddable":true,"href":"https:\/\/blogdoeloiltoncajuhy.com.br\/site\/wp-json\/wp\/v2\/categories?post=30691"},{"taxonomy":"post_tag","embeddable":true,"href":"https:\/\/blogdoeloiltoncajuhy.com.br\/site\/wp-json\/wp\/v2\/tags?post=30691"}],"curies":[{"name":"wp","href":"https:\/\/api.w.org\/{rel}","templated":true}]}}